{"id":415098,"date":"2025-09-24T23:17:17","date_gmt":"2025-09-24T23:17:17","guid":{"rendered":"https:\/\/www.europesays.com\/fr\/415098\/"},"modified":"2025-09-24T23:17:17","modified_gmt":"2025-09-24T23:17:17","slug":"saint-etienne-miss-excellence-loire-forez-onze-candidates-en-lice","status":"publish","type":"post","link":"https:\/\/www.europesays.com\/fr\/415098\/","title":{"rendered":"Saint-\u00c9tienne. Miss Excellence Loire-Forez\u00a0: onze candidates en lice"},"content":{"rendered":"<p>Qui succ\u00e9dera \u00e0 Emie Cizeron, Miss Excellence Loire-Forez 2024\u00a0? Samedi, \u00e0 l\u2019Espace La Verri\u00e8re de Saint-\u00c9tienne, elles seront onze \u00e0 postuler pour h\u00e9riter du titre conquis par la jeune fille originaire de La Tour-en-Jarez \u00e0 l\u2019automne dernier.<\/p>\n<p>  \u00ab\u00a0Besoin de rien, envie de toi\u00a0\u00bb<\/p>\n<p>La candidate qui remportera cette seizi\u00e8me \u00e9dition sera directement qualifi\u00e9e pour la finale nationale organis\u00e9e \u00e0 Soultzmatt (Alsace), le 18\u00a0avril. La Lig\u00e9rienne Christiane Lillio, pr\u00e9sidente de Miss Excellence France et Magali Romeyer, vice-pr\u00e9sidente du comit\u00e9 Loire-Forez, seront aux commandes de cette soir\u00e9e.<\/p>\n<p>Celle-ci se d\u00e9roulera en pr\u00e9sence de Chahinez A\u00eft-Dadda\u00a0Alla (Miss Excellence France 2025) et de quatre autres miss guests \u00a0: Jade Grewey-Kuster (premi\u00e8re dauphine de Miss Excellence France 2025), Lou Anne Perrissoud, Amandine Grappe (finalistes de Miss Excellence France 2025) et Emie Cizeron.<\/p>\n<p>Au programme\u00a0: d\u00e9fil\u00e9 des candidates en tenue de ville, en maillot de bain et en robe de mari\u00e9e. \u00c0 ce jour, depuis que ce concours existe (2011), seule l\u2019Appelouse Garance Ravel a r\u00e9ussi \u00e0 ramener la couronne nationale dans la Loire (en 2022).<\/p>\n<p>L\u2019\u00e9lection Miss Excellence Loire-Forez 2025 sera \u00e9galement musicale avec la participation de Sloane. La co-interpr\u00e8te (avec Peter) de Besoin de rien, envie de toi (premier num\u00e9ro\u00a01 du Top 50) conna\u00eet bien la r\u00e9gion<a href=\"https:\/\/www.leprogres.fr\/haute-loire\/2012\/09\/09\/sloane-a-trouve-son-havre-de-paix-dans-la-cite-des-cinq-coqs\" target=\"_blank\" rel=\"noopener\"> apr\u00e8s avoir v\u00e9cu deux ann\u00e9es \u00e0 Yssingeaux<\/a>. L\u2019artiste Bob Music animera \u00e9galement la soir\u00e9e.<\/p>\n<p class=\"note\">\u00c9lection de Miss Excellence Loire-Forez, samedi 27\u00a0septembre, \u00e0 20 heures, \u00e0 l\u2019Espace La\u00a0Verri\u00e8re de Saint-\u00c9tienne. Tarif\u00a0: 15\u00a0euros. R\u00e9servations sur helloasso.com. Renseignements \u00e0 missexcellence42@gmail.com ou au 06.15.11.66.29.<\/p>\n","protected":false},"excerpt":{"rendered":"Qui succ\u00e9dera \u00e0 Emie Cizeron, Miss Excellence Loire-Forez 2024\u00a0? Samedi, \u00e0 l\u2019Espace La Verri\u00e8re de Saint-\u00c9tienne, elles seront&hellip;\n","protected":false},"author":2,"featured_media":415099,"comment_status":"","ping_status":"","sticky":false,"template":"","format":"standard","meta":{"footnotes":""},"categories":[9653],"tags":[1111,11,2430,1687,7539,1777,674,3326,1011,27,4002,3367,12,25,4001,7538],"class_list":{"0":"post-415098","1":"post","2":"type-post","3":"status-publish","4":"format-standard","5":"has-post-thumbnail","7":"category-saint-etienne","8":"tag-actu","9":"tag-actualites","10":"tag-auvergne-rhone-alpes","11":"tag-culture-loisirs","12":"tag-edition-loire-sud","13":"tag-eu","14":"tag-europe","15":"tag-fete-locale","16":"tag-fr","17":"tag-france","18":"tag-haute-loire","19":"tag-loire","20":"tag-news","21":"tag-republique-francaise","22":"tag-saint-etienne","23":"tag-saint-etienne-ville"},"share_on_mastodon":{"url":"https:\/\/pubeurope.com\/@fr\/115261829966585184","error":""},"_links":{"self":[{"href":"https:\/\/www.europesays.com\/fr\/wp-json\/wp\/v2\/posts\/415098","targetHints":{"allow":["GET"]}}],"collection":[{"href":"https:\/\/www.europesays.com\/fr\/wp-json\/wp\/v2\/posts"}],"about":[{"href":"https:\/\/www.europesays.com\/fr\/wp-json\/wp\/v2\/types\/post"}],"author":[{"embeddable":true,"href":"https:\/\/www.europesays.com\/fr\/wp-json\/wp\/v2\/users\/2"}],"replies":[{"embeddable":true,"href":"https:\/\/www.europesays.com\/fr\/wp-json\/wp\/v2\/comments?post=415098"}],"version-history":[{"count":0,"href":"https:\/\/www.europesays.com\/fr\/wp-json\/wp\/v2\/posts\/415098\/revisions"}],"wp:featuredmedia":[{"embeddable":true,"href":"https:\/\/www.europesays.com\/fr\/wp-json\/wp\/v2\/media\/415099"}],"wp:attachment":[{"href":"https:\/\/www.europesays.com\/fr\/wp-json\/wp\/v2\/media?parent=415098"}],"wp:term":[{"taxonomy":"category","embeddable":true,"href":"https:\/\/www.europesays.com\/fr\/wp-json\/wp\/v2\/categories?post=415098"},{"taxonomy":"post_tag","embeddable":true,"href":"https:\/\/www.europesays.com\/fr\/wp-json\/wp\/v2\/tags?post=415098"}],"curies":[{"name":"wp","href":"https:\/\/api.w.org\/{rel}","templated":true}]}}