{"id":415119,"date":"2025-09-24T23:28:28","date_gmt":"2025-09-24T23:28:28","guid":{"rendered":"https:\/\/www.europesays.com\/fr\/415119\/"},"modified":"2025-09-24T23:28:28","modified_gmt":"2025-09-24T23:28:28","slug":"en-civil-cest-plus-efficace","status":"publish","type":"post","link":"https:\/\/www.europesays.com\/fr\/415119\/","title":{"rendered":"En civil, c&rsquo;est plus efficace"},"content":{"rendered":"<p>            Par<br \/>\n        <strong><br \/>\n            <a href=\"https:\/\/actu.fr\/auteur\/lisa-rodrigues\" title=\"Consulter tous les articles de Lisa Rodrigues\" target=\"_blank\" rel=\"noopener\">Lisa Rodrigues<\/a><br \/>\n        <\/strong><\/p>\n<p>        Publi\u00e9 le<\/p>\n<p>            24 sept. 2025 \u00e0 17h52        <\/p>\n<p>Il est un peu plus de 17 heures en cette fin du mois de septembre \u00e0 l\u2019arr\u00eat de tram \u00ab\u00a0Gustave-Rivert\u00a0\u00bb \u00e0 <a href=\"https:\/\/actu.fr\/grenoble\/\" target=\"_blank\" rel=\"noopener\">Grenoble<\/a>. Accompagn\u00e9s par quelques policiers, pr\u00e8s d\u2019une vingtaine de contr\u00f4leurs sont sur le quai, \u00e0 contr\u00f4ler chaque personne descendant des rames de la ligne C. En \u00e0 peine une demi-heure, plusieurs amendes sont donn\u00e9es.<br \/>Selon M\u2019Tag, gestionnaire des transports en commun de Grenoble, le taux de fraudeurs sur le r\u00e9seau est de <strong>10,2%<\/strong> en 2024, contre 13,2% en 2022. \u00ab\u00a0Notre objectif cette ann\u00e9e est d\u2019atteindre 9% ou moins\u00a0\u00bb, pr\u00e9cise Micha\u00ebl Guthmuller, directeur g\u00e9n\u00e9ral de M\u2019Tag.<\/p>\n<p>\u00ab\u00a0Une lutte de longue haleine\u00a0\u00bb<\/p>\n<p class=\" wall-content\">Tenant du record de la ligne la plus fraud\u00e9e : le <strong>bus C2<\/strong> (qui relie Grenoble \u00e0 Claix) avec 15,7% de fraudes. C\u00f4t\u00e9 tram, c\u2019est la <strong>ligne A<\/strong> qui est la plus touch\u00e9e par le ph\u00e9nom\u00e8ne avec 13,1% de cas. M\u00eame si ces chiffres sont en baisse depuis deux ans, \u00ab\u00a0c\u2019est une lutte de longue haleine\u00a0\u00bb, reconna\u00eet Micha\u00ebl Guthmuller.<\/p>\n<p class=\" wall-content\">Une lutte qui fait tout de m\u00eame <strong>perdre entre 4 et 5 millions d\u2019euros<\/strong> par an \u00e0 M\u2019Tag. \u00ab\u00a0De quoi payer une belle rame de tram !\u00a0\u00bb<\/p>\n<p class=\" wall-content\">Le gestionnaire des transports grenoblois a ainsi relanc\u00e9 une vaste <a href=\"https:\/\/actu.fr\/auvergne-rhone-alpes\/grenoble_38185\/grenoble-la-campagne-contre-la-fraude-dans-les-bus-et-trams-choque_60157645.html\" target=\"_blank\" rel=\"noopener\">op\u00e9ration de communication<\/a> pour inciter les usagers \u00e0 se mettre en r\u00e8gle quand ils empruntent les transports. La validation avec sa CB, des offres limit\u00e9es d\u2019abonnement \u00e0 prix r\u00e9duits ou le recrutement de personnels mixtes ACIP (agent de contr\u00f4le, d\u2019information et de pr\u00e9vention) et conducteur participent \u00e9galement \u00e0 la campagne de lutte contre la fraude sur le r\u00e9seau.<\/p>\n<p>Montant des amendes \u00e0 Grenoble<\/p>\n<p>L&rsquo;amende encourue par les fraudeurs sur le r\u00e9seau grenoblois est de 60 euros. Si vous ne pouvez pas payer imm\u00e9diatement, elle passe \u00e0 85 euros pendant les 10 jours suivants, puis \u00e0 110 euros. Au-del\u00e0 de trois mois, le tribunal est saisi et l&rsquo;amende passe \u00e0 180 euros.<br \/>Pour les fraudeurs multiples qui ne paient pas, M&rsquo;Tag peut d\u00e9poser plainte. Les usagers risquent alors jusqu&rsquo;\u00e0 6 mois de prison et 7 500 euros d&rsquo;amende.<br \/>\u00c0 savoir que M&rsquo;Tag peut annuler l&rsquo;amende de fraudeurs occasionnels en \u00e9change de la souscription d&rsquo;un abonnement annuel. Pour les abonn\u00e9s qui ont oubli\u00e9 de valider, l&rsquo;amende est de 5 euros.<\/p>\n<p>Des incivilit\u00e9s en baisse, mais toujours pr\u00e9sentes<\/p>\n<p class=\" wall-content\">Parmi les ACIP sur le quai de l\u2019arr\u00eat \u00ab\u00a0Gustave-Rivet\u00a0\u00bb, il y a Khaled. Embauch\u00e9 en 2002 \u00e0 la Semitag (ex-M\u2019Tag) en tant qu\u2019agent de pr\u00e9vention, il a \u00e9t\u00e9 conducteur de tram et bus avant d\u2019\u00eatre contr\u00f4leur.<\/p>\n<p>    <a href=\"https:\/\/www.google.com\/maps\/embed?pb=!1m18!1m12!1m3!1d2812.233108812448!2d5.725514476135216!3d45.182377271070735!2m3!1f0!2f0!3f0!3m2!1i1024!2i768!4f13.1!3m3!1m2!1s0x478af492508365d7%3A0xb75c4d10e2340d7!2sGustave%20Rivet!5e0!3m2!1sfr!2sfr!4v1758722488728!5m2!1sfr!2sfr\" title=\"Ouvrie le lien\" target=\"_blank\" rel=\"noopener\">Cliquez ici pour visualiser le contenu<\/a><\/p>\n<p>Votre r\u00e9gion, votre actu !<\/p>\n<p>Recevez chaque jour les infos qui comptent pour vous.<\/p>\n<p>\t<a href=\"https:\/\/actu.fr\/newsletter\" class=\"ac-btn ac-btn--corner ac-btn--medium ac-btn--blue800\" target=\"_blank\" rel=\"noopener\">S&rsquo;incrire<\/a><\/p>\n<p class=\" wall-content\">Le contr\u00f4le n\u2019\u00e9tant pas toujours tr\u00e8s appr\u00e9ci\u00e9 par les usagers, les contr\u00f4leurs se retrouvent parfois face \u00e0 des <a href=\"https:\/\/actu.fr\/auvergne-rhone-alpes\/saint-martin-d-heres_38421\/grenoble-agression-dans-le-tramway-a-neyrpic-un-agent-attaque-pour-un-simple-controle_62154153.html\" target=\"_blank\" rel=\"noopener\">situations violentes<\/a>. \u00ab\u00a0On est form\u00e9 pour anticiper toutes les probl\u00e9matiques\u00a0\u00bb, assure Khaled, qui n\u2019a connu un \u00e9change particuli\u00e8rement tendu qu\u2019une seule fois dans sa carri\u00e8re. \u00ab\u00a0Le client, il est miroir de ce qu\u2019on est : si on arrive \u00e0 apaiser la situation, il n\u2019y a pas de soucis.\u00a0\u00bb<\/p>\n<p>    <img   decoding=\"async\" loading=\"lazy\" src=\"https:\/\/www.europesays.com\/fr\/wp-content\/uploads\/2025\/09\/controle-tram-grenoble-960x640.jpeg\" alt=\"Le taux de fraude est en baisse depuis deux ans sur le r\u00e9seau de transport grenoblois, mais reste \u00e9lev\u00e9. MTag lance une nouvelle campagne de communication et d'op\u00e9rations de contr\u00f4le sur ses lignes pour sensibiliser les usagers sur le sujet.\" width=\"960\" height=\"640\"\/><br \/>\n    Les usagers ne prennent pas toujours bien les contr\u00f4les en descente de tram ou de bus. \u00ab\u00a0On est form\u00e9 pour anticiper toutes les probl\u00e9matiques\u00a0\u00bb, assure Khaled, l\u2019un des contr\u00f4leurs MTag \u00e0 Grenoble. (\u00a9Lisa Rodrigues \/ actu Grenoble)<\/p>\n<p class=\" wall-content\">Il parle aussi des <strong>incivilit\u00e9s<\/strong> constat\u00e9es dans les transports : cigarettes, vapoteuses, pieds sur les si\u00e8ges ou nuisances sonores avec les t\u00e9l\u00e9phones. M\u00eame si selon Khaled, elles ont diminu\u00e9. \u00ab\u00a0Je suis positif, mais r\u00e9aliste : des incivilit\u00e9s, il. y en a, mais ce n\u2019est pas tous les jours.\u00a0\u00bb<\/p>\n<blockquote class=\"ac-article-quote wall-content\">\n<p>Quand j&rsquo;ai int\u00e9gr\u00e9 la Semitag, j&rsquo;avais 18 ans. J&rsquo;avais un peu peur. Ce qui m&rsquo;avait marqu\u00e9, c&rsquo;est qu&rsquo;il n&rsquo;y avait aucune personne \u00e2g\u00e9e qui prenait les transports en commun le soir. Aujourd&rsquo;hui, on voit des papys, des mamies, des femmes seules, des enfants un peu plus jeunes. C&rsquo;est s\u00e9curisant, contrairement \u00e0 tout ce qu&rsquo;on entend sur Grenoble !<\/p>\n<p>    <strong>Khaled<\/strong><br \/>\n        Contr\u00f4leur chez MTag    <\/p><\/blockquote>\n<p>Des contr\u00f4les en civil qui font leurs preuves<\/p>\n<p class=\" wall-content\">Si Khaled fait des contr\u00f4les en uniforme, il fait aussi partie des volontaires \u00e0 avoir fait des <strong>contr\u00f4les en civil<\/strong>. \u00ab\u00a0C\u2019est plaisant ! En civil, on contr\u00f4le moins, mais c\u2019est plus efficace.\u00a0\u00bb<\/p>\n<p class=\" wall-content\">\u00ab\u00a0Les agents s\u2019installent dans les bus et observent les clients pour s\u2019orienter vers ceux qui n\u2019ont pas valid\u00e9 leur titre de transport\u00a0\u00bb en pr\u00e9sentant sa carte professionnelle pour proc\u00e9der \u00e0 la verbalisation, explique Ludovic Pierrot, responsable du service contr\u00f4le pr\u00e9vention \u00e0 <a href=\"https:\/\/actu.fr\/tag\/transport-de-lagglomeration-grenobloise-tag\" target=\"_blank\" rel=\"noopener\">MTag<\/a>. Pour le moment, ces contr\u00f4les en civil sont mis en place uniquement sur des bus p\u00e9riph\u00e9riques. \u00c0 terme, ils pourraient \u00eatre \u00e9tendus \u00e0 d\u2019autres lignes, aux c\u00f4t\u00e9s des op\u00e9rations de contr\u00f4le plus traditionnelles.<\/p>\n<p class=\" wall-content\">La pratique \u00e0 son lancement avait pourtant attir\u00e9 les inqui\u00e9tudes des usagers. \u00ab\u00a0Dans les retours qu\u2019on a, les agents en civil ont un contact plus apais\u00e9, car c\u2019est plus discret, il n\u2019y a pas l\u2019uniforme\u00a0\u00bb, assure le responsable.\u00a0<\/p>\n<p>\u00ab\u00a0On voit quand il y a des personnes qui sont en difficult\u00e9\u00a0\u00bb<\/p>\n<p class=\" wall-content\">Pourtant, Khaled ne voit pas son m\u00e9tier comme uniquement r\u00e9pressif. \u00ab\u00a0On est aussi l\u00e0 pour faire de la pr\u00e9vention et de l\u2019information.\u00a0\u00bb Parfois, dans des cas pr\u00e9cis, lui ou ses coll\u00e8gues vont fermer les yeux, tout en encourageant \u00e0 se mettre en r\u00e8gle.<\/p>\n<p class=\" wall-content\">\u00ab\u00a0J\u2019ai contr\u00f4l\u00e9 une fois un papa. Il \u00e9tait avec sa fille et m\u2019a tout de suite pr\u00e9sent\u00e9 sa CB. Je voyais bien qu\u2019il avait du mal avec ses fins de mois : je lui ai dit qu\u2019il profite des 60 euros avec sa fille.\u00a0\u00bb Une autre fois, c\u2019est un \u00e9tudiant qui reconna\u00eet frauder tout le temps, mais accepte de payer l\u2019amende. En discutant, Khaled lui parle des formules tarifaires pour les jeunes. \u00ab\u00a0Je l\u2019ai contr\u00f4l\u00e9 quelque temps plus tard : il avait pris un abonnement !\u00a0\u00bb\u00a0\u00a0<\/p>\n<p class=\" wall-content\">Des petits gestes qui ne sont toutefois pas syst\u00e9matiques. \u00ab\u00a0On voit quand il y a des personnes qui sont en difficult\u00e9, mais il y a \u00e9galit\u00e9 et \u00e9quit\u00e9 de traitement, rappelle Khaled. Si une personne en grande difficult\u00e9 a fait l\u2019effort de payer son ticket, celui d\u2019\u00e0 c\u00f4t\u00e9 <a href=\"https:\/\/actu.fr\/auvergne-rhone-alpes\/grenoble_38185\/grenoble-oublier-de-valider-son-ticket-de-tram-et-de-bus-va-vous-couter-cher_57889094.html\" target=\"_blank\" rel=\"noopener\">qui n\u2019 a pas valid\u00e9<\/a> ou qui a volontairement fraud\u00e9, on dit non.\u00a0\u00bb<\/p>\n<p class=\" wall-content\">En 2024, les quelque 60 ACIP ont dress\u00e9<strong> 67 000 contraventions<\/strong> en un an, soit 21% de plus qu\u2019en 2022.\u00a0<\/p>\n<p class=\" wall-content\">Personnalisez votre actualit\u00e9 en ajoutant vos villes et m\u00e9dias en favori avec <a href=\"https:\/\/moncompte.actu.fr\" title=\"D\u00e9couvez Mon Actu\" rel=\"nofollow noopener\" data-trk=\"{&quot;cta&quot;:{&quot;action&quot;:&quot;https:\\\/\\\/moncompte.actu.fr&quot;,&quot;category&quot;:&quot;mon compte&quot;,&quot;from&quot;:&quot;article footer&quot;,&quot;name&quot;:&quot;Mon actu&quot;,&quot;type&quot;:&quot;cta&quot;}}\" target=\"_blank\">Mon Actu<\/a>.<\/p>\n","protected":false},"excerpt":{"rendered":"Par Lisa Rodrigues Publi\u00e9 le 24 sept. 2025 \u00e0 17h52 Il est un peu plus de 17 heures&hellip;\n","protected":false},"author":2,"featured_media":415120,"comment_status":"","ping_status":"","sticky":false,"template":"","format":"standard","meta":{"footnotes":""},"categories":[9566],"tags":[1111,11,2430,1777,674,1011,27,1006,2731,12,25,104,8194],"class_list":{"0":"post-415119","1":"post","2":"type-post","3":"status-publish","4":"format-standard","5":"has-post-thumbnail","7":"category-grenoble","8":"tag-actu","9":"tag-actualites","10":"tag-auvergne-rhone-alpes","11":"tag-eu","12":"tag-europe","13":"tag-fr","14":"tag-france","15":"tag-fraude","16":"tag-grenoble","17":"tag-news","18":"tag-republique-francaise","19":"tag-societe","20":"tag-transport-de-lagglomeration-grenobloise-tag"},"share_on_mastodon":{"url":"https:\/\/pubeurope.com\/@fr\/115261872813807924","error":""},"_links":{"self":[{"href":"https:\/\/www.europesays.com\/fr\/wp-json\/wp\/v2\/posts\/415119","targetHints":{"allow":["GET"]}}],"collection":[{"href":"https:\/\/www.europesays.com\/fr\/wp-json\/wp\/v2\/posts"}],"about":[{"href":"https:\/\/www.europesays.com\/fr\/wp-json\/wp\/v2\/types\/post"}],"author":[{"embeddable":true,"href":"https:\/\/www.europesays.com\/fr\/wp-json\/wp\/v2\/users\/2"}],"replies":[{"embeddable":true,"href":"https:\/\/www.europesays.com\/fr\/wp-json\/wp\/v2\/comments?post=415119"}],"version-history":[{"count":0,"href":"https:\/\/www.europesays.com\/fr\/wp-json\/wp\/v2\/posts\/415119\/revisions"}],"wp:featuredmedia":[{"embeddable":true,"href":"https:\/\/www.europesays.com\/fr\/wp-json\/wp\/v2\/media\/415120"}],"wp:attachment":[{"href":"https:\/\/www.europesays.com\/fr\/wp-json\/wp\/v2\/media?parent=415119"}],"wp:term":[{"taxonomy":"category","embeddable":true,"href":"https:\/\/www.europesays.com\/fr\/wp-json\/wp\/v2\/categories?post=415119"},{"taxonomy":"post_tag","embeddable":true,"href":"https:\/\/www.europesays.com\/fr\/wp-json\/wp\/v2\/tags?post=415119"}],"curies":[{"name":"wp","href":"https:\/\/api.w.org\/{rel}","templated":true}]}}