{"id":415123,"date":"2025-09-24T23:31:23","date_gmt":"2025-09-24T23:31:23","guid":{"rendered":"https:\/\/www.europesays.com\/fr\/415123\/"},"modified":"2025-09-24T23:31:23","modified_gmt":"2025-09-24T23:31:23","slug":"en-2026-la-maison-kammerzell-va-se-refaire-une-beaute","status":"publish","type":"post","link":"https:\/\/www.europesays.com\/fr\/415123\/","title":{"rendered":"en 2026, la Maison Kammerzell va se refaire une beaut\u00e9"},"content":{"rendered":"<p>    <img loading=\"lazy\" width=\"1800\" height=\"900\" src=\"https:\/\/www.europesays.com\/fr\/wp-content\/uploads\/2025\/08\/jeanne-callthepolice.jpg\" class=\"attachment-full size-full\" alt=\"\" id=\"imageLove\" decoding=\"async\"  \/><\/p>\n<p id=\"breadcrumbs\"><a href=\"https:\/\/pokaa.fr\/\" target=\"_blank\" rel=\"noopener\">Accueil<\/a> \/ <a href=\"https:\/\/pokaa.fr\/categories\/actu\/\" target=\"_blank\" rel=\"noopener\">Info locale<\/a> \/ Strasbourg en travaux : en 2026, la Maison Kammerzell va se refaire une beaut\u00e9<\/p>\n<p>                    Info locale<\/p>\n<p><b>Actuellement en proie \u00e0 plusieurs probl\u00e8mes sur les panneaux de sa fa\u00e7ade ext\u00e9rieure ou sur des d\u00e9cors int\u00e9rieurs, la Maison Kammerzell va bient\u00f4t entrer dans une phase de travaux. Un chantier en deux parties qui d\u00e9butera en 2026, et qui va devoir s\u2019organiser autour des p\u00e9riodes de fortes fr\u00e9quentations du lieu, mais aussi de la zone alentour.<\/b><\/p>\n<p class=\"p3\">Lorsque l\u2019on parle de Strasbourg \u00e0 l\u2019international, difficile de passer outre la notori\u00e9t\u00e9 de la Maison Kammerzell, \u00e9difi\u00e9e en 1427 [gardant encore ses murs de pierre d\u2019origine au rez-de-chauss\u00e9e, ndlr].<strong> A<\/strong><b>vec ses trois \u00e9tages \u00e0 pans de bois ornement\u00e9s construits en 1467 puis en 1589, ainsi que ses 75 fen\u00eatres aux vitraux en cul-de-bouteille<\/b>, le lieu tr\u00f4ne au pied de la cath\u00e9drale, fier de son histoire.<\/p>\n<p>                <a href=\"https:\/\/pokaa.fr\/2022\/11\/07\/interview-monumentale-la-maison-kammerzell-nous-raconte-son-histoire\/\" target=\"_blank\" rel=\"noopener\"><br \/>\n                    <img width=\"450\" height=\"270\" src=\"https:\/\/www.europesays.com\/fr\/wp-content\/uploads\/2025\/09\/img-7032-450x270.jpg\" class=\"attachment-card-horizontal--same-subject size-card-horizontal--same-subject wp-post-image\" alt=\"Maison Kammerzell\" decoding=\"async\" loading=\"lazy\"\/>                <\/a><\/p>\n<p>Depuis plusieurs ann\u00e9es n\u00e9anmoins, <a href=\"https:\/\/pokaa.fr\/2024\/12\/25\/gastronomie-alsacienne-lhistoire-de-la-controversee-choucroute-aux-3-poissons\/\" target=\"_blank\" rel=\"noopener\">le b\u00e2timent qui a popularis\u00e9 la choucroute aux 3 poissons depuis 1987, parfois contre vents contraires<\/a>, fait actuellement face \u00e0 l\u2019\u00e9preuve du temps. <strong>Que ce soit sur ses fa\u00e7ades ext\u00e9rieures ou pour les d\u00e9cors int\u00e9rieurs, il y a grand besoin de prendre soin du lieu<\/strong>. Et cela tombe bien, des travaux sont pr\u00e9vus en 2026 par l\u2019\u0152uvre Notre-Dame, propri\u00e9taire des lieux.<\/p>\n<p>    <img width=\"800\" height=\"600\" src=\"https:\/\/www.europesays.com\/fr\/wp-content\/uploads\/2025\/09\/img-1472-grande-800x600.jpeg\" class=\"attachment-image-size-L size-image-size-L\" alt=\"maison kammerzell\" decoding=\"async\" loading=\"lazy\"  \/>         \u00a9 Nicolas Kaspar \/ Pokaa <\/p>\n<p>Des d\u00e9g\u00e2ts subits \u00e0 l\u2019int\u00e9rieur comme \u00e0 l\u2019ext\u00e9rieur<\/p>\n<p class=\"p3\">Les premi\u00e8res marques de l\u2019\u00e9preuve du temps sur la Maison Kammerzell sont bien visibles : <b>il y a par exemple des filets de protection pour s\u00e9curiser des zones pr\u00e9sentant des risques potentiels de chute<\/b>. Ils sont l\u00e0 depuis 2022, lorsqu\u2019un panneau d\u2019enduit s\u2019\u00e9tait alors d\u00e9tach\u00e9. Une inspection des fa\u00e7ades avait alors \u00e9t\u00e9 r\u00e9alis\u00e9e, \u00e0 l\u2019aide d\u2019une nacelle selon l\u2019Oeuvre Notre-Dame, contact\u00e9e par courriel.<\/p>\n<p class=\"p3\">Au 1er et au 2e \u00e9tage, <b>les d\u00e9cors peints au tout d\u00e9but du 20e si\u00e8cle par le Strasbourgeois L\u00e9o Schnug pr\u00e9sentent \u00e9galement diff\u00e9rents d\u00e9g\u00e2ts<\/b>. Selon l\u2019\u0152uvre Notre-Dame, la liste est cons\u00e9quente : boursouflures, fissures, craquelures, d\u00e9collements, pertes de mati\u00e8re, \u00e9caillages et efflorescences.<\/p>\n<p>                <img width=\"375\" height=\"500\" src=\"https:\/\/www.europesays.com\/fr\/wp-content\/uploads\/2025\/09\/img-1475-grande-375x500.jpeg\" class=\"attachment-gallery size-gallery\" alt=\"maison kammerzell\" data-full-url=\"https:\/\/pokaa.fr\/wp-content\/uploads\/2025\/09\/24\/img-1475-grande.jpeg\" decoding=\"async\" loading=\"lazy\"  \/>            <\/p>\n<p>                <img width=\"375\" height=\"500\" src=\"https:\/\/www.europesays.com\/fr\/wp-content\/uploads\/2025\/09\/img-1467-grande-375x500.jpeg\" class=\"attachment-gallery size-gallery\" alt=\"maison kammerzell\" data-full-url=\"https:\/\/pokaa.fr\/wp-content\/uploads\/2025\/09\/24\/img-1467-grande.jpeg\" decoding=\"async\" loading=\"lazy\"  \/>            <\/p>\n<p>                <img width=\"667\" height=\"500\" src=\"https:\/\/www.europesays.com\/fr\/wp-content\/uploads\/2025\/09\/img-1469-grande-667x500.jpeg\" class=\"attachment-gallery size-gallery\" alt=\"maison kammerzell cath\u00e9drale\" data-full-url=\"https:\/\/pokaa.fr\/wp-content\/uploads\/2025\/09\/24\/img-1469-grande.jpeg\" decoding=\"async\" loading=\"lazy\"  \/>            <\/p>\n<p>                    \u00a9 Nicolas Kaspar \/ Pokaa<\/p>\n<p class=\"p3\">Des mesures ont d\u00e9j\u00e0 \u00e9t\u00e9 mises en oeuvre, avant le lancement des travaux.<b> \u00c0 l\u2019ext\u00e9rieur, les panneaux de fa\u00e7ade ont \u00e9t\u00e9 s\u00e9curis\u00e9s, tandis que les d\u00e9cors et fresques concern\u00e9s ont \u00e9t\u00e9 expertis\u00e9s par un laboratoire et l\u2019atelier de conservation de la Fondation de l\u2019\u0152uvre Notre-Dame<\/b>.<\/p>\n<p class=\"p3\"><b>L\u2019expertise a r\u00e9alis\u00e9 des relev\u00e9s thermiques et hygrom\u00e9triques qui ont permis de comprendre comment la chaleur, l\u2019humidit\u00e9 et les mat\u00e9riaux interagissent \u00e0 l\u2019int\u00e9rieur du b\u00e2timent<\/b>. Elle a \u00e9galement inspect\u00e9 les toitures et les goutti\u00e8res, tandis qu\u2019elle a mis en place un protocole de suivi ainsi qu\u2019une s\u00e9rie de pr\u00e9conisations en conservation pr\u00e9ventive et curative, \u00e0 valider avec la DRAC (Direction r\u00e9gionale des affaires culturelles)<\/p>\n<p>                <img width=\"375\" height=\"500\" src=\"https:\/\/www.europesays.com\/fr\/wp-content\/uploads\/2025\/09\/img-6974-375x500.jpg\" class=\"attachment-gallery size-gallery\" alt=\"Supplice de Tantale par L\u00e9o Schnug\" data-full-url=\"https:\/\/pokaa.fr\/wp-content\/uploads\/2022\/11\/img-6974-1500x2000.jpg\" decoding=\"async\" loading=\"lazy\"  \/>            <\/p>\n<p>                <img width=\"667\" height=\"500\" src=\"https:\/\/www.europesays.com\/fr\/wp-content\/uploads\/2025\/09\/img-6975-667x500.jpg\" class=\"attachment-gallery size-gallery\" alt=\"Dernier repas d\u2019un condamn\u00e9\" data-full-url=\"https:\/\/pokaa.fr\/wp-content\/uploads\/2022\/11\/img-6975-1500x1125.jpg\" decoding=\"async\" loading=\"lazy\"  \/>            <\/p>\n<p>                    \u00a9 J\u00e9r\u00e9my Martin \/ Pokaa<\/p>\n<p>Quel calendrier des travaux et quelles cons\u00e9quences pour la Maison Kammerzell ?<\/p>\n<p class=\"p3\">Il reste d\u00e9sormais \u00e0 lancer ce qui sera, \u00e0 n\u2019en pas douter, un chantier cons\u00e9quent. <b>Si aucun calendrier d\u00e9taill\u00e9 n\u2019est pour l\u2019instant pr\u00e9vu, l\u2019\u0152uvre Notre-Dame d\u00e9voile tout de m\u00eame que les travaux d\u00e9buteront en 2026<\/b>. Le chantier devra composer avec les difficult\u00e9s de localisation du b\u00e2timent, situ\u00e9 dans une zone tr\u00e8s fr\u00e9quent\u00e9e, que ce soit l\u2019\u00e9t\u00e9 ou surtout pendant le march\u00e9 de No\u00ebl.<\/p>\n<p class=\"p3\">Concernant l\u2019activit\u00e9 du restaurant, si la question devra \u00eatre discut\u00e9e avec Luc Zingle, directeur de la Maison Kammerzell, <b>l\u2019\u0152uvre Notre-Dame annonce qu\u2019il est \u00ab probable que certaines salles devront partiellement \u00eatre ferm\u00e9es pendant la dur\u00e9e des travaux \u00bb.<\/b> Enfin, le budget n\u2019est pas encore d\u00e9fini. <\/p>\n<p class=\"p3\">En 2026, l\u2019embl\u00e9matique Maison Kammerzell va donc conna\u00eetre une sacr\u00e9e cure de jouvence.<\/p>\n<p>                <img width=\"667\" height=\"500\" src=\"https:\/\/www.europesays.com\/fr\/wp-content\/uploads\/2025\/09\/img-1468-grande-667x500.jpeg\" class=\"attachment-gallery size-gallery\" alt=\"maison kammerzell cath\u00e9drale\" data-full-url=\"https:\/\/pokaa.fr\/wp-content\/uploads\/2025\/09\/24\/img-1468-grande.jpeg\" decoding=\"async\" loading=\"lazy\"  \/>            <\/p>\n<p>                <img width=\"667\" height=\"500\" src=\"https:\/\/www.europesays.com\/fr\/wp-content\/uploads\/2025\/09\/img-1470-grande-667x500.jpeg\" class=\"attachment-gallery size-gallery\" alt=\"maison kammerzell\" data-full-url=\"https:\/\/pokaa.fr\/wp-content\/uploads\/2025\/09\/24\/img-1470-grande.jpeg\" decoding=\"async\" loading=\"lazy\"  \/>            <\/p>\n<p>                <img width=\"667\" height=\"500\" src=\"https:\/\/www.europesays.com\/fr\/wp-content\/uploads\/2025\/09\/img-1474-grande-667x500.jpeg\" class=\"attachment-gallery size-gallery\" alt=\"maison kammerzell\" data-full-url=\"https:\/\/pokaa.fr\/wp-content\/uploads\/2025\/09\/24\/img-1474-grande.jpeg\" decoding=\"async\" loading=\"lazy\"  \/>            <\/p>\n<p>                    \u00a9 Nicolas Kaspar \/ Pokaa<\/p>\n","protected":false},"excerpt":{"rendered":"Accueil \/ Info locale \/ Strasbourg en travaux : en 2026, la Maison Kammerzell va se refaire une&hellip;\n","protected":false},"author":2,"featured_media":415124,"comment_status":"","ping_status":"","sticky":false,"template":"","format":"standard","meta":{"footnotes":""},"categories":[2820],"tags":[1111,11,11898,4107,1777,674,1011,27,775,37903,12,25,640],"class_list":{"0":"post-415123","1":"post","2":"type-post","3":"status-publish","4":"format-standard","5":"has-post-thumbnail","7":"category-strasbourg","8":"tag-actu","9":"tag-actualites","10":"tag-centre-ville","11":"tag-chantier","12":"tag-eu","13":"tag-europe","14":"tag-fr","15":"tag-france","16":"tag-grand-est","17":"tag-maison-kammerzell","18":"tag-news","19":"tag-republique-francaise","20":"tag-strasbourg"},"share_on_mastodon":{"url":"https:\/\/pubeurope.com\/@fr\/115261885491452263","error":""},"_links":{"self":[{"href":"https:\/\/www.europesays.com\/fr\/wp-json\/wp\/v2\/posts\/415123","targetHints":{"allow":["GET"]}}],"collection":[{"href":"https:\/\/www.europesays.com\/fr\/wp-json\/wp\/v2\/posts"}],"about":[{"href":"https:\/\/www.europesays.com\/fr\/wp-json\/wp\/v2\/types\/post"}],"author":[{"embeddable":true,"href":"https:\/\/www.europesays.com\/fr\/wp-json\/wp\/v2\/users\/2"}],"replies":[{"embeddable":true,"href":"https:\/\/www.europesays.com\/fr\/wp-json\/wp\/v2\/comments?post=415123"}],"version-history":[{"count":0,"href":"https:\/\/www.europesays.com\/fr\/wp-json\/wp\/v2\/posts\/415123\/revisions"}],"wp:featuredmedia":[{"embeddable":true,"href":"https:\/\/www.europesays.com\/fr\/wp-json\/wp\/v2\/media\/415124"}],"wp:attachment":[{"href":"https:\/\/www.europesays.com\/fr\/wp-json\/wp\/v2\/media?parent=415123"}],"wp:term":[{"taxonomy":"category","embeddable":true,"href":"https:\/\/www.europesays.com\/fr\/wp-json\/wp\/v2\/categories?post=415123"},{"taxonomy":"post_tag","embeddable":true,"href":"https:\/\/www.europesays.com\/fr\/wp-json\/wp\/v2\/tags?post=415123"}],"curies":[{"name":"wp","href":"https:\/\/api.w.org\/{rel}","templated":true}]}}