{"id":415125,"date":"2025-09-24T23:32:10","date_gmt":"2025-09-24T23:32:10","guid":{"rendered":"https:\/\/www.europesays.com\/fr\/415125\/"},"modified":"2025-09-24T23:32:10","modified_gmt":"2025-09-24T23:32:10","slug":"strasbourg-dans-la-tempete-avant-daccueillir-lom","status":"publish","type":"post","link":"https:\/\/www.europesays.com\/fr\/415125\/","title":{"rendered":"Strasbourg dans la temp\u00eate avant d\u2019accueillir l\u2019OM"},"content":{"rendered":"\n<p>Que se passe-t-il \u00e0 Strasbourg\u00a0? Adversaire de l\u2019OM, ce vendredi (20h45), le Racing joue bien au football depuis le d\u00e9but de la saison, mais fait parler de lui en dehors des terrains. Le 4e\u00a0de Ligue 1, ex \u00e6quo avec le leader mon\u00e9gasque, se retrouve embourb\u00e9 dans des probl\u00e8mes internes, entre les ultras, la pr\u00e9sidence et le propri\u00e9taire.<\/p>\n<p>En cause, l\u2019omnipr\u00e9sence de BlueCo, \u00e9galement actionnaire principal de Chelsea, qui a tout chamboul\u00e9 en Alsace ces 24 derniers mois. Arriv\u00e9 d\u2019un nouveau coach \u00e0 l\u2019\u00e9t\u00e9\u00a02024, 15\u00a0recrues lors du mercato estival\u00a02025 et une unit\u00e9 qui s\u2019effiloche petit \u00e0 petit. Une situation qui crispe les ultras. Les tensions sont mont\u00e9es d\u2019un cran lorsque le capitaine, Emmanuel Emegha, a pos\u00e9 avec le maillot de Chelsea, club qu\u2019il rejoindra la saison prochaine. Le joueur et Marc Keller, pr\u00e9sident historique du RCSA, ont \u00e9t\u00e9 cibl\u00e9s par des banderoles, lors du dernier match \u00e0 domicile.<\/p>\n<p>L\u2019initiative des Ultras est mal pass\u00e9e au sommet de la direction, au point de voir appara\u00eetre des mesures pouvant \u00eatre interpr\u00e9t\u00e9es comme liberticides\u00a0: acc\u00e8s restreint aux locaux du club, tifos contr\u00f4l\u00e9s en amont, retour des billets nominatifs&#8230; Les Ultras Boys 90, principal groupe de supporters, ont r\u00e9agi dans un communiqu\u00e9. Ils proposent une r\u00e9union priv\u00e9e pour s\u2019expliquer\u00a0: \u00ab\u00a0Nous restons ouverts au dialogue, mais nous ne pouvons accepter que 14\u00a0ann\u00e9es d\u2019engagement soient balay\u00e9es sans explication ni concertation. Nous remercions toutes celles et ceux qui ont d\u00e9fendu notre droit \u00e0 la libre expression.\u00a0\u00bb<\/p>\n<p> La fin de l\u2019union sacr\u00e9e\n              <\/p>\n<p>Nicolas Kssis-Martov est journaliste pour So Foot et se trouve \u00eatre un enfant du quartier de la Meinau. L\u00e0 o\u00f9 il allait \u00e0 l\u2019\u00e9cole avant de rejoindre la r\u00e9gion parisienne. Observateur du Racing, il \u00e9claire sur cette osmose qui est en train de dispara\u00eetre. \u00ab\u00a0Il y avait une unit\u00e9 autour du club. Plus qu\u2019une identit\u00e9, l\u2019union sacr\u00e9e \u00e9tait importante dans la ville et elle est en train de voler en \u00e9clats. On dit parfois qu\u2019\u00e0 Strasbourg, il y a la cath\u00e9drale et la Meinau comme monuments.\u00a0\u00bb<\/p>\n<p>La fracture se fait \u00e9galement au sein m\u00eame des supporters. Ultras et fans hors virage s\u2019\u00e9charpent sur les r\u00e9seaux sociaux ou bien directement dans le stade. \u00ab\u00a0Les ultras ont la vision d\u2019un club qui a failli dispara\u00eetre et qui veut conserver des valeurs. D\u2019autres supporters, arriv\u00e9s plus r\u00e9cemment, r\u00eavent d\u2019Europe, voient l\u2019\u00e9quipe bien jouer et sont satisfaits de \u00e7a. Ils pensent que les ultras trahissent le club et ils les sifflent m\u00eame lors des matches\u00a0\u00bb, rapporte Nicolas Kssis-Martov, sans vouloir taper sur une partie ou l\u2019autre.<\/p>\n<p>L\u2019auteur du livre Qatar, le Mondial de la honte, \u00e9tablit \u00e9galement un lien entre l\u2019OM et le club strasbourgeois\u00a0: \u00ab\u00a0Je trouve que ces deux clubs occupent une place singuli\u00e8re dans leur ville et ce qu\u2019ils d\u00e9gagent pour leurs fans.\u00a0\u00bb Apr\u00e8s leurs interventions en tribunes contre Le\u00a0Havre, les ultras alsaciens pourraient r\u00e9cidiver contre Marseille, dans un match avec une port\u00e9e plus grande. Pour continuer de montrer leur combat et alerter sur les m\u00e9faits de la multipropri\u00e9t\u00e9 dans le football.<\/p>\n","protected":false},"excerpt":{"rendered":"Que se passe-t-il \u00e0 Strasbourg\u00a0? Adversaire de l\u2019OM, ce vendredi (20h45), le Racing joue bien au football depuis&hellip;\n","protected":false},"author":2,"featured_media":415126,"comment_status":"","ping_status":"","sticky":false,"template":"","format":"standard","meta":{"footnotes":""},"categories":[2820],"tags":[1111,11,1777,674,1011,27,775,12,45406,25,640],"class_list":{"0":"post-415125","1":"post","2":"type-post","3":"status-publish","4":"format-standard","5":"has-post-thumbnail","7":"category-strasbourg","8":"tag-actu","9":"tag-actualites","10":"tag-eu","11":"tag-europe","12":"tag-fr","13":"tag-france","14":"tag-grand-est","15":"tag-news","16":"tag-pierre-gorce","17":"tag-republique-francaise","18":"tag-strasbourg"},"share_on_mastodon":{"url":"https:\/\/pubeurope.com\/@fr\/115261888492384105","error":""},"_links":{"self":[{"href":"https:\/\/www.europesays.com\/fr\/wp-json\/wp\/v2\/posts\/415125","targetHints":{"allow":["GET"]}}],"collection":[{"href":"https:\/\/www.europesays.com\/fr\/wp-json\/wp\/v2\/posts"}],"about":[{"href":"https:\/\/www.europesays.com\/fr\/wp-json\/wp\/v2\/types\/post"}],"author":[{"embeddable":true,"href":"https:\/\/www.europesays.com\/fr\/wp-json\/wp\/v2\/users\/2"}],"replies":[{"embeddable":true,"href":"https:\/\/www.europesays.com\/fr\/wp-json\/wp\/v2\/comments?post=415125"}],"version-history":[{"count":0,"href":"https:\/\/www.europesays.com\/fr\/wp-json\/wp\/v2\/posts\/415125\/revisions"}],"wp:featuredmedia":[{"embeddable":true,"href":"https:\/\/www.europesays.com\/fr\/wp-json\/wp\/v2\/media\/415126"}],"wp:attachment":[{"href":"https:\/\/www.europesays.com\/fr\/wp-json\/wp\/v2\/media?parent=415125"}],"wp:term":[{"taxonomy":"category","embeddable":true,"href":"https:\/\/www.europesays.com\/fr\/wp-json\/wp\/v2\/categories?post=415125"},{"taxonomy":"post_tag","embeddable":true,"href":"https:\/\/www.europesays.com\/fr\/wp-json\/wp\/v2\/tags?post=415125"}],"curies":[{"name":"wp","href":"https:\/\/api.w.org\/{rel}","templated":true}]}}