{"id":415153,"date":"2025-09-24T23:47:25","date_gmt":"2025-09-24T23:47:25","guid":{"rendered":"https:\/\/www.europesays.com\/fr\/415153\/"},"modified":"2025-09-24T23:47:25","modified_gmt":"2025-09-24T23:47:25","slug":"nouvelle-journee-de-mobilisation-a-lyon-quelles-actions-prevues-ce-jeudi","status":"publish","type":"post","link":"https:\/\/www.europesays.com\/fr\/415153\/","title":{"rendered":"Nouvelle journ\u00e9e de mobilisation \u00e0 Lyon : quelles actions pr\u00e9vues ce jeudi ?"},"content":{"rendered":"<p>Jeudi 25 septembre, une nouvelle journ\u00e9e de mobilisation est pr\u00e9vue \u00e0 Lyon, dans la lign\u00e9e des 10 et 18 septembre et du mouvement \u00ab\u00a0Bloquons tout\u00a0\u00bb.<\/p>\n<p>Troisi\u00e8me semaine de mobilisation et nouvelle journ\u00e9e d&rsquo;actions <b>\u00e0 Lyon<\/b>. Jeudi 25 septembre, les \u00e9tudiants, les soignants ou la CGT appellent \u00e0 la manifestation pour maintenir la pression sur le gouvernement.<\/p>\n<p>Dans le m\u00eame temps, les n\u00e9gociations entre le Premier ministre S\u00e9bastien Lecornu et l&rsquo;intersyndicale ont \u00e9chou\u00e9 ce mercredi 24 septembre.<\/p>\n<p>Plusieurs rassemblements \u00e0 Lyon ce jeudi<\/p>\n<p>&#8211; \u00e0 l&rsquo;appel de l&rsquo;Interfac de Lyon, <b>un rassemblement des \u00e9tudiants doit avoir lieu place Jean Mac\u00e9 \u00e0 11h<\/b>. Plusieurs syndicats appellent \u00e0 la mobilisation \u00ab\u00a0partout dans les facs et les lyc\u00e9es\u00a0\u00bb ;<\/p>\n<p>&#8211; deux mobilisations dans le secteur de la sant\u00e9 sont au programme \u00e0 Lyon : d&rsquo;abord <b>\u00e0 10h devant l&rsquo;h\u00f4pital de la Croix-Rousse<\/b>, puis <b>\u00e0 14h30 devant l&rsquo;entr\u00e9e de l&rsquo;h\u00f4pital Lyon-Sud<\/b> \u00e0 Oullins-Pierre-B\u00e9nite<\/p>\n<p>Nouvelle journ\u00e9e de gr\u00e8ves et de manifestations le 2 octobre ?<\/p>\n<p>Ce mercredi, les syndicats nationaux ont appel\u00e9 \u00e0 la mobilisation pour la journ\u00e9e du mercredi 2 octobre partout en France.<\/p>\n<p>La r\u00e9union avec le Premier ministre n&rsquo;a pas d\u00e9bouch\u00e9 sur un accord. Sans avoir obtenu de \u00ab\u00a0r\u00e9ponse claire\u00a0\u00bb, l&rsquo;intersyndicale appelle donc \u00e0 la gr\u00e8ve et \u00e0 la manifestation le 2 octobre.<\/p>\n<p><img loading=\"lazy\" decoding=\"async\" src=\"https:\/\/www.europesays.com\/fr\/wp-content\/uploads\/2025\/09\/1758757645_424_img\" width=\"350\" height=\"200\" border=\"0\" title=\"L'immeuble qui menace de s'effondrer \u00c3\u00a0 Villeurbanne\"\/><\/p>\n<p>\u25baFaits divers<\/p>\n<p style=\"font-size: 22px;\"><b>VID\u00c9O &#8211; Villeurbanne : un immeuble menace de s&rsquo;effondrer, les habitants \u00e9vacu\u00e9s<\/b><\/p>\n<p>Un immeuble, situ\u00e9 au 124 cours Tolsto\u00ef \u00e0 Villeurbanne,&#8230;<\/p>\n<p><\/p>\n","protected":false},"excerpt":{"rendered":"Jeudi 25 septembre, une nouvelle journ\u00e9e de mobilisation est pr\u00e9vue \u00e0 Lyon, dans la lign\u00e9e des 10 et&hellip;\n","protected":false},"author":2,"featured_media":415154,"comment_status":"","ping_status":"","sticky":false,"template":"","format":"standard","meta":{"footnotes":""},"categories":[1889],"tags":[7620,1111,11,2430,47212,1777,674,1011,27,2428,2088,10234,12,25,3427],"class_list":{"0":"post-415153","1":"post","2":"type-post","3":"status-publish","4":"format-standard","5":"has-post-thumbnail","7":"category-lyon","8":"tag-tudiants","9":"tag-actu","10":"tag-actualites","11":"tag-auvergne-rhone-alpes","12":"tag-bloquons-tout","13":"tag-eu","14":"tag-europe","15":"tag-fr","16":"tag-france","17":"tag-lyon","18":"tag-manifestation","19":"tag-mobilisation","20":"tag-news","21":"tag-republique-francaise","22":"tag-syndicats"},"share_on_mastodon":{"url":"https:\/\/pubeurope.com\/@fr\/115261947893981410","error":""},"_links":{"self":[{"href":"https:\/\/www.europesays.com\/fr\/wp-json\/wp\/v2\/posts\/415153","targetHints":{"allow":["GET"]}}],"collection":[{"href":"https:\/\/www.europesays.com\/fr\/wp-json\/wp\/v2\/posts"}],"about":[{"href":"https:\/\/www.europesays.com\/fr\/wp-json\/wp\/v2\/types\/post"}],"author":[{"embeddable":true,"href":"https:\/\/www.europesays.com\/fr\/wp-json\/wp\/v2\/users\/2"}],"replies":[{"embeddable":true,"href":"https:\/\/www.europesays.com\/fr\/wp-json\/wp\/v2\/comments?post=415153"}],"version-history":[{"count":0,"href":"https:\/\/www.europesays.com\/fr\/wp-json\/wp\/v2\/posts\/415153\/revisions"}],"wp:featuredmedia":[{"embeddable":true,"href":"https:\/\/www.europesays.com\/fr\/wp-json\/wp\/v2\/media\/415154"}],"wp:attachment":[{"href":"https:\/\/www.europesays.com\/fr\/wp-json\/wp\/v2\/media?parent=415153"}],"wp:term":[{"taxonomy":"category","embeddable":true,"href":"https:\/\/www.europesays.com\/fr\/wp-json\/wp\/v2\/categories?post=415153"},{"taxonomy":"post_tag","embeddable":true,"href":"https:\/\/www.europesays.com\/fr\/wp-json\/wp\/v2\/tags?post=415153"}],"curies":[{"name":"wp","href":"https:\/\/api.w.org\/{rel}","templated":true}]}}