{"id":415215,"date":"2025-09-25T00:23:12","date_gmt":"2025-09-25T00:23:12","guid":{"rendered":"https:\/\/www.europesays.com\/fr\/415215\/"},"modified":"2025-09-25T00:23:12","modified_gmt":"2025-09-25T00:23:12","slug":"il-serait-pour-nous-inacceptable-daugmenter-les-impots","status":"publish","type":"post","link":"https:\/\/www.europesays.com\/fr\/415215\/","title":{"rendered":"\u00abIl serait pour nous inacceptable d\u2019augmenter les imp\u00f4ts\u00bb"},"content":{"rendered":"<p><strong>ENTRETIEN &#8211;<\/strong> Alors que les n\u00e9gociations se poursuivent entre S\u00e9bastien Lecornu et la gauche politique et syndicale, le d\u00e9put\u00e9 europ\u00e9en et num\u00e9ro deux des R\u00e9publicains met en garde le premier ministre.<\/p>\n<p class=\"fig-paragraph\">Fran\u00e7ois-Xavier Bellamy est d\u00e9put\u00e9 europ\u00e9en et vice-pr\u00e9sident d\u00e9l\u00e9gu\u00e9 des R\u00e9publicains (LR).<\/p>\n<p class=\"fig-paragraph\"><strong>LE FIGARO. &#8211; Le PS a fait de l\u2019instauration d\u2019une contribution des plus riches \u00e0 l\u2019effort budg\u00e9taire l\u2019une des conditions de la non-censure. S\u00e9bastien Lecornu doit-il c\u00e9der\u00a0?<\/strong><\/p>\n<p class=\"fig-paragraph\"><strong>FRAN\u00c7OIS-XAVIER BELLAMY. &#8211; <\/strong>Ce d\u00e9bat est fascinant\u2026 La priorit\u00e9 des socialistes n\u2019est pas l\u2019\u00e9ducation, la sant\u00e9, la s\u00e9curit\u00e9, non\u00a0: c\u2019est de cr\u00e9er plus d\u2019imp\u00f4ts. Ce qui n\u2019est, au mieux, qu\u2019un moyen devenu un but en soi. L\u2019obsession de la gauche est manifestement d\u2019aggraver tout ce qui met la France en faillite. Si le pays est en crise, ce n\u2019est pas parce qu\u2019il manque d\u2019imp\u00f4ts mais parce qu\u2019il y en a beaucoup trop.\u00a0<a href=\"http:\/\/www.lefigaro.fr\/politique\/impots-taxe-zucman-dette-que-contient-le-plan-budgetaire-des-ecologistes-20250905\" data-fig-type=\"Article\" data-gtm-custom-categorie=\"navigation\" data-gtm-custom-action=\"crossclick\" data-gtm-custom-label=\"Contextuel\" data-gtm-event=\"customEventSPE\" data-fig-domain=\"LEFIGARO\" target=\"_blank\" rel=\"noopener\">L\u2019exc\u00e8s de taxes, de charges, de normes, de dettes et de d\u00e9penses publiques<\/a>\u00a0est \u00e0 la racine de l\u2019appauvrissement collectif que nous vivons. Pour Les R\u00e9publicains, le diagnostic est clair\u00a0: nous avons les pr\u00e9l\u00e8vements obligatoires les plus lourds de l\u2019OCDE et ce record est en train d\u2019asphyxier tous ceux\u2026<\/p>\n<p class=\"fig-premium-paywall__infos\">\n        Cet article est r\u00e9serv\u00e9 aux abonn\u00e9s.        Il vous reste 85% \u00e0 d\u00e9couvrir.\n    <\/p>\n<p>                <img  data- alt=\"Le Figaro\" class=\"fig-img--complete fig-img\"\/><\/p>\n<p class=\"fig-premium-paywall__title\">Vous avez envie de lire la suite ?<\/p>\n<p class=\"fig-premium-paywall__subtitle\">D\u00e9bloquez tous les articles imm\u00e9diatement.<\/p>\n<p class=\"fig-premium-paywall__connect\">\n                D\u00e9j\u00e0 abonn\u00e9\u00a0?                <a class=\"fig-premium-paywall__connect-link\" href=\"https:\/\/connect.lefigaro.fr\/login?client=horizon_web&amp;type=main&amp;redirect_uri=https%3A%2F%2Fwww.lefigaro.fr%2Fpolitique%2Ffrancois-xavier-bellamy-lr-jouer-a-empiler-de-nouvelles-taxes-c-est-s-aveugler-dangereusement-20250924\" data-js-gtm=\"{&quot;customCategorie&quot;: &quot;conversion&quot;, &quot;customAction&quot;: &quot;before_Landing_Connexion_paywall_auto&quot;, &quot;customLabel&quot;: &quot;bGVmaWdhcm8uZnJfXzFmMDk5NTQzLTU4OTYtNjcyMi05Y2EyLWI5MTY4ODRmZmNlNF9fQXJ0aWNsZQ==_Fran\u00e7ois-Xavier Bellamy (LR): \u00abIl serait pour nous inacceptable d\u2019augmenter les imp\u00f4ts\u00bb_729&quot;, &quot;customIDSPE&quot;: &quot;bGVmaWdhcm8uZnJfXzFmMDk5NTQzLTU4OTYtNjcyMi05Y2EyLWI5MTY4ODRmZmNlNF9fQXJ0aWNsZQ==&quot;, &quot;event&quot;: &quot;customEventSPE&quot;}\" target=\"_blank\" rel=\"noopener\"><br \/>\n                    Connectez-vous<br \/>\n                <\/a>\n            <\/p>\n","protected":false},"excerpt":{"rendered":"ENTRETIEN &#8211; Alors que les n\u00e9gociations se poursuivent entre S\u00e9bastien Lecornu et la gauche politique et syndicale, le&hellip;\n","protected":false},"author":2,"featured_media":415216,"comment_status":"","ping_status":"","sticky":false,"template":"","format":"standard","meta":{"footnotes":""},"categories":[6],"tags":[1013,35,33,34,1011,27,41135,6319,11067],"class_list":{"0":"post-415215","1":"post","2":"type-post","3":"status-publish","4":"format-standard","5":"has-post-thumbnail","7":"category-economie","8":"tag-bruno-retailleau","9":"tag-business","10":"tag-economie","11":"tag-economy","12":"tag-fr","13":"tag-france","14":"tag-francois-xavier-bellamy","15":"tag-les-republicains","16":"tag-sebastien-lecornu"},"share_on_mastodon":{"url":"https:\/\/pubeurope.com\/@fr\/115262089079439713","error":""},"_links":{"self":[{"href":"https:\/\/www.europesays.com\/fr\/wp-json\/wp\/v2\/posts\/415215","targetHints":{"allow":["GET"]}}],"collection":[{"href":"https:\/\/www.europesays.com\/fr\/wp-json\/wp\/v2\/posts"}],"about":[{"href":"https:\/\/www.europesays.com\/fr\/wp-json\/wp\/v2\/types\/post"}],"author":[{"embeddable":true,"href":"https:\/\/www.europesays.com\/fr\/wp-json\/wp\/v2\/users\/2"}],"replies":[{"embeddable":true,"href":"https:\/\/www.europesays.com\/fr\/wp-json\/wp\/v2\/comments?post=415215"}],"version-history":[{"count":0,"href":"https:\/\/www.europesays.com\/fr\/wp-json\/wp\/v2\/posts\/415215\/revisions"}],"wp:featuredmedia":[{"embeddable":true,"href":"https:\/\/www.europesays.com\/fr\/wp-json\/wp\/v2\/media\/415216"}],"wp:attachment":[{"href":"https:\/\/www.europesays.com\/fr\/wp-json\/wp\/v2\/media?parent=415215"}],"wp:term":[{"taxonomy":"category","embeddable":true,"href":"https:\/\/www.europesays.com\/fr\/wp-json\/wp\/v2\/categories?post=415215"},{"taxonomy":"post_tag","embeddable":true,"href":"https:\/\/www.europesays.com\/fr\/wp-json\/wp\/v2\/tags?post=415215"}],"curies":[{"name":"wp","href":"https:\/\/api.w.org\/{rel}","templated":true}]}}