{"id":415217,"date":"2025-09-25T00:24:11","date_gmt":"2025-09-25T00:24:11","guid":{"rendered":"https:\/\/www.europesays.com\/fr\/415217\/"},"modified":"2025-09-25T00:24:11","modified_gmt":"2025-09-25T00:24:11","slug":"trump-reclame-a-lonu-une-enquete-pour-sabotage-apres-des-problemes-techniques","status":"publish","type":"post","link":"https:\/\/www.europesays.com\/fr\/415217\/","title":{"rendered":"Trump r\u00e9clame \u00e0 l\u2019ONU une enqu\u00eate pour \u00absabotage\u00bb apr\u00e8s des probl\u00e8mes techniques"},"content":{"rendered":"<p>Le pr\u00e9sident des \u00c9tats-Unis assure avoir \u00e9t\u00e9 victime d\u2019un \u00abtriple sabotage\u00bb \u00e0 l\u2019occasion de son discours devant l\u2019Assembl\u00e9e g\u00e9n\u00e9rale des Nations unies.<\/p>\n<p class=\"fig-paragraph\">Il n\u2019a pas dit son dernier mot.\u00a0<a href=\"https:\/\/www.lefigaro.fr\/tag\/donald-trump\" target=\"_blank\" rel=\"sponsored noopener\" data-gtm-custom-categorie=\"navigation\" data-gtm-custom-action=\"crossclick\" data-gtm-custom-label=\"Contextuel\" data-gtm-event=\"customEventSPE\">Donald Trump<\/a>\u00a0a r\u00e9clam\u00e9 mercredi que l\u2019ONU ouvre imm\u00e9diatement une \u00abenqu\u00eate\u00bb apr\u00e8s le \u00abtriple sabotage\u00bb dont il assure avoir \u00e9t\u00e9 victime la veille, \u00e0 l\u2019occasion de son discours devant l\u2019Assembl\u00e9e g\u00e9n\u00e9rale des Nations unies.<\/p>\n<p class=\"fig-body-link\">\n            \u00c0 lire aussi<br \/>\n        <a class=\"fig-body-link__link\" href=\"http:\/\/www.lefigaro.fr\/international\/donald-trump-et-l-escalator-de-l-onu-la-troublante-panne-qui-interroge-la-maison-blanche-20250923\" target=\"_blank\" data-fig-type=\"NewsFlash\" rel=\"noopener\" data-gtm-custom-categorie=\"navigation\" data-gtm-custom-action=\"crossclick\" data-gtm-custom-label=\"Contextuel\" data-gtm-event=\"customEventSPE\" data-fig-domain=\"LEFIGARO\">Donald Trump et l\u2019escalator de l\u2019ONU\u00a0: la troublante panne qui interroge la Maison-Blanche<br \/>\n    <\/a>\n<\/p>\n<p class=\"fig-paragraph\">Apr\u00e8s une\u00a0<a href=\"http:\/\/www.lefigaro.fr\/international\/donald-trump-et-l-escalator-de-l-onu-la-troublante-panne-qui-interroge-la-maison-blanche-20250923\" target=\"_blank\" data-fig-type=\"NewsFlash\" rel=\"noopener\" data-gtm-custom-categorie=\"navigation\" data-gtm-custom-action=\"crossclick\" data-gtm-custom-label=\"Contextuel\" data-gtm-event=\"customEventSPE\" data-fig-domain=\"LEFIGARO\">panne d\u2019escalier m\u00e9canique<\/a>\u00a0\u00e0 son arriv\u00e9e puis une d\u00e9faillance du t\u00e9l\u00e9prompteur et enfin un probl\u00e8me de sonorisation pendant son allocution, le pr\u00e9sident am\u00e9ricain a \u00e9crit, dans un long message furieux sur son r\u00e9seau Truth Social\u00a0: \u00abCe n\u2019\u00e9tait pas une co\u00efncidence, c\u2019\u00e9tait un triple sabotage \u00e0 l\u2019ONU. Ils devraient avoir honte. J\u2019envoie une copie de cette lettre au Secr\u00e9taire g\u00e9n\u00e9ral (des Nations unies) et j\u2019exige une enqu\u00eate imm\u00e9diate.\u00bb<\/p>\n<p>                                    <a class=\"fig-a11y-skip a11y-hidden\" href=\"#fig-a11y-skip-main-inarticle\"><br \/>\n        Passer la publicit\u00e9<br \/>\n    <\/a><\/p>\n<p class=\"fig-paragraph\">\u00abCe qui s\u2019est pass\u00e9 hier aux Nations unies est UNE HONTE &#8211; Pas un, pas deux, mais trois \u00e9v\u00e9nements malveillants!\u00bb, s\u2019est-il emport\u00e9.<\/p>\n<p>Escalator stopp\u00e9 \u00abpar inadvertance\u00bb<\/p>\n<p class=\"fig-paragraph\">Mardi, Donald Trump avait d\u00e9j\u00e0 pest\u00e9 \u00e0 la tribune contre ces probl\u00e8mes techniques, avant de prononcer une allocution qui a pris la forme d\u2019un v\u00e9ritable r\u00e9quisitoire souverainiste, climatosceptique et anti-immigration, tr\u00e8s critique envers l\u2019Europe et l\u2019ONU.<\/p>\n<p class=\"fig-paragraph\">Le locataire de la Maison-Blanche, en arrivant au si\u00e8ge de l\u2019ONU \u00e0 New York, est mont\u00e9 derri\u00e8re son \u00e9pouse Melania Trump sur un escalier m\u00e9canique qui s\u2019est presque aussit\u00f4t arr\u00eat\u00e9. Le pr\u00e9sident am\u00e9ricain et la premi\u00e8re dame, que l\u2019on voit d\u00e9stabilis\u00e9e, ont gard\u00e9 l\u2019\u00e9quilibre en se tenant \u00e0 la rampe. Ils ont ensuite gravi les marches.<\/p>\n<p class=\"fig-paragraph\">\u00abLe m\u00e9canisme de s\u00e9curit\u00e9 a \u00e9t\u00e9 actionn\u00e9 par inadvertance par quelqu\u2019un qui \u00e9tait devant le pr\u00e9sident\u00bb, a assur\u00e9 mardi \u00e0 l\u2019AFP St\u00e9phane Dujarric, porte-parole du secr\u00e9taire g\u00e9n\u00e9ral des Nations unies Antonio Guterres, indiquant que l\u2019engin avait ensuite \u00e9t\u00e9 remis en service. Il a pr\u00e9cis\u00e9 plus tard dans un communiqu\u00e9 que cette personne \u00e9tait un vid\u00e9aste de la Maison-Blanche.<\/p>\n<p class=\"fig-paragraph\">\u00abNous examinons ce que l\u2019ONU a dit pour le corroborer\u00bb, a d\u00e9clar\u00e9 mercredi \u00e0 l\u2019AFP, sous couvert d\u2019anonymat, un responsable du Secret Service, charg\u00e9 de la protection des hautes personnalit\u00e9s politiques am\u00e9ricaines.<\/p>\n<p>                                    <a class=\"fig-a11y-skip a11y-hidden\" href=\"#fig-a11y-skip-main-inarticle_mtf\"><br \/>\n        Passer la publicit\u00e9<br \/>\n    <\/a><\/p>\n<p>T\u00e9l\u00e9prompteur d\u00e9faillant<\/p>\n<p class=\"fig-paragraph\">Le pr\u00e9sident am\u00e9ricain, toujours tr\u00e8s sensible aux accrocs de protocole, a aussi d\u00e9plor\u00e9 que le t\u00e9l\u00e9prompteur ne fonctionne pas au d\u00e9but de son intervention. \u00abNous n\u2019avons aucun commentaire puisque le t\u00e9l\u00e9prompteur pour le pr\u00e9sident am\u00e9ricain est g\u00e9r\u00e9 par la Maison-Blanche\u00bb, avait d\u00e9clar\u00e9 \u00e0 ce sujet le porte-parole du chef de l\u2019ONU.<\/p>\n<p class=\"fig-paragraph\">Mercredi, il a ajout\u00e9 un troisi\u00e8me reproche, concernant la qualit\u00e9 du son pendant qu\u2019il s\u2019exprimait. \u00abApr\u00e8s le discours, on m\u2019a dit que le son \u00e9tait compl\u00e8tement coup\u00e9 dans l\u2019auditorium\u00bb, a \u00e9crit Donald Trump sur Truth Social.<\/p>\n<p class=\"fig-paragraph\">\u00abLe syst\u00e8me de sonorisation \u00e9tait con\u00e7u pour permettre aux gens assis \u00e0 leur si\u00e8ge d\u2019\u00e9couter les discours traduits dans six langues au moyen d\u2019\u00e9couteurs\u00bb, a expliqu\u00e9 \u00e0 l\u2019AFP un responsable de l\u2019ONU, sous couvert d\u2019anonymat.<\/p>\n","protected":false},"excerpt":{"rendered":"Le pr\u00e9sident des \u00c9tats-Unis assure avoir \u00e9t\u00e9 victime d\u2019un \u00abtriple sabotage\u00bb \u00e0 l\u2019occasion de son discours devant l\u2019Assembl\u00e9e&hellip;\n","protected":false},"author":2,"featured_media":415218,"comment_status":"","ping_status":"","sticky":false,"template":"","format":"standard","meta":{"footnotes":""},"categories":[5],"tags":[11,75,1011,27,14,12,3521,28],"class_list":{"0":"post-415217","1":"post","2":"type-post","3":"status-publish","4":"format-standard","5":"has-post-thumbnail","7":"category-international","8":"tag-actualites","9":"tag-donald-trump","10":"tag-fr","11":"tag-france","12":"tag-international","13":"tag-news","14":"tag-onu","15":"tag-world"},"share_on_mastodon":{"url":"https:\/\/pubeurope.com\/@fr\/115262093020314950","error":""},"_links":{"self":[{"href":"https:\/\/www.europesays.com\/fr\/wp-json\/wp\/v2\/posts\/415217","targetHints":{"allow":["GET"]}}],"collection":[{"href":"https:\/\/www.europesays.com\/fr\/wp-json\/wp\/v2\/posts"}],"about":[{"href":"https:\/\/www.europesays.com\/fr\/wp-json\/wp\/v2\/types\/post"}],"author":[{"embeddable":true,"href":"https:\/\/www.europesays.com\/fr\/wp-json\/wp\/v2\/users\/2"}],"replies":[{"embeddable":true,"href":"https:\/\/www.europesays.com\/fr\/wp-json\/wp\/v2\/comments?post=415217"}],"version-history":[{"count":0,"href":"https:\/\/www.europesays.com\/fr\/wp-json\/wp\/v2\/posts\/415217\/revisions"}],"wp:featuredmedia":[{"embeddable":true,"href":"https:\/\/www.europesays.com\/fr\/wp-json\/wp\/v2\/media\/415218"}],"wp:attachment":[{"href":"https:\/\/www.europesays.com\/fr\/wp-json\/wp\/v2\/media?parent=415217"}],"wp:term":[{"taxonomy":"category","embeddable":true,"href":"https:\/\/www.europesays.com\/fr\/wp-json\/wp\/v2\/categories?post=415217"},{"taxonomy":"post_tag","embeddable":true,"href":"https:\/\/www.europesays.com\/fr\/wp-json\/wp\/v2\/tags?post=415217"}],"curies":[{"name":"wp","href":"https:\/\/api.w.org\/{rel}","templated":true}]}}