{"id":415297,"date":"2025-09-25T01:10:15","date_gmt":"2025-09-25T01:10:15","guid":{"rendered":"https:\/\/www.europesays.com\/fr\/415297\/"},"modified":"2025-09-25T01:10:15","modified_gmt":"2025-09-25T01:10:15","slug":"pourquoi-moscou-viole-regulierement-lespace-aerien-europeen","status":"publish","type":"post","link":"https:\/\/www.europesays.com\/fr\/415297\/","title":{"rendered":"pourquoi Moscou viole r\u00e9guli\u00e8rement l&rsquo;espace a\u00e9rien europ\u00e9en"},"content":{"rendered":"<p class=\"article-p mdl\">\u00c0 quoi joue les Russes ? Depuis plusieurs semaines, l&rsquo;espace a\u00e9rien europ\u00e9en est r\u00e9guli\u00e8rement viol\u00e9 par des drones et des avions. En Pologne, plusieurs drones ont \u00e9t\u00e9 abattus dans la nuit du 9 au 10 septembre 2025. Trois jours plus tard, la Roumanie d\u00e9non\u00e7ait \u00e9galement la violation de son espace a\u00e9rien par un \u00ab\u00a0appareil sans pilote\u00a0\u00bb.<\/p>\n<p class=\"article-p mdl\">Le vendredi 19 septembre, les autorit\u00e9s estoniennes ont rapport\u00e9\u00a0<a class=\"link\" href=\"https:\/\/www.rtl.fr\/actu\/international\/l-estonie-denonce-une-violation-sans-precedent-de-son-espace-aerien-apres-l-intrusion-de-trois-avions-de-combat-russes-7900543475\" title=\"L&#039;Estonie d\u00e9nonce une violation &quot;sans pr\u00e9c\u00e9dent&quot; de son espace a\u00e9rien apr\u00e8s l&#039;intrusion de trois avions de combat russes\" target=\"_blank\" rel=\"noopener\"><strong>une incursion d&rsquo;un Mig-31<\/strong><\/a>\u00a0dans leur espace a\u00e9rien. Puis, le lundi 22 septembre, ce sont les a\u00e9roports de Copenhague et d&rsquo;Oslo qui ont \u00e9t\u00e9 survol\u00e9s par des drones d&rsquo;observation.<\/p>\n<p class=\"article-p mdl\">Les pays soup\u00e7onnent tous la Russie d&rsquo;\u00eatre \u00e0 l&rsquo;origine de ces incidents. La Pologne a\u00a0m\u00eame demand\u00e9 \u00e0 l&rsquo;OTAN d&rsquo;activer\u00a0<a class=\"link\" href=\"https:\/\/www.rtl.fr\/actu\/international\/objets-hostiles-dans-le-ciel-de-pologne-qu-est-ce-que-l-article-4-de-l-otan-que-varsovie-souhaite-declencher-7900539774\" title=\"&quot;Objets hostiles&quot; dans le ciel de Pologne : qu&#039;est-ce que l&#039;article 4 de l&#039;OTAN que Varsovie souhaite d\u00e9clencher ?\" target=\"_blank\" rel=\"noopener\">l&rsquo;article 4 du trait\u00e9 Atlantique<\/a>. Ce mercredi, le Kremlin a qualifi\u00e9 d'\u00a0\u00bbhyst\u00e9rie\u00a0\u00bb les accusations des pays membres de l&rsquo;OTAN. Le porte-parole du Kremlin, a indiqu\u00e9 qu&rsquo;il s&rsquo;agissait d&rsquo;accusations \u00ab\u00a0infond\u00e9es\u00a0\u00bb.\u00a0<\/p>\n<p>            Tester la r\u00e9action des europ\u00e9ens et des am\u00e9ricains<\/p>\n<p class=\"article-p mdl\">Pour Moscou, ces intrusions dans l&rsquo;espace a\u00e9rien europ\u00e9en permettent de tester le flanc est de l&rsquo;Union europ\u00e9enne. Apparemment, notre d\u00e9fense n&rsquo;est pas une r\u00e9ussite. Sur les 19 drones qui sont entr\u00e9s dans le ciel polonais,\u00a0<a class=\"link\" href=\"https:\/\/www.rtl.fr\/actu\/international\/pologne-l-espace-aerien-sous-surveillance-renforcee-face-a-la-menace-de-drones-russes-7900541027\" title=\"Pologne : l\u2019espace a\u00e9rien sous surveillance renforc\u00e9e face \u00e0 la menace de drones russes\" target=\"_blank\" rel=\"noopener\">seuls quatre ont \u00e9t\u00e9 d\u00e9truits.<\/a>\u00a0En Estonie, la Russie a d\u00e9j\u00e0 viol\u00e9 l&rsquo;espace a\u00e9rien quatre fois cette ann\u00e9e. Quand un avion russe \u00e9tait entr\u00e9 en Turquie il y a dix ans, Erdogan l&rsquo;avait fait abattre imm\u00e9diatement. L&rsquo;Europe, elle, tergiverse.\u00a0<\/p>\n<p class=\"article-p mdl\">La Russie observe \u00e9galement la r\u00e9action de Donald Trump. Que va choisir le pr\u00e9sident am\u00e9ricain ? Laisser filer ou r\u00e9agir ? Depuis le d\u00e9but de l&rsquo;\u00e9t\u00e9, on entend parler de sanctions am\u00e9ricaines contre Moscou. Mardi 23 septembre, \u00e0 l&rsquo;ONU,\u00a0<a class=\"link\" href=\"https:\/\/www.rtl.fr\/actu\/international\/de-l-admiration-a-la-deception-retour-sur-la-relation-privilegiee-entre-donald-trump-et-vladimir-poutine-7900543287\" title=\"De l&#039;admiration \u00e0 la d\u00e9ception : retour sur la relation privil\u00e9gi\u00e9e entre Donald Trump et Vladimir Poutine\" target=\"_blank\" rel=\"noopener\">Donald Trump a d\u00e9clar\u00e9 que Vladimir Poutine ne jouait pas le jeu<\/a>, mais il n&rsquo;a rien annonc\u00e9 en retour. Le pr\u00e9sident am\u00e9ricain a sugg\u00e9r\u00e9 tout de m\u00eame \u00e0 l&rsquo;OTAN d&rsquo;abattre les avions russes en cas de violation de son espace a\u00e9rien.<\/p>\n<p class=\"article-p mdl\">Ces petites incursions, ces humiliations europ\u00e9ennes, remontent \u00e9galement le moral des militaires russes, eux qui sont \u00e0 la peine en Ukraine. Ces petits succ\u00e8s montrent au peuple russe la force de Poutine et de son \u00e9tat-major.<\/p>\n<p>            Que faire face \u00e0 l&rsquo;escalade de ces tensions ?<\/p>\n<p class=\"article-p mdl\">Les ministres de la D\u00e9fense de l&rsquo;Est de l&rsquo;Europe se retrouveront, vendredi 26 septembre, pour<strong> r\u00e9fl\u00e9chir \u00e0 un<\/strong> <strong>mur anti-drone<\/strong> le long de la fronti\u00e8re de l&rsquo;OTAN avec la Russie et la Bi\u00e9lorussie.<\/p>\n<p class=\"article-p mdl\">Ce projet ambitieux inclurait l&rsquo;utilisation de brouilleurs, de drones intercepteurs et de capteurs pour renforcer la d\u00e9fense anti-a\u00e9rienne. Les Europ\u00e9ens prennent m\u00eame conseil aupr\u00e8s des Ukrainiens sur cette question. La guerre ne se limite plus \u00e0 l&rsquo;Ukraine puisque Poutine r\u00eave toujours \u00e0 l&rsquo;URSS d&rsquo;hier. Ne pas l&rsquo;arr\u00eater aujourd&rsquo;hui, c&rsquo;est autoriser la guerre demain chez nous.<\/p>\n<p>    La r\u00e9daction vous recommande<\/p>\n<p class=\"s-newsletter__title\">\n                L\u2019actualit\u00e9 par la r\u00e9daction de RTL dans votre bo\u00eete mail.\n            <\/p>\n<p class=\"s-newsletter__subtitle\">\n                Gr\u00e2ce \u00e0 votre compte RTL abonnez-vous \u00e0 la newsletter RTL info pour suivre toute l&rsquo;actualit\u00e9 au quotidien\n            <\/p>\n<p>\n                                    Lire la suite\n                                <\/p>\n","protected":false},"excerpt":{"rendered":"\u00c0 quoi joue les Russes ? Depuis plusieurs semaines, l&rsquo;espace a\u00e9rien europ\u00e9en est r\u00e9guli\u00e8rement viol\u00e9 par des drones&hellip;\n","protected":false},"author":2,"featured_media":415298,"comment_status":"","ping_status":"","sticky":false,"template":"","format":"standard","meta":{"footnotes":""},"categories":[1586],"tags":[11,75,2024,1777,674,107,1011,27,131,12,136,362,360,25,132],"class_list":{"0":"post-415297","1":"post","2":"type-post","3":"status-publish","4":"format-standard","5":"has-post-thumbnail","7":"category-europe","8":"tag-actualites","9":"tag-donald-trump","10":"tag-drones","11":"tag-eu","12":"tag-europe","13":"tag-fil-info","14":"tag-fr","15":"tag-france","16":"tag-guerre-en-ukraine","17":"tag-news","18":"tag-otan","19":"tag-replay","20":"tag-replay-integral","21":"tag-republique-francaise","22":"tag-russie"},"share_on_mastodon":{"url":"https:\/\/pubeurope.com\/@fr\/115262273861984539","error":""},"_links":{"self":[{"href":"https:\/\/www.europesays.com\/fr\/wp-json\/wp\/v2\/posts\/415297","targetHints":{"allow":["GET"]}}],"collection":[{"href":"https:\/\/www.europesays.com\/fr\/wp-json\/wp\/v2\/posts"}],"about":[{"href":"https:\/\/www.europesays.com\/fr\/wp-json\/wp\/v2\/types\/post"}],"author":[{"embeddable":true,"href":"https:\/\/www.europesays.com\/fr\/wp-json\/wp\/v2\/users\/2"}],"replies":[{"embeddable":true,"href":"https:\/\/www.europesays.com\/fr\/wp-json\/wp\/v2\/comments?post=415297"}],"version-history":[{"count":0,"href":"https:\/\/www.europesays.com\/fr\/wp-json\/wp\/v2\/posts\/415297\/revisions"}],"wp:featuredmedia":[{"embeddable":true,"href":"https:\/\/www.europesays.com\/fr\/wp-json\/wp\/v2\/media\/415298"}],"wp:attachment":[{"href":"https:\/\/www.europesays.com\/fr\/wp-json\/wp\/v2\/media?parent=415297"}],"wp:term":[{"taxonomy":"category","embeddable":true,"href":"https:\/\/www.europesays.com\/fr\/wp-json\/wp\/v2\/categories?post=415297"},{"taxonomy":"post_tag","embeddable":true,"href":"https:\/\/www.europesays.com\/fr\/wp-json\/wp\/v2\/tags?post=415297"}],"curies":[{"name":"wp","href":"https:\/\/api.w.org\/{rel}","templated":true}]}}