{"id":415311,"date":"2025-09-25T01:21:12","date_gmt":"2025-09-25T01:21:12","guid":{"rendered":"https:\/\/www.europesays.com\/fr\/415311\/"},"modified":"2025-09-25T01:21:12","modified_gmt":"2025-09-25T01:21:12","slug":"rallye-raid-la-performance-inattendue-de-sebastien-loeb-au-portugal","status":"publish","type":"post","link":"https:\/\/www.europesays.com\/fr\/415311\/","title":{"rendered":"Rallye-raid | La performance inattendue de S\u00e9bastien Loeb au Portugal"},"content":{"rendered":"<p><strong>Le rallye-raid du Portugal ne fait que commencer, et pourtant S\u00e9bastien Loeb nous fait d\u00e9j\u00e0 plaisir. Mais la v\u00e9ritable question, c\u2019est jusqu\u2019\u00e0 quand ?<\/strong><\/p>\n<p>S\u00e9bastien Loeb offre une lueur d\u2019espoir \u00e0 la FFL<\/p>\n<p><a href=\"https:\/\/fflose.com\/rallye-raid-la-performance-incomprehensible-de-sebastien-loeb\/\" target=\"_blank\" rel=\"noopener\">Nous avions laiss\u00e9 S\u00e9bastien Loeb<\/a> au rallye-raid d\u2019Afrique du Sud. Apr\u00e8s avoir abandonn\u00e9 au Dakar et \u00e0 Abu Dhabi, le Fran\u00e7ais pouvait faire la passe de trois. Mais il avait finalement termin\u00e9 \u00e0 une d\u00e9sastreuse deuxi\u00e8me place en Afrique du Sud, ne nous rassurant en rien pour la prochaine manche. Et celle-ci intervient en ce moment m\u00eame\u00a0au Portugal. Tandis que la premi\u00e8re \u00e9tape vient d\u2019avoir lieu, le\u00a0pilote Dacia faisait bien \u00e9videmment partie des favoris pour la victoire. Mais fort heureusement, celle-ci a \u00e9t\u00e9 remport\u00e9e par Henk Lategan. Un coup double pour nous, car S\u00e9bastien Loeb ne figure m\u00eame pas sur le podium de l\u2019\u00e9tape. En effet, avec\u00a0<a href=\"https:\/\/www.portugal.live.worldrallyraidchampionship.com\/fr\/auto\/1\/classements?team=w2rc\" target=\"_blank\" rel=\"noopener\">4 minutes et 15 secondes de retard sur le Sud-Africain<\/a>, le pilote alsacien doit se contenter d\u2019une sixi\u00e8me position. Au vu du palmar\u00e8s du Fran\u00e7ais dans le sport automobile, on prend tout de suite.<\/p>\n<blockquote class=\"twitter-tweet\">\n<p dir=\"ltr\" lang=\"en\">\ud83d\ude80\ud83c\udfcd\ud83d\ude97 From two wheels to four, the best moments captured today on the tracks of Portugal. Pure rally-raid action, pure adrenaline!<\/p>\n<p>\ud83c\udfa5 A.S.O. | Horacio Cabilla <a href=\"https:\/\/twitter.com\/hashtag\/W2RC?src=hash&amp;ref_src=twsrc%5Etfw\" target=\"_blank\" rel=\"noopener\">#W2RC<\/a> <a href=\"https:\/\/twitter.com\/hashtag\/FIA?src=hash&amp;ref_src=twsrc%5Etfw\" target=\"_blank\" rel=\"noopener\">#FIA<\/a> <a href=\"https:\/\/twitter.com\/hashtag\/FIM?src=hash&amp;ref_src=twsrc%5Etfw\" target=\"_blank\" rel=\"noopener\">#FIM<\/a> <a href=\"https:\/\/twitter.com\/hashtag\/RallyRaidPortugal?src=hash&amp;ref_src=twsrc%5Etfw\" target=\"_blank\" rel=\"noopener\">#RallyRaidPortugal<\/a> <a href=\"https:\/\/t.co\/a2M0o6GwJZ\">pic.twitter.com\/a2M0o6GwJZ<\/a><\/p>\n<p>\u2014 World Rally-Raid Championship \ud83d\ude97 \ud83c\udfcd (@OfficialW2RC) <a href=\"https:\/\/twitter.com\/OfficialW2RC\/status\/1970911099504742605?ref_src=twsrc%5Etfw\" target=\"_blank\" rel=\"noopener\">September 24, 2025<\/a><\/p>\n<\/blockquote>\n<p>Mais comme vous pouvez vous en douter, il y a une mauvaise nouvelle qui nous attend au tournant ; il reste encore quatre \u00e9tapes. Soit quatre fois plus de risque de voir le classement g\u00e9n\u00e9ral \u00eatre chamboul\u00e9. On se disait bien qu\u2019on ne pouvait pas s\u2019en tirer comme cela aussi facilement avec S\u00e9bastien L.<\/p>\n<blockquote>\n<p>\u00ab\u00a0On s\u2019attendait \u00e0 faire mieux, j\u2019ai \u00e9t\u00e9 un peu lent en d\u00e9but de sp\u00e9ciale, sur un faux rythme, le chrono n\u2019\u00e9tait pas incroyable et sur la fin, je me suis retrouv\u00e9 dans la poussi\u00e8re de Carlos Sainz, qui avait crev\u00e9\u00a0\u00bb <a href=\"https:\/\/www.lequipe.fr\/Rallye-raid\/Actualites\/Le-pilote-toyota-henk-lategan-premier-leader-au-portugal\/1596349\" target=\"_blank\" rel=\"noopener\">S\u00e9bastien Loeb<\/a><\/p>\n<\/blockquote>\n<blockquote class=\"twitter-tweet\">\n<p dir=\"ltr\" lang=\"en\">Day 1 done \u2705<\/p>\n<p>\u27a1\ufe0f <a href=\"https:\/\/twitter.com\/SebastienLoeb?ref_src=twsrc%5Etfw\" target=\"_blank\" rel=\"noopener\">@SebastienLoeb<\/a> \/ Edouard Boulanger finish P6 \u2013 a solid start with good pace and good feeling with the car.<\/p>\n<p>\u27a1\ufe0f <a href=\"https:\/\/twitter.com\/AlAttiyahN?ref_src=twsrc%5Etfw\" target=\"_blank\" rel=\"noopener\">@AlAttiyahN<\/a> \/ <a href=\"https:\/\/twitter.com\/FabianLurquin?ref_src=twsrc%5Etfw\" target=\"_blank\" rel=\"noopener\">@FabianLurquin<\/a> drop from P2 to P8 after penalties for overspeed and false start.<\/p>\n<p>\u27a1\ufe0f <a href=\"https:\/\/twitter.com\/crisgutierrez?ref_src=twsrc%5Etfw\" target=\"_blank\" rel=\"noopener\">@crisgutierrez<\/a> \/ <a href=\"https:\/\/twitter.com\/morenohuete?ref_src=twsrc%5Etfw\" target=\"_blank\" rel=\"noopener\">@morenohuete<\/a> secure P9 with no\u2026 <a href=\"https:\/\/t.co\/eQat9xXb7X\">pic.twitter.com\/eQat9xXb7X<\/a><\/p>\n<p>\u2014 Prodrive (@prodrive) <a href=\"https:\/\/twitter.com\/prodrive\/status\/1970942758710911016?ref_src=twsrc%5Etfw\" target=\"_blank\" rel=\"noopener\">September 24, 2025<\/a><\/p>\n<\/blockquote>\n<p>                         <a href=\"https:\/\/fflose.com\/author\/tomgaleron\/\" class=\"url\" title=\"Tom\" target=\"_blank\" rel=\"noopener\"> <img loading=\"lazy\" decoding=\"async\" alt=\"Tom\" src=\"https:\/\/www.europesays.com\/fr\/wp-content\/uploads\/2025\/09\/1758763272_954_fa539669b9b6c266044bdafc0534c1c7e71784259f6e9e9e6fab2d5d73302c49\"  class=\"avatar avatar-250 photo\" height=\"250\" width=\"250\"\/><\/a> <\/p>\n<p>Natif de Marseille, autant vous dire qu&rsquo;il est pr\u00e9f\u00e9rable de ne pas me parler de football en ce moment. Merci pour votre compr\u00e9hension.<\/p>\n<p> <a href=\"https:\/\/fflose.com\/author\/tomgaleron\/\" class=\"url\" title=\"Tom\" target=\"_blank\" rel=\"noopener\"><img loading=\"lazy\" decoding=\"async\" alt=\"Tom\" src=\"https:\/\/www.europesays.com\/fr\/wp-content\/uploads\/2025\/09\/1758763272_954_fa539669b9b6c266044bdafc0534c1c7e71784259f6e9e9e6fab2d5d73302c49\"  class=\"avatar avatar-250 photo\" height=\"250\" width=\"250\"\/><\/a>  <\/p>\n<p><script async src=\"https:\/\/platform.twitter.com\/widgets.js\" charset=\"utf-8\"><\/script><\/p>\n","protected":false},"excerpt":{"rendered":"Le rallye-raid du Portugal ne fait que commencer, et pourtant S\u00e9bastien Loeb nous fait d\u00e9j\u00e0 plaisir. Mais la&hellip;\n","protected":false},"author":2,"featured_media":415312,"comment_status":"","ping_status":"","sticky":false,"template":"","format":"standard","meta":{"footnotes":""},"categories":[1412],"tags":[1451,1452,1453,1454,1455,1011,27,60],"class_list":{"0":"post-415311","1":"post","2":"type-post","3":"status-publish","4":"format-standard","5":"has-post-thumbnail","7":"category-f1","8":"tag-f1","9":"tag-formula-1","10":"tag-formula1","11":"tag-formule-1","12":"tag-formule1","13":"tag-fr","14":"tag-france","15":"tag-sports"},"share_on_mastodon":{"url":"https:\/\/pubeurope.com\/@fr\/115262317234954637","error":""},"_links":{"self":[{"href":"https:\/\/www.europesays.com\/fr\/wp-json\/wp\/v2\/posts\/415311","targetHints":{"allow":["GET"]}}],"collection":[{"href":"https:\/\/www.europesays.com\/fr\/wp-json\/wp\/v2\/posts"}],"about":[{"href":"https:\/\/www.europesays.com\/fr\/wp-json\/wp\/v2\/types\/post"}],"author":[{"embeddable":true,"href":"https:\/\/www.europesays.com\/fr\/wp-json\/wp\/v2\/users\/2"}],"replies":[{"embeddable":true,"href":"https:\/\/www.europesays.com\/fr\/wp-json\/wp\/v2\/comments?post=415311"}],"version-history":[{"count":0,"href":"https:\/\/www.europesays.com\/fr\/wp-json\/wp\/v2\/posts\/415311\/revisions"}],"wp:featuredmedia":[{"embeddable":true,"href":"https:\/\/www.europesays.com\/fr\/wp-json\/wp\/v2\/media\/415312"}],"wp:attachment":[{"href":"https:\/\/www.europesays.com\/fr\/wp-json\/wp\/v2\/media?parent=415311"}],"wp:term":[{"taxonomy":"category","embeddable":true,"href":"https:\/\/www.europesays.com\/fr\/wp-json\/wp\/v2\/categories?post=415311"},{"taxonomy":"post_tag","embeddable":true,"href":"https:\/\/www.europesays.com\/fr\/wp-json\/wp\/v2\/tags?post=415311"}],"curies":[{"name":"wp","href":"https:\/\/api.w.org\/{rel}","templated":true}]}}