{"id":415318,"date":"2025-09-25T01:25:18","date_gmt":"2025-09-25T01:25:18","guid":{"rendered":"https:\/\/www.europesays.com\/fr\/415318\/"},"modified":"2025-09-25T01:25:18","modified_gmt":"2025-09-25T01:25:18","slug":"apres-le-mucem-larchitecte-rudy-ricciotti-reve-de-calme-pour-le-pole-socio-educatif","status":"publish","type":"post","link":"https:\/\/www.europesays.com\/fr\/415318\/","title":{"rendered":"apr\u00e8s le Mucem, l\u2019architecte Rudy Ricciotti r\u00eave de \u00ab\u00a0calme\u00a0\u00bb pour le p\u00f4le socio-\u00e9ducatif"},"content":{"rendered":"<p>En face du stade Ren\u00e9-Mabilleau, <a target=\"_self\" href=\"https:\/\/www.lanouvellerepublique.fr\/vienne\/commune\/mirebeau\/mirebeau-le-chantier-demarre-pour-le-pole-socio-educatif-1750001480\" rel=\"noopener\">les travaux de terrassement du p\u00f4le socio-\u00e9ducatif de Mirebeau<\/a> sont termin\u00e9s, ce lundi 22\u00a0septembre 2025. Derri\u00e8re ce projet, un architecte aux c\u00e9l\u00e8bres r\u00e9alisations nationales et internationales, notamment le Mucem (mus\u00e9e des Civilisations de l\u2019Europe et de la M\u00e9diterran\u00e9e) \u00e0 Marseille. Avant la pose de la premi\u00e8re pierre, Rudy Ricciotti s\u2019est livr\u00e9 <a target=\"_self\" href=\"https:\/\/www.lanouvellerepublique.fr\/vienne\/commune\/mirebeau\/a-mirebeau-un-college-un-centre-socioculturel-et-un-gymnase-sur-un-meme-site-en-2026\" rel=\"noopener\">sur ce projet<\/a> m\u00ealant exigences environnementales, s\u00e9r\u00e9nit\u00e9 et \u00e9loge du travail manuel local&#8230;. <\/p>\n<p>    Cet article a \u00e9t\u00e9 tronqu\u00e9. Abonnez-vous pour lire l&rsquo;article complet sur notre site.<\/p>\n<p class=\"interview\">Pourquoi vous \u00eates-vous int\u00e9ress\u00e9 \u00e0 ce projet de p\u00f4le socio-\u00e9ducatif et sportif de Mirebeau, dans la plaine du Poitou\u00a0?<\/p>\n<p style=\"margin: 0 !important; padding: 0 !important; font-size: 12px !important;\">Cet article a \u00e9t\u00e9 tronqu\u00e9. Abonnez-vous pour lire l&rsquo;article complet.<\/p>\n<p>    <a href=\"https:\/\/www.lanouvellerepublique.fr\/abonnements\" style=\"display: inline-block; margin-top: 5px !important; padding: 6px 12px !important; background: #cb1c27; color: white; text-decoration: none; border-radius: 4px; font-size: 12px !important;\" target=\"_blank\" rel=\"noopener\"><br \/>\n      S&rsquo;abonner<br \/>\n    <\/a><\/p>\n","protected":false},"excerpt":{"rendered":"En face du stade Ren\u00e9-Mabilleau, les travaux de terrassement du p\u00f4le socio-\u00e9ducatif de Mirebeau sont termin\u00e9s, ce lundi&hellip;\n","protected":false},"author":2,"featured_media":415319,"comment_status":"","ping_status":"","sticky":false,"template":"","format":"standard","meta":{"footnotes":""},"categories":[1358],"tags":[1392,1348,1384,1385,1386,58,33,1057,59,313,436,1011,27,1116,19328,2086,1584,54584],"class_list":{"0":"post-415318","1":"post","2":"type-post","3":"status-publish","4":"format-standard","5":"has-post-thumbnail","7":"category-arts-et-design","8":"tag-a-la-une-local","9":"tag-arts","10":"tag-arts-and-design","11":"tag-arts-et-design","12":"tag-design","13":"tag-divertissement","14":"tag-economie","15":"tag-education","16":"tag-entertainment","17":"tag-entreprises","18":"tag-environnement","19":"tag-fr","20":"tag-france","21":"tag-immobilier","22":"tag-mirebeau","23":"tag-travaux","24":"tag-vienne","25":"tag-visites-de-chantier"},"share_on_mastodon":{"url":"https:\/\/pubeurope.com\/@fr\/115262332961662363","error":""},"_links":{"self":[{"href":"https:\/\/www.europesays.com\/fr\/wp-json\/wp\/v2\/posts\/415318","targetHints":{"allow":["GET"]}}],"collection":[{"href":"https:\/\/www.europesays.com\/fr\/wp-json\/wp\/v2\/posts"}],"about":[{"href":"https:\/\/www.europesays.com\/fr\/wp-json\/wp\/v2\/types\/post"}],"author":[{"embeddable":true,"href":"https:\/\/www.europesays.com\/fr\/wp-json\/wp\/v2\/users\/2"}],"replies":[{"embeddable":true,"href":"https:\/\/www.europesays.com\/fr\/wp-json\/wp\/v2\/comments?post=415318"}],"version-history":[{"count":0,"href":"https:\/\/www.europesays.com\/fr\/wp-json\/wp\/v2\/posts\/415318\/revisions"}],"wp:featuredmedia":[{"embeddable":true,"href":"https:\/\/www.europesays.com\/fr\/wp-json\/wp\/v2\/media\/415319"}],"wp:attachment":[{"href":"https:\/\/www.europesays.com\/fr\/wp-json\/wp\/v2\/media?parent=415318"}],"wp:term":[{"taxonomy":"category","embeddable":true,"href":"https:\/\/www.europesays.com\/fr\/wp-json\/wp\/v2\/categories?post=415318"},{"taxonomy":"post_tag","embeddable":true,"href":"https:\/\/www.europesays.com\/fr\/wp-json\/wp\/v2\/tags?post=415318"}],"curies":[{"name":"wp","href":"https:\/\/api.w.org\/{rel}","templated":true}]}}