{"id":415322,"date":"2025-09-25T01:27:10","date_gmt":"2025-09-25T01:27:10","guid":{"rendered":"https:\/\/www.europesays.com\/fr\/415322\/"},"modified":"2025-09-25T01:27:10","modified_gmt":"2025-09-25T01:27:10","slug":"on-connait-la-date-de-la-premiere-diffusion-et-ca-na-jamais-ete-aussi-tot","status":"publish","type":"post","link":"https:\/\/www.europesays.com\/fr\/415322\/","title":{"rendered":"on conna\u00eet la date de la premi\u00e8re diffusion (et \u00e7a n&rsquo;a jamais \u00e9t\u00e9 aussi t\u00f4t)"},"content":{"rendered":"<p>            Par<br \/>\n        <strong><br \/>\n            <a href=\"https:\/\/actu.fr\/auteur\/redaction-actu\" title=\"Consulter tous les articles de R\u00e9daction Actu\" target=\"_blank\" rel=\"noopener\">R\u00e9daction Actu<\/a><br \/>\n        <\/strong><\/p>\n<p>        Publi\u00e9 le<\/p>\n<p>            24 sept. 2025 \u00e0 21h23        <\/p>\n<p>Pour <strong>No\u00ebl<\/strong>, <a href=\"https:\/\/actu.fr\/loisirs-culture\/it-s-time-mariah-carey-relance-encore-pour-noel-son-tube-all-i-want-for-christmas-is-you_61815391.html\" target=\"_blank\" rel=\"noopener\">Mariah Carey<\/a> ne veut grand-chose. Mais les cha\u00eenes de <a href=\"https:\/\/actu.fr\/tag\/television\" target=\"_blank\" rel=\"noopener\">t\u00e9l\u00e9<\/a>, elles, en attendent beaucoup. Elles n\u2019attendront m\u00eame pas le coup d\u2019envoi de la diva, traditionnellement le <strong>1er\u00a0novembre<\/strong>, pour lancer la saison des t\u00e9l\u00e9films de No\u00ebl.<\/p>\n<p class=\" wall-content\">La Une a annonc\u00e9, ce mardi 23\u00a0septembre 2025, que le <a href=\"https:\/\/actu.fr\/tag\/television\" target=\"_blank\" rel=\"noopener\">premier t\u00e9l\u00e9film<\/a> de No\u00ebl de la saison des f\u00eates de fin d\u2019ann\u00e9e serait diffus\u00e9<strong> le lundi 13\u00a0octobre 2025 \u00e0 14\u2009h\u200925.<\/strong><\/p>\n<blockquote class=\"ac-article-quote wall-content\">\n<p>Retrouvez les plus belles histoires in\u00e9dites, les plus beaux castings, du lundi au vendredi \u00e0 14 h 25 sur TF1. L\u2019ambiance unique et f\u00e9erique des F\u00eates de fin d\u2019ann\u00e9e, \u00e0 d\u00e9guster en famille, en duo ou en solo\u2026 Et quand vous voulez en streaming sur TF1 +.<\/p>\n<p>    <strong>TF1<\/strong><br \/>\n        Communiqu\u00e9 de presse    <\/p><\/blockquote>\n<p>Une date avanc\u00e9e chaque ann\u00e9e<\/p>\n<p class=\" wall-content\">Nous sommes remont\u00e9s dans les archives de nos programmes TV et on se rend compte que chaque ann\u00e9e, les t\u00e9l\u00e9films de <a href=\"https:\/\/actu.fr\/tag\/noel\" target=\"_blank\" rel=\"noopener\">No\u00ebl<\/a> arrivent de plus en plus t\u00f4t.<\/p>\n<p class=\" wall-content\">En 2021, c\u2019\u00e9tait le 1er\u00a0novembre, en 2022, le 24\u00a0octobre, en 2023, le 23\u00a0octobre et en 2024, c\u2019\u00e9tait le <strong>14\u00a0octobre<\/strong>.<\/p>\n<p class=\" wall-content\">Peu importe si les sc\u00e9narios de ces films sont simples ou mielleux\u2009: ils s\u00e9duisent toujours autant, et les cha\u00eenes ont d\u00e9cid\u00e9 de surfer sur ces programmes.<\/p>\n<p>Votre r\u00e9gion, votre actu !<\/p>\n<p>Recevez chaque jour les infos qui comptent pour vous.<\/p>\n<p>\t<a href=\"https:\/\/actu.fr\/newsletter\" class=\"ac-btn ac-btn--corner ac-btn--medium ac-btn--blue800\" target=\"_blank\" rel=\"noopener\">S&rsquo;incrire<\/a><br \/>\nQui ouvre le bal\u2009?<\/p>\n<p class=\" wall-content\">Le premier film de l\u2019ann\u00e9e sera un in\u00e9dit\u2009: Le tr\u00e9sor de No\u00ebl o\u00f9 Lacey Chabert, habitu\u00e9e du genre, interpr\u00e9ta une arch\u00e9ologue qui se lancera dans une exp\u00e9dition en Islande pour trouver le l\u00e9gendaire tr\u00e9sor des lutins et le mettre \u00e0 l\u2019abri dans le mus\u00e9e o\u00f9 elle travaille.<\/p>\n<blockquote class=\"ac-article-quote wall-content\">\n<p>Avec l&rsquo;aide de son ex-mari, un traducteur sp\u00e9cialiste des langues mortes, et de son ami Oli, un pilote qui l&rsquo;a accompagn\u00e9e dans de nombreuses aventures, elle se lance dans une chasse au tr\u00e9sor afin de mettre au jour 13 indices cens\u00e9s la mener \u00e0 un butin d&rsquo;une valeur incommensurable.<\/p>\n<p>    <strong>TF1<\/strong>\n            <\/p><\/blockquote>\n<p class=\" wall-content\">\u00c9videmment, d\u2019autres personnes parfois malintentionn\u00e9es convoitent aussi ce tr\u00e9sor.<\/p>\n<p class=\" wall-content\">Cette m\u00eame semaine, quatre autres t\u00e9l\u00e9films in\u00e9dits seront diffus\u00e9s sur TF1\u2009:<\/p>\n<ul class=\" wall-content\">\n<li>La grande course de No\u00ebl\u2009;<\/li>\n<li>Belles-m\u00e8res No\u00ebl\u2009;<\/li>\n<li>Les invit\u00e9es de No\u00ebl\u2009;<\/li>\n<li>Une victoire pour No\u00ebl.<\/li>\n<\/ul>\n<p class=\" wall-content\">Un coup d\u2019envoi en fanfare donc, deux mois et demi avant le passage du P\u00e8re No\u00ebl.<\/p>\n<p class=\" wall-content\">Personnalisez votre actualit\u00e9 en ajoutant vos villes et m\u00e9dias en favori avec <a href=\"https:\/\/moncompte.actu.fr\" title=\"D\u00e9couvez Mon Actu\" rel=\"nofollow noopener\" data-trk=\"{&quot;cta&quot;:{&quot;action&quot;:&quot;https:\\\/\\\/moncompte.actu.fr&quot;,&quot;category&quot;:&quot;mon compte&quot;,&quot;from&quot;:&quot;article footer&quot;,&quot;name&quot;:&quot;Mon actu&quot;,&quot;type&quot;:&quot;cta&quot;}}\" target=\"_blank\">Mon Actu<\/a>.<\/p>\n","protected":false},"excerpt":{"rendered":"Par R\u00e9daction Actu Publi\u00e9 le 24 sept. 2025 \u00e0 21h23 Pour No\u00ebl, Mariah Carey ne veut grand-chose. Mais&hellip;\n","protected":false},"author":2,"featured_media":415323,"comment_status":"","ping_status":"","sticky":false,"template":"","format":"standard","meta":{"footnotes":""},"categories":[1356],"tags":[58,59,1011,27,1652,15830,252,1364],"class_list":{"0":"post-415322","1":"post","2":"type-post","3":"status-publish","4":"format-standard","5":"has-post-thumbnail","7":"category-television","8":"tag-divertissement","9":"tag-entertainment","10":"tag-fr","11":"tag-france","12":"tag-loisirs-culture","13":"tag-noel","14":"tag-television","15":"tag-tv"},"share_on_mastodon":{"url":"https:\/\/pubeurope.com\/@fr\/115262340764871495","error":""},"_links":{"self":[{"href":"https:\/\/www.europesays.com\/fr\/wp-json\/wp\/v2\/posts\/415322","targetHints":{"allow":["GET"]}}],"collection":[{"href":"https:\/\/www.europesays.com\/fr\/wp-json\/wp\/v2\/posts"}],"about":[{"href":"https:\/\/www.europesays.com\/fr\/wp-json\/wp\/v2\/types\/post"}],"author":[{"embeddable":true,"href":"https:\/\/www.europesays.com\/fr\/wp-json\/wp\/v2\/users\/2"}],"replies":[{"embeddable":true,"href":"https:\/\/www.europesays.com\/fr\/wp-json\/wp\/v2\/comments?post=415322"}],"version-history":[{"count":0,"href":"https:\/\/www.europesays.com\/fr\/wp-json\/wp\/v2\/posts\/415322\/revisions"}],"wp:featuredmedia":[{"embeddable":true,"href":"https:\/\/www.europesays.com\/fr\/wp-json\/wp\/v2\/media\/415323"}],"wp:attachment":[{"href":"https:\/\/www.europesays.com\/fr\/wp-json\/wp\/v2\/media?parent=415322"}],"wp:term":[{"taxonomy":"category","embeddable":true,"href":"https:\/\/www.europesays.com\/fr\/wp-json\/wp\/v2\/categories?post=415322"},{"taxonomy":"post_tag","embeddable":true,"href":"https:\/\/www.europesays.com\/fr\/wp-json\/wp\/v2\/tags?post=415322"}],"curies":[{"name":"wp","href":"https:\/\/api.w.org\/{rel}","templated":true}]}}