{"id":415345,"date":"2025-09-25T01:40:17","date_gmt":"2025-09-25T01:40:17","guid":{"rendered":"https:\/\/www.europesays.com\/fr\/415345\/"},"modified":"2025-09-25T01:40:17","modified_gmt":"2025-09-25T01:40:17","slug":"le-destockage-textile-geant-de-labri-promesse-de-bonnes-affaires","status":"publish","type":"post","link":"https:\/\/www.europesays.com\/fr\/415345\/","title":{"rendered":"le d\u00e9stockage textile g\u00e9ant de l\u2019Abri, promesse de bonnes affaires"},"content":{"rendered":"<p>Jusqu\u2019\u00e0 samedi soir, c\u2019est \u00e0 la recyclerie Annie-Thi\u00e9baut qu\u2019une vaste op\u00e9ration de d\u00e9stockage textile a lieu \u00e0 l\u2019initiative de l\u2019association L\u2019Abri. Des milliers de v\u00eatements, chaussures, tissus, du linge de maison et autres articles de mercerie s\u2019y acqui\u00e8rent \u00e0 des tarifs d\u00e9fiant toute concurrence. Des articles d\u2019occasion mais aussi des pi\u00e8ces neuves qui font le bonheur des amateurs de bonnes affaires. Aper\u00e7u en images.<\/p>\n","protected":false},"excerpt":{"rendered":"Jusqu\u2019\u00e0 samedi soir, c\u2019est \u00e0 la recyclerie Annie-Thi\u00e9baut qu\u2019une vaste op\u00e9ration de d\u00e9stockage textile a lieu \u00e0 l\u2019initiative&hellip;\n","protected":false},"author":2,"featured_media":415346,"comment_status":"","ping_status":"","sticky":false,"template":"","format":"standard","meta":{"footnotes":""},"categories":[9653],"tags":[1111,11,2430,5738,11679,22455,130,33,1798,436,1777,674,107,1011,27,2798,12,2922,25,4001,33907,3365,1631,774],"class_list":{"0":"post-415345","1":"post","2":"type-post","3":"status-publish","4":"format-standard","5":"has-post-thumbnail","7":"category-saint-etienne","8":"tag-actu","9":"tag-actualites","10":"tag-auvergne-rhone-alpes","11":"tag-bourses","12":"tag-brocantes","13":"tag-cc-de-la-porte-des-vosges-meridionales-88a","14":"tag-consommation","15":"tag-economie","16":"tag-edition-remiremont-gerardmer","17":"tag-environnement","18":"tag-eu","19":"tag-europe","20":"tag-fil-info","21":"tag-fr","22":"tag-france","23":"tag-galerie-photo","24":"tag-news","25":"tag-pouvoir-dachat","26":"tag-republique-francaise","27":"tag-saint-etienne","28":"tag-saint-etienne-les-remiremont","29":"tag-vide-greniers","30":"tag-vie-associative","31":"tag-vosges"},"share_on_mastodon":{"url":"https:\/\/pubeurope.com\/@fr\/115262391920903828","error":""},"_links":{"self":[{"href":"https:\/\/www.europesays.com\/fr\/wp-json\/wp\/v2\/posts\/415345","targetHints":{"allow":["GET"]}}],"collection":[{"href":"https:\/\/www.europesays.com\/fr\/wp-json\/wp\/v2\/posts"}],"about":[{"href":"https:\/\/www.europesays.com\/fr\/wp-json\/wp\/v2\/types\/post"}],"author":[{"embeddable":true,"href":"https:\/\/www.europesays.com\/fr\/wp-json\/wp\/v2\/users\/2"}],"replies":[{"embeddable":true,"href":"https:\/\/www.europesays.com\/fr\/wp-json\/wp\/v2\/comments?post=415345"}],"version-history":[{"count":0,"href":"https:\/\/www.europesays.com\/fr\/wp-json\/wp\/v2\/posts\/415345\/revisions"}],"wp:featuredmedia":[{"embeddable":true,"href":"https:\/\/www.europesays.com\/fr\/wp-json\/wp\/v2\/media\/415346"}],"wp:attachment":[{"href":"https:\/\/www.europesays.com\/fr\/wp-json\/wp\/v2\/media?parent=415345"}],"wp:term":[{"taxonomy":"category","embeddable":true,"href":"https:\/\/www.europesays.com\/fr\/wp-json\/wp\/v2\/categories?post=415345"},{"taxonomy":"post_tag","embeddable":true,"href":"https:\/\/www.europesays.com\/fr\/wp-json\/wp\/v2\/tags?post=415345"}],"curies":[{"name":"wp","href":"https:\/\/api.w.org\/{rel}","templated":true}]}}