{"id":415365,"date":"2025-09-25T01:51:14","date_gmt":"2025-09-25T01:51:14","guid":{"rendered":"https:\/\/www.europesays.com\/fr\/415365\/"},"modified":"2025-09-25T01:51:14","modified_gmt":"2025-09-25T01:51:14","slug":"lassociation-jazzelles-se-mobilise-pour-les-femmes-atteintes-dun-cancer","status":"publish","type":"post","link":"https:\/\/www.europesays.com\/fr\/415365\/","title":{"rendered":"L\u2019association Jazz\u2019Elles se mobilise pour les femmes atteintes d\u2019un cancer"},"content":{"rendered":"<p>\u00a0Par la danse, nous voulons nous r\u00e9approprier notre corps et notre f\u00e9minit\u00e9\u00a0 assure Sandra Denis, la pr\u00e9sidente. \u00a0Les participantes retrouvent confiance et partagent des moments d\u2019\u00e9change et de solidarit\u00e9.\u00a0 L\u2019association Jazz\u2019Elles propose au Rheu (si\u00e8ge de l\u2019association) et \u00e0 Rennes (Ille-et-Vilaine), des ateliers de danse moderne jazz pour les femmes qui suivent un traitement contre le <a href=\"https:\/\/sante.ouest-france.fr\/cancer\/le-centre-de-lutte-contre-le-cancer-eugene-marquis-de-rennes-reconnu-au-niveau-europeen-6136e1f6-50de-11f0-9865-cae506d28d23\" target=\"_blank\" rel=\"noopener\">cancer<\/a>.<\/p>\n<p>Un documentaire pour 2026<\/p>\n<p>En avril\u00a02025 au Rheu, ce groupe a d\u00e9j\u00e0 eu l\u2019occasion de proposer un spectacle sur leur aventure collective. Aujourd\u2019hui, l\u2019association s\u2019engage dans une nouvelle \u00e9tape. Na\u00efades Films a suivi ces femmes pendant plusieurs semaines. \u00a0L\u2019association Jazz\u2019Elles souhaite montrer la puissance de la danse et du collectif face au cancer, \u00e0 travers un film pour sensibiliser le grand public et inspirer d\u2019autres initiatives\u00a0\u00bb, d\u00e9taille Sandra Denis.<\/p>\n<p>Ce projet sera pr\u00e9sent\u00e9 le mercredi 1er\u00a0octobre, de 10\u00a0h \u00e0 11\u00a0h\u00a030, \u00e0 l\u2019Autre Lieu, au Rheu (8, rue Dr Wagner). \u00a0Jazz\u2019Elles est \u00e0 la recherche de financements et de diffuseurs pour ce documentaire.\u00a0 L\u2019association invite\u00a0celles et ceux qui souhaitent d\u00e9couvrir ce projet et soutenir sa concr\u00e9tisation\u00a0de quelque fa\u00e7on, sont les bienvenus.<\/p>\n<p><strong>Lire <\/strong> <strong>aussi\u00a0<\/strong> <strong>:<\/strong> <a href=\"https:\/\/rennes.maville.com\/actu\/actudet_-27-cas-de-cancers-du-sein-dans-sa-famille-cette-bretonne-beneficie-d-un-suivi-personnalise-_7-6775699_actu.Htm\" target=\"_blank\" rel=\"noopener\">27\u00a0cas de cancers du sein dans sa famille\u00a0: cette Bretonne b\u00e9n\u00e9ficie d\u2019un suivi personnalis\u00e9<\/a><\/p>\n<p>Un \u00e9v\u00e9nement \u00e0 la MJC Br\u00e9quigny<\/p>\n<p>\u00a0Apr\u00e8s une premi\u00e8re repr\u00e9sentation tr\u00e8s remarqu\u00e9e au Rheu, nous proposons samedi 27\u00a0septembre un autre temps fort pour l\u2019association\u00a0\u00bb, d\u00e9crit la pr\u00e9sidente. Et Sandra Denis pr\u00e9cise que les personnes int\u00e9ress\u00e9es peuvent participer seulement \u00e0 une partie de l\u2019apr\u00e8s-midi.<\/p>\n<p>D\u2019abord \u00ab<strong>\u00a0une Conf\u00e9rence-Echanges, \u00e0 14\u00a0h\u00a030, avec des sp\u00e9cialistes pour parler sans tabou d\u2019un traitement dit de l\u2019\u00a0apr\u00e8s-cancer\u00a0, appel\u00e9 hormonoth\u00e9rapie\u00a0\u00bb<\/strong>. Con\u00e7u pour limiter les risques de r\u00e9cidives\u2026<\/p>\n<p>Ce traitement qui tranche avec la p\u00e9riode des traitements lourds (chimio, rayons) repr\u00e9sente un vrai dilemme pour les femmes concern\u00e9es. \u00a0Ensuite \u00e0 16\u00a0h une pr\u00e9sentation de l\u2019association puis notre chor\u00e9graphie\u00a0, la m\u00eame que celle pr\u00e9sent\u00e9e en avril\u00a02025 au Rheu, \u00a0les 300\u00a0personnes du public avaient \u00e9t\u00e9 tr\u00e8s \u00e9mues\u00a0. Le troisi\u00e8me volet, \u00a0\u00e0 17\u00a0h, un seul en sc\u00e8ne humoristique, La chauve-sourit, avec Caroline Le Flour, qui a connu aussi le cancer\u00a0.<\/p>\n<p><strong>Contact\u00a0: <\/strong> <a href=\"https:\/\/www.lachauvesourit.com\/\" target=\"_blank\" rel=\"noopener\">www.lachauvesourit.com<\/a>. Tarif unique 12\u00a0\u20ac, et 5\u00a0\u20ac moins de 18\u00a0ans, r\u00e9servations sur helloasso.fr. Renseignements\u00a0: jazzellesasso@gmail.com ou par t\u00e9l. 06\u00a022\u00a041\u00a018\u00a090.<\/p>\n<p>\u00a0<\/p>\n","protected":false},"excerpt":{"rendered":"\u00a0Par la danse, nous voulons nous r\u00e9approprier notre corps et notre f\u00e9minit\u00e9\u00a0 assure Sandra Denis, la pr\u00e9sidente. \u00a0Les&hellip;\n","protected":false},"author":2,"featured_media":415366,"comment_status":"","ping_status":"","sticky":false,"template":"","format":"standard","meta":{"footnotes":""},"categories":[2821],"tags":[1111,11,4077,34888,829,101,1777,674,4651,1011,27,6910,9873,12,584,25],"class_list":{"0":"post-415365","1":"post","2":"type-post","3":"status-publish","4":"format-standard","5":"has-post-thumbnail","7":"category-rennes","8":"tag-actu","9":"tag-actualites","10":"tag-association","11":"tag-atteintes","12":"tag-bretagne","13":"tag-cancer","14":"tag-eu","15":"tag-europe","16":"tag-femmes","17":"tag-fr","18":"tag-france","19":"tag-jazz","20":"tag-mobilise","21":"tag-news","22":"tag-rennes","23":"tag-republique-francaise"},"share_on_mastodon":{"url":"https:\/\/pubeurope.com\/@fr\/115262435204074616","error":""},"_links":{"self":[{"href":"https:\/\/www.europesays.com\/fr\/wp-json\/wp\/v2\/posts\/415365","targetHints":{"allow":["GET"]}}],"collection":[{"href":"https:\/\/www.europesays.com\/fr\/wp-json\/wp\/v2\/posts"}],"about":[{"href":"https:\/\/www.europesays.com\/fr\/wp-json\/wp\/v2\/types\/post"}],"author":[{"embeddable":true,"href":"https:\/\/www.europesays.com\/fr\/wp-json\/wp\/v2\/users\/2"}],"replies":[{"embeddable":true,"href":"https:\/\/www.europesays.com\/fr\/wp-json\/wp\/v2\/comments?post=415365"}],"version-history":[{"count":0,"href":"https:\/\/www.europesays.com\/fr\/wp-json\/wp\/v2\/posts\/415365\/revisions"}],"wp:featuredmedia":[{"embeddable":true,"href":"https:\/\/www.europesays.com\/fr\/wp-json\/wp\/v2\/media\/415366"}],"wp:attachment":[{"href":"https:\/\/www.europesays.com\/fr\/wp-json\/wp\/v2\/media?parent=415365"}],"wp:term":[{"taxonomy":"category","embeddable":true,"href":"https:\/\/www.europesays.com\/fr\/wp-json\/wp\/v2\/categories?post=415365"},{"taxonomy":"post_tag","embeddable":true,"href":"https:\/\/www.europesays.com\/fr\/wp-json\/wp\/v2\/tags?post=415365"}],"curies":[{"name":"wp","href":"https:\/\/api.w.org\/{rel}","templated":true}]}}