{"id":415395,"date":"2025-09-25T02:09:18","date_gmt":"2025-09-25T02:09:18","guid":{"rendered":"https:\/\/www.europesays.com\/fr\/415395\/"},"modified":"2025-09-25T02:09:18","modified_gmt":"2025-09-25T02:09:18","slug":"a-lyon-jean-michel-aulas-se-lance-avec-une-lettre-un-meeting-et-beaucoup-de-soutiens","status":"publish","type":"post","link":"https:\/\/www.europesays.com\/fr\/415395\/","title":{"rendered":"\u00c0 Lyon, Jean-Michel Aulas se lance avec une lettre, un meeting et beaucoup de soutiens"},"content":{"rendered":"<p>Le suspense est lev\u00e9. C&rsquo;est par courrier que <a href=\"https:\/\/www.latribune.fr\/la-tribune-dimanche\/politique\/municipales-2026-jean-michel-aulas-annonce-officiellement-sa-candidature-a-lyon-1031844.html\" target=\"_blank\" rel=\"noopener\">Jean-Michel Aulas<\/a>, 76 ans, homme d&rsquo;affaires lyonnais et ancien pr\u00e9sident de l&rsquo;<a href=\"https:\/\/www.latribune.fr\/economie\/france\/foot-le-club-de-lyon-va-finaliser-le-refinancement-de-sa-dette-a-hauteur-de-385-millions-d-euros-985383.html\" target=\"_blank\" rel=\"noopener\">Olympique Lyonnais<\/a>, va se lancer dans la campagne des municipales. Celui qui pr\u00e9side la ligue f\u00e9minine de football professionnel a d\u00e9cid\u00e9 d&rsquo;\u00e9crire aux habitants de la capitale des Gaules pour annoncer sa candidature.<\/p>\n<p>Sa missive sera distribu\u00e9e, ce jeudi, dans 100.000 bo\u00eetes aux lettres de la ville. Dans la foul\u00e9e, cette figure m\u00e9diatique, totalement n\u00e9ophyte en politique, tiendra vendredi soir son premier meeting au H7, cette salle de 900 places du quartier Confluence, embl\u00e8me de la French Tech lyonnaise. La r\u00e9union sera d&rsquo;ailleurs retransmise par BFM Lyon.<\/p>\n<p>Un premier test, alors que l&rsquo;homme d&rsquo;affaires est attendu sur son orientation et sa capacit\u00e9 \u00e0 f\u00e9d\u00e9rer les formations politiques qui ont d\u00e9cid\u00e9 de lui apporter leur soutien : des LR \u00e0 Renaissance, en passant par l&rsquo;UDI et Horizons. Il prononcera, ce jour-l\u00e0, son premier discours d&rsquo;homme politique, m\u00eame s&rsquo;il prend soin de placer sa candidature sous le signe de la soci\u00e9t\u00e9 civile pour battre le maire sortant \u00e9cologiste <a href=\"https:\/\/www.latribune.fr\/la-tribune-dimanche\/politique\/gregory-doucet-et-pierre-hurmic-maires-ecologistes-de-lyon-et-bordeaux-nous-accuser-d-angelisme-est-a-cote-de-la-plaque-1017337.html\" target=\"_blank\" rel=\"noopener\">Gr\u00e9gory Doucet<\/a>.<\/p>\n","protected":false},"excerpt":{"rendered":"Le suspense est lev\u00e9. C&rsquo;est par courrier que Jean-Michel Aulas, 76 ans, homme d&rsquo;affaires lyonnais et ancien pr\u00e9sident&hellip;\n","protected":false},"author":2,"featured_media":415396,"comment_status":"","ping_status":"","sticky":false,"template":"","format":"standard","meta":{"footnotes":""},"categories":[1889],"tags":[17,1111,11,14941,2430,3396,1777,674,1011,27,40871,3102,9447,22341,2428,12,25,96],"class_list":{"0":"post-415395","1":"post","2":"type-post","3":"status-publish","4":"format-standard","5":"has-post-thumbnail","7":"category-lyon","8":"tag-17","9":"tag-actu","10":"tag-actualites","11":"tag-aulas","12":"tag-auvergne-rhone-alpes","13":"tag-avec","14":"tag-eu","15":"tag-europe","16":"tag-fr","17":"tag-france","18":"tag-jean-michel","19":"tag-la-tribune-dimanche","20":"tag-lance","21":"tag-lettre","22":"tag-lyon","23":"tag-news","24":"tag-republique-francaise","25":"tag-une"},"share_on_mastodon":{"url":"https:\/\/pubeurope.com\/@fr\/115262505803830654","error":""},"_links":{"self":[{"href":"https:\/\/www.europesays.com\/fr\/wp-json\/wp\/v2\/posts\/415395","targetHints":{"allow":["GET"]}}],"collection":[{"href":"https:\/\/www.europesays.com\/fr\/wp-json\/wp\/v2\/posts"}],"about":[{"href":"https:\/\/www.europesays.com\/fr\/wp-json\/wp\/v2\/types\/post"}],"author":[{"embeddable":true,"href":"https:\/\/www.europesays.com\/fr\/wp-json\/wp\/v2\/users\/2"}],"replies":[{"embeddable":true,"href":"https:\/\/www.europesays.com\/fr\/wp-json\/wp\/v2\/comments?post=415395"}],"version-history":[{"count":0,"href":"https:\/\/www.europesays.com\/fr\/wp-json\/wp\/v2\/posts\/415395\/revisions"}],"wp:featuredmedia":[{"embeddable":true,"href":"https:\/\/www.europesays.com\/fr\/wp-json\/wp\/v2\/media\/415396"}],"wp:attachment":[{"href":"https:\/\/www.europesays.com\/fr\/wp-json\/wp\/v2\/media?parent=415395"}],"wp:term":[{"taxonomy":"category","embeddable":true,"href":"https:\/\/www.europesays.com\/fr\/wp-json\/wp\/v2\/categories?post=415395"},{"taxonomy":"post_tag","embeddable":true,"href":"https:\/\/www.europesays.com\/fr\/wp-json\/wp\/v2\/tags?post=415395"}],"curies":[{"name":"wp","href":"https:\/\/api.w.org\/{rel}","templated":true}]}}