{"id":415413,"date":"2025-09-25T02:19:16","date_gmt":"2025-09-25T02:19:16","guid":{"rendered":"https:\/\/www.europesays.com\/fr\/415413\/"},"modified":"2025-09-25T02:19:16","modified_gmt":"2025-09-25T02:19:16","slug":"carney-sera-a-londres-cette-semaine-pour-discuter-de-relations-commerciales","status":"publish","type":"post","link":"https:\/\/www.europesays.com\/fr\/415413\/","title":{"rendered":"Carney sera \u00e0 Londres cette semaine pour discuter de relations commerciales"},"content":{"rendered":"<p>OTTAWA \u2014 Le premier ministre Mark Carney se rendra au Royaume-Uni cette semaine pour discuter de relations commerciales et de questions g\u00e9opolitiques avec des dirigeants d\u2019autres pays. <\/p>\n<p>Le cabinet du premier ministre indique que M.\u00a0Carney sera \u00e0 Londres de jeudi \u00e0 dimanche. <\/p>\n<p>Il doit rencontrer le premier ministre britannique Keir Starmer et ses homologues de l\u2019Islande, de l\u2019Australie, de l\u2019Espagne et du Danemark.<\/p>\n<p>Son cabinet pr\u00e9cise qu\u2019il s\u2019entretiendra \u00e9galement avec des chefs d\u2019entreprise et des investisseurs institutionnels dans le cadre d\u2019une initiative plus large visant \u00e0 promouvoir le commerce avec les partenaires internationaux.<\/p>\n<p>Depuis le d\u00e9but du nouveau mandat lib\u00e9ral, M.\u00a0Carney et ses ministres s\u2019efforcent d\u2019approfondir les relations internationales du Canada, en particulier avec l\u2019Europe, en r\u00e9ponse \u00e0 l\u2019adoption par les \u00c9tats-Unis de politiques tarifaires protectionnistes.<\/p>\n<p>Le premier ministre termine mercredi un voyage aux Nations unies \u00e0 New York et s\u2019est rendu la semaine derni\u00e8re au Mexique pour conclure un accord afin de renforcer les liens \u00e9conomiques et s\u00e9curitaires avec cet alli\u00e9 nord-am\u00e9ricain.<\/p>\n","protected":false},"excerpt":{"rendered":"OTTAWA \u2014 Le premier ministre Mark Carney se rendra au Royaume-Uni cette semaine pour discuter de relations commerciales&hellip;\n","protected":false},"author":2,"featured_media":415414,"comment_status":"","ping_status":"","sticky":false,"template":"","format":"standard","meta":{"footnotes":""},"categories":[1588],"tags":[11,1777,674,4574,17885,4575,4576,12,473,1853,1851,1850,1852],"class_list":{"0":"post-415413","1":"post","2":"type-post","3":"status-publish","4":"format-standard","5":"has-post-thumbnail","7":"category-royaume-uni","8":"tag-actualites","9":"tag-eu","10":"tag-europe","11":"tag-https-lactualite-com-sujet-affaires","12":"tag-https-lactualite-com-sujet-commerce","13":"tag-https-lactualite-com-sujet-economie","14":"tag-https-lactualite-com-sujet-politique","15":"tag-news","16":"tag-royaume-uni","17":"tag-royaume-uni-de-grande-bretagne-et-dirlande-du-nord","18":"tag-uk","19":"tag-united-kingdom","20":"tag-united-kingdom-of-great-britain-and-northern-ireland"},"share_on_mastodon":{"url":"https:\/\/pubeurope.com\/@fr\/115262545345319216","error":""},"_links":{"self":[{"href":"https:\/\/www.europesays.com\/fr\/wp-json\/wp\/v2\/posts\/415413","targetHints":{"allow":["GET"]}}],"collection":[{"href":"https:\/\/www.europesays.com\/fr\/wp-json\/wp\/v2\/posts"}],"about":[{"href":"https:\/\/www.europesays.com\/fr\/wp-json\/wp\/v2\/types\/post"}],"author":[{"embeddable":true,"href":"https:\/\/www.europesays.com\/fr\/wp-json\/wp\/v2\/users\/2"}],"replies":[{"embeddable":true,"href":"https:\/\/www.europesays.com\/fr\/wp-json\/wp\/v2\/comments?post=415413"}],"version-history":[{"count":0,"href":"https:\/\/www.europesays.com\/fr\/wp-json\/wp\/v2\/posts\/415413\/revisions"}],"wp:featuredmedia":[{"embeddable":true,"href":"https:\/\/www.europesays.com\/fr\/wp-json\/wp\/v2\/media\/415414"}],"wp:attachment":[{"href":"https:\/\/www.europesays.com\/fr\/wp-json\/wp\/v2\/media?parent=415413"}],"wp:term":[{"taxonomy":"category","embeddable":true,"href":"https:\/\/www.europesays.com\/fr\/wp-json\/wp\/v2\/categories?post=415413"},{"taxonomy":"post_tag","embeddable":true,"href":"https:\/\/www.europesays.com\/fr\/wp-json\/wp\/v2\/tags?post=415413"}],"curies":[{"name":"wp","href":"https:\/\/api.w.org\/{rel}","templated":true}]}}