{"id":415415,"date":"2025-09-25T02:20:17","date_gmt":"2025-09-25T02:20:17","guid":{"rendered":"https:\/\/www.europesays.com\/fr\/415415\/"},"modified":"2025-09-25T02:20:17","modified_gmt":"2025-09-25T02:20:17","slug":"allemagne-le-moral-des-entrepreneurs-recule-avant-lautomne-des-reformes-24-09-2025-a-1100","status":"publish","type":"post","link":"https:\/\/www.europesays.com\/fr\/415415\/","title":{"rendered":"Allemagne: le moral des entrepreneurs recule avant l'\u00a0\u00bbautomne des r\u00e9formes\u00a0\u00bb &#8211; 24\/09\/2025 \u00e0 11:00"},"content":{"rendered":"<p>\n Le moral des patrons allemands a chut\u00e9 de mani\u00e8re inattendue en septembre, interrompant huit mois cons\u00e9cutifs de hausse et soulignant la fragilit\u00e9 des espoirs de relance de la premi\u00e8re \u00e9conomie europ\u00e9enne.\n<\/p>\n<p>        <img fetchpriority=\"high\" decoding=\"async\" src=\"https:\/\/www.europesays.com\/fr\/wp-content\/uploads\/2025\/09\/8d60ba54304e6847dfcd4304499eeda3-760x467.jpg\" alt=\"( AFP \/ JOHN MACDOUGALL )\" loading=\"eager\" width=\"760\" height=\"467\" style=\"max-width: 100%!important; height: auto;\"\/><\/p>\n<p class=\"c-image-news__legend\">( AFP \/ JOHN MACDOUGALL )<\/p>\n<p>\n La composante principale du barom\u00e8tre Ifo, qui mesure le climat des affaires en Allemagne, s&rsquo;est \u00e9tablie \u00e0 87,7 points, en recul de 1,2 point par rapport \u00e0 ao\u00fbt, selon un communiqu\u00e9 publi\u00e9 mercredi.\n<\/p>\n<p>\n Les analystes sond\u00e9s par Factset tablaient, eux, sur une hausse de l&rsquo;indice \u00e0 89,2 points.\n<\/p>\n<p>\n \u00ab\u00a0Les entreprises \u00e9taient moins satisfaites de la situation actuelle, tandis que leurs perspectives se sont nettement assombries\u00a0\u00bb, a d\u00e9clar\u00e9 le pr\u00e9sident de l&rsquo;Ifo, Clemens Fuest, dans le communiqu\u00e9.\n<\/p>\n<p>\n \u00ab\u00a0L&rsquo;espoir d&rsquo;une reprise \u00e9conomique en Allemagne subit un coup d&rsquo;arr\u00eat\u00a0\u00bb, ajoute-t-il.\n<\/p>\n<p>\n Le secteur manufacturier allemand, tr\u00e8s d\u00e9pendant des exportations, est particuli\u00e8rement touch\u00e9 par le protectionnisme am\u00e9ricain. Depuis juillet, la plupart des produits europ\u00e9ens sont soumis \u00e0 un droit de douane de 15% aux \u00c9tats-Unis.\n<\/p>\n<p>\n Cette semaine, l&rsquo;OCDE a l\u00e9g\u00e8rement abaiss\u00e9 ses pr\u00e9visions de croissance pour l&rsquo;Allemagne, avec 1,1% de hausse du Produit int\u00e9rieur brut pr\u00e9vue en 2026 apr\u00e8s 0,3% en 2025.\n<\/p>\n<p>\n Les principaux instituts allemands pr\u00e9senteront leur pr\u00e9vision commune jeudi.\n<\/p>\n<p>\n Les principales f\u00e9d\u00e9rations patronales allemandes ont quant \u00e0 elles mis lundi la pression sur le chancelier Friedrich Merz sur \u00ab\u00a0l&rsquo;urgence\u00a0\u00bb des r\u00e9formes qu&rsquo;elles jugent n\u00e9cessaires \u00e0 la relance de l&rsquo;\u00e9conomie.\n<\/p>\n<p>\n Les patrons ont exig\u00e9 des r\u00e9formes sociales, la r\u00e9duction de la bureaucratie et la modernisation de l&rsquo;Etat.\n<\/p>\n<p>\n Le gouvernement allemand est, lui, attendu sur l'\u00a0\u00bbautomne des r\u00e9formes\u00a0\u00bb promis par M. Merz, tandis que le budget pour l&rsquo;ann\u00e9e 2026 a commenc\u00e9 \u00e0 \u00eatre examin\u00e9 au Parlement.\n<\/p>\n<p>\n Ce budget pr\u00e9voit des investissements record de 126 milliards d&rsquo;euros l&rsquo;an prochain, provenant en partie d&rsquo;un fonds sp\u00e9cial pour moderniser les infrastructures.\n<\/p>\n<p>\n \u00ab\u00a0La croissance (allemande) ne s&rsquo;acc\u00e9l\u00e9rera r\u00e9ellement que l&rsquo;ann\u00e9e prochaine, lorsque la politique budg\u00e9taire sera consid\u00e9rablement assouplie\u00a0\u00bb, estiment les experts de Capital Economics.<\/p>\n","protected":false},"excerpt":{"rendered":"Le moral des patrons allemands a chut\u00e9 de mani\u00e8re inattendue en septembre, interrompant huit mois cons\u00e9cutifs de hausse&hellip;\n","protected":false},"author":2,"featured_media":415416,"comment_status":"","ping_status":"","sticky":false,"template":"","format":"standard","meta":{"footnotes":""},"categories":[1587],"tags":[400,11,672,398,408,1804,405,1805,1803,1777,674,1801,403,402,399,404,12,1802,401,406,407],"class_list":{"0":"post-415415","1":"post","2":"type-post","3":"status-publish","4":"format-standard","5":"has-post-thumbnail","7":"category-allemagne","8":"tag-action-cac-40","9":"tag-actualites","10":"tag-allemagne","11":"tag-bourse-de-paris","12":"tag-boursorama","13":"tag-bundesrepublik-deutschland","14":"tag-cotations","15":"tag-de","16":"tag-deutschland","17":"tag-eu","18":"tag-europe","19":"tag-germany","20":"tag-indices-devises","21":"tag-investir","22":"tag-investissement","23":"tag-marche-boursier","24":"tag-news","25":"tag-republique-federale-dallemagne","26":"tag-sicav","27":"tag-trackers","28":"tag-warrants"},"share_on_mastodon":{"url":"https:\/\/pubeurope.com\/@fr\/115262549281923103","error":""},"_links":{"self":[{"href":"https:\/\/www.europesays.com\/fr\/wp-json\/wp\/v2\/posts\/415415","targetHints":{"allow":["GET"]}}],"collection":[{"href":"https:\/\/www.europesays.com\/fr\/wp-json\/wp\/v2\/posts"}],"about":[{"href":"https:\/\/www.europesays.com\/fr\/wp-json\/wp\/v2\/types\/post"}],"author":[{"embeddable":true,"href":"https:\/\/www.europesays.com\/fr\/wp-json\/wp\/v2\/users\/2"}],"replies":[{"embeddable":true,"href":"https:\/\/www.europesays.com\/fr\/wp-json\/wp\/v2\/comments?post=415415"}],"version-history":[{"count":0,"href":"https:\/\/www.europesays.com\/fr\/wp-json\/wp\/v2\/posts\/415415\/revisions"}],"wp:featuredmedia":[{"embeddable":true,"href":"https:\/\/www.europesays.com\/fr\/wp-json\/wp\/v2\/media\/415416"}],"wp:attachment":[{"href":"https:\/\/www.europesays.com\/fr\/wp-json\/wp\/v2\/media?parent=415415"}],"wp:term":[{"taxonomy":"category","embeddable":true,"href":"https:\/\/www.europesays.com\/fr\/wp-json\/wp\/v2\/categories?post=415415"},{"taxonomy":"post_tag","embeddable":true,"href":"https:\/\/www.europesays.com\/fr\/wp-json\/wp\/v2\/tags?post=415415"}],"curies":[{"name":"wp","href":"https:\/\/api.w.org\/{rel}","templated":true}]}}