{"id":415421,"date":"2025-09-25T02:23:12","date_gmt":"2025-09-25T02:23:12","guid":{"rendered":"https:\/\/www.europesays.com\/fr\/415421\/"},"modified":"2025-09-25T02:23:12","modified_gmt":"2025-09-25T02:23:12","slug":"le-retour-de-lisf-au-coeur-dun-hypothetique-compromis-entre-lecornu-et-le-ps","status":"publish","type":"post","link":"https:\/\/www.europesays.com\/fr\/415421\/","title":{"rendered":"le retour de l\u2019ISF au c\u0153ur d\u2019un hypoth\u00e9tique compromis entre Lecornu et le PS"},"content":{"rendered":"<p><strong>D\u00c9CRYPTAGE &#8211;<\/strong> Le camp d\u2019Emmanuel Macron semble pr\u00eat \u00e0 conc\u00e9der cette mesure aux socialistes, sans garantie d\u2019\u00e9viter la censure.<\/p>\n<p class=\"fig-paragraph\">\u00ab\u00a0Une occasion manqu\u00e9e.\u00a0\u00bb\u00a0<a href=\"http:\/\/www.lefigaro.fr\/conjoncture\/marylise-leon-sur-la-retraite-par-capitalisation-nous-n-avons-pas-de-tabou-20250521\" target=\"_blank\" data-fig-type=\"Article\" rel=\"noopener\" data-gtm-custom-categorie=\"navigation\" data-gtm-custom-action=\"crossclick\" data-gtm-custom-label=\"Contextuel\" data-gtm-event=\"customEventSPE\" data-fig-domain=\"LEFIGARO\">La num\u00e9ro un de la CFDT, Marylise L\u00e9on<\/a>, et son homologue de la CGT, Sophie Binet, ont employ\u00e9 la m\u00eame expression, mercredi, en sortant du rendez-vous entre l\u2019intersyndicale et\u00a0<a href=\"http:\/\/www.lefigaro.fr\/conjoncture\/etat-efficace-sebastien-lecornu-gele-les-frais-de-communication-de-l-etat-cette-annee-20250923\" target=\"_blank\" data-fig-type=\"NewsFlash\" rel=\"noopener\" data-gtm-custom-categorie=\"navigation\" data-gtm-custom-action=\"crossclick\" data-gtm-custom-label=\"Contextuel\" data-gtm-event=\"customEventSPE\" data-fig-domain=\"LEFIGARO\">S\u00e9bastien Lecornu<\/a>. D\u00e9\u00e7us de n\u2019avoir rien entendu de \u00ab\u00a0pr\u00e9cis\u00a0\u00bb sur les intentions du premier ministre, les syndicats ont annonc\u00e9 une nouvelle journ\u00e9e de mobilisation le 2\u00a0octobre, apr\u00e8s celle de la semaine derni\u00e8re. S\u00e9bastien Lecornu a \u00e9galement re\u00e7u les repr\u00e9sentants du patronat, qui met lui aussi la pression\u00a0:\u00a0<a href=\"http:\/\/www.lefigaro.fr\/societes\/il-ne-faudrait-pas-qu-on-soit-200-pingouins-dans-une-salle-quand-le-patronat-s-echarpe-sur-la-mobilisation-des-chefs-d-entreprise-20250923\" target=\"_blank\" data-fig-type=\"Article\" rel=\"noopener\" data-gtm-custom-categorie=\"navigation\" data-gtm-custom-action=\"crossclick\" data-gtm-custom-label=\"Contextuel\" data-gtm-event=\"customEventSPE\" data-fig-domain=\"LEFIGARO\">le pr\u00e9sident du Medef, Patrick Martin<\/a>, a confirm\u00e9 la tenue d\u2019un meeting, pr\u00e9vu le 13\u00a0octobre. Mercredi soir, le premier ministre a d\u00e9clar\u00e9 qu\u2019il \u00abn\u2019entend pas passer en force\u00bb et adressera \u00abdans les prochains jours\u00bb un courrier aux partenaires sociaux \u00abpour leur demander leur contribution sur cinq th\u00e9matiques\u00bb: financement de la protection sociale, r\u00e9industrialisation et souverainet\u00e9 \u00e9conomique, conditions de travail et qualit\u00e9 de vie au travail, renforcement du paritarisme\u2026<\/p>\n<p class=\"fig-premium-paywall__infos\">\n        Cet article est r\u00e9serv\u00e9 aux abonn\u00e9s.        Il vous reste 86% \u00e0 d\u00e9couvrir.\n    <\/p>\n<p>                <img  data- alt=\"Le Figaro\" class=\"fig-img--complete fig-img\"\/><\/p>\n<p class=\"fig-premium-paywall__title\">Vous avez envie de lire la suite ?<\/p>\n<p class=\"fig-premium-paywall__subtitle\">D\u00e9bloquez tous les articles imm\u00e9diatement.<\/p>\n<p class=\"fig-premium-paywall__connect\">\n                D\u00e9j\u00e0 abonn\u00e9\u00a0?                <a class=\"fig-premium-paywall__connect-link\" href=\"https:\/\/connect.lefigaro.fr\/login?client=horizon_web&amp;type=main&amp;redirect_uri=https%3A%2F%2Fwww.lefigaro.fr%2Fpolitique%2Fil-faut-un-symbole-le-retour-de-l-isf-au-coeur-d-un-hypothetique-compromis-entre-lecornu-et-le-ps-20250924\" data-js-gtm=\"{&quot;customCategorie&quot;: &quot;conversion&quot;, &quot;customAction&quot;: &quot;before_Landing_Connexion_paywall_auto&quot;, &quot;customLabel&quot;: &quot;bGVmaWdhcm8uZnJfXzFmMDk5MzdlLTNiYzYtNjYxOC1hN2Q2LWNmZWI4YzY3YWRlOV9fQXJ0aWNsZQ==_\u00abIl faut un symbole\u00bb\u00a0: le retour de l\u2019ISF au c\u0153ur d\u2019un hypoth\u00e9tique compromis entre Lecornu et le PS_1000&quot;, &quot;customIDSPE&quot;: &quot;bGVmaWdhcm8uZnJfXzFmMDk5MzdlLTNiYzYtNjYxOC1hN2Q2LWNmZWI4YzY3YWRlOV9fQXJ0aWNsZQ==&quot;, &quot;event&quot;: &quot;customEventSPE&quot;}\" target=\"_blank\" rel=\"noopener\"><br \/>\n                    Connectez-vous<br \/>\n                <\/a>\n            <\/p>\n","protected":false},"excerpt":{"rendered":"D\u00c9CRYPTAGE &#8211; Le camp d\u2019Emmanuel Macron semble pr\u00eat \u00e0 conc\u00e9der cette mesure aux socialistes, sans garantie d\u2019\u00e9viter la&hellip;\n","protected":false},"author":2,"featured_media":415422,"comment_status":"","ping_status":"","sticky":false,"template":"","format":"standard","meta":{"footnotes":""},"categories":[2],"tags":[11,1011,27,54597,12,3541,25,11067],"class_list":{"0":"post-415421","1":"post","2":"type-post","3":"status-publish","4":"format-standard","5":"has-post-thumbnail","7":"category-actualites","8":"tag-actualites","9":"tag-fr","10":"tag-france","11":"tag-isf","12":"tag-news","13":"tag-parti-socialiste","14":"tag-republique-francaise","15":"tag-sebastien-lecornu"},"share_on_mastodon":{"url":"https:\/\/pubeurope.com\/@fr\/115262561066908337","error":""},"_links":{"self":[{"href":"https:\/\/www.europesays.com\/fr\/wp-json\/wp\/v2\/posts\/415421","targetHints":{"allow":["GET"]}}],"collection":[{"href":"https:\/\/www.europesays.com\/fr\/wp-json\/wp\/v2\/posts"}],"about":[{"href":"https:\/\/www.europesays.com\/fr\/wp-json\/wp\/v2\/types\/post"}],"author":[{"embeddable":true,"href":"https:\/\/www.europesays.com\/fr\/wp-json\/wp\/v2\/users\/2"}],"replies":[{"embeddable":true,"href":"https:\/\/www.europesays.com\/fr\/wp-json\/wp\/v2\/comments?post=415421"}],"version-history":[{"count":0,"href":"https:\/\/www.europesays.com\/fr\/wp-json\/wp\/v2\/posts\/415421\/revisions"}],"wp:featuredmedia":[{"embeddable":true,"href":"https:\/\/www.europesays.com\/fr\/wp-json\/wp\/v2\/media\/415422"}],"wp:attachment":[{"href":"https:\/\/www.europesays.com\/fr\/wp-json\/wp\/v2\/media?parent=415421"}],"wp:term":[{"taxonomy":"category","embeddable":true,"href":"https:\/\/www.europesays.com\/fr\/wp-json\/wp\/v2\/categories?post=415421"},{"taxonomy":"post_tag","embeddable":true,"href":"https:\/\/www.europesays.com\/fr\/wp-json\/wp\/v2\/tags?post=415421"}],"curies":[{"name":"wp","href":"https:\/\/api.w.org\/{rel}","templated":true}]}}