{"id":415426,"date":"2025-09-25T02:29:19","date_gmt":"2025-09-25T02:29:19","guid":{"rendered":"https:\/\/www.europesays.com\/fr\/415426\/"},"modified":"2025-09-25T02:29:19","modified_gmt":"2025-09-25T02:29:19","slug":"atp-je-prefererais-voir-bublik-quun-de-minaur-au-masters-sur-un-format-2-sets-gagnants-il-peut-te-faire-nimporte-quoi-cest-du-kyrgios-affirme-benoit-maylin","status":"publish","type":"post","link":"https:\/\/www.europesays.com\/fr\/415426\/","title":{"rendered":"ATP > \u00ab\u00a0Je pr\u00e9f\u00e9rerais voir Bublik qu&rsquo;un De Minaur au Masters. Sur un format 2 sets gagnants, il peut te faire n&rsquo;importe quoi. C&rsquo;est du Kyrgios\u00a0\u00bb, affirme Beno\u00eet Maylin"},"content":{"rendered":"<p>Titr\u00e9 pour la quatri\u00e8me fois cette saison, gr\u00e2ce \u00e0 sa victoire face au Fran\u00e7ais Valentin Royer en finale de l\u2019ATP 250 de Hangzhou, Alexander Bublik peut r\u00eaver du Masters de fin d\u2019ann\u00e9e (9 au 16 septembre).\u00a0<\/p>\n<p>Lors de l\u2019\u00e9mis\u00adsion \u00ab\u202fSans Filet\u202f\u00bb de Winamax, le jour\u00adna\u00adliste a exprim\u00e9 sa volont\u00e9 de voir le Kazakh \u00e0 Turin du 9 au 16 novembre pour les Finales ATP.\u00a0<\/p>\n<blockquote class=\"twitter-tweet\">\n<p lang=\"fr\" dir=\"ltr\">\ud83e\udd29 \u00ab\u202fJe veux voir Bublik au Masters\u202f! Avec sa qualit\u00e9 de service et sa frappe tr\u00e8s pure il peut briller. Sur un format 2 sets gagnants, il peut te faire n\u2019im\u00adporte quoi, je pr\u00e9f\u00e9\u00adre\u00adrais voir Bublik qu\u2019un De Minaur par exemple.\u202f\u00bb<\/p>\n<p>\ud83d\udde3\ufe0f <a href=\"https:\/\/twitter.com\/BenoitMaylin?ref_src=twsrc%5Etfw\" data-wpel-link=\"external\" target=\"_blank\" rel=\"nofollow external noopener\">@BenoitMaylin<\/a> <a href=\"https:\/\/t.co\/mHFXWct6B1\" data-wpel-link=\"external\" target=\"_blank\" rel=\"nofollow external noopener\">pic.twitter.com\/mHFXWct6B1<\/a><\/p>\n<p>\u2014 Sans Filet \ud83d\udd1e (@SansFilet) <a href=\"https:\/\/twitter.com\/SansFilet\/status\/1970865365665329233?ref_src=twsrc%5Etfw\" data-wpel-link=\"external\" target=\"_blank\" rel=\"nofollow external noopener\">September 24,\u00a02025<\/a><\/p><\/blockquote>\n<p><strong>\u00ab\u202fJe veux voir Bublik au Masters\u202f! Il a gagn\u00e9 trois titres en indoor. Avec sa qualit\u00e9 de service et sa frappe tr\u00e8s pure, il peut briller. Quand tu n\u2019as aucune pres\u00adsion et que tu joues un peu en dilet\u00adtante comme il le faisait avant, pour\u00adquoi pas. L\u00e0, quels sont ses attentes\u202f? Il faut savoir se conna\u00eetre et ne pas trop se mettre de pres\u00adsion pour ne pas couler. Je suis tr\u00e8s curieux de voir ce qu\u2019il va faire. Mais Bublik au Masters, j\u2019ai envie de voir. C\u2019est du Kyrgios. Sur un format 2 sets gagnants, il peut te faire n\u2019im\u00adporte quoi, je pr\u00e9f\u00e9\u00adre\u00adrais voir Bublik qu\u2019un De Minaur par exemple. C\u2019est subjectif mais je pense que De Minaur est plus construit pour y arriver \u00e0 nouveau. Je ne sais pas si Bublik est capable de g\u00e9rer ce stress.\u202f\u00bb<\/strong><\/p>\n<p>Actuellement 12e \u00e0 la Race, Bublik doit encore doubler 4 joueurs pour esp\u00e9rer d\u00e9cro\u00adcher ce fameux ticket pour le Masters.<\/p>\n<p class=\"post-published-date\" style=\"color: silver; font-size: 75%; text-align: left;\">Publi\u00e9 le mercredi 24 septembre 2025 \u00e0 19:16<\/p>\n<p><script async src=\"https:\/\/platform.twitter.com\/widgets.js\" charset=\"utf-8\"><\/script><\/p>\n","protected":false},"excerpt":{"rendered":"Titr\u00e9 pour la quatri\u00e8me fois cette saison, gr\u00e2ce \u00e0 sa victoire face au Fran\u00e7ais Valentin Royer en finale&hellip;\n","protected":false},"author":2,"featured_media":142980,"comment_status":"","ping_status":"","sticky":false,"template":"","format":"standard","meta":{"footnotes":""},"categories":[1415],"tags":[15212,8081,1011,27,4874,60,1467],"class_list":{"0":"post-415426","1":"post","2":"type-post","3":"status-publish","4":"format-standard","5":"has-post-thumbnail","7":"category-tennis","8":"tag-bublik","9":"tag-de-minaur","10":"tag-fr","11":"tag-france","12":"tag-kyrgios","13":"tag-sports","14":"tag-tennis"},"share_on_mastodon":{"url":"https:\/\/pubeurope.com\/@fr\/115262584515498588","error":""},"_links":{"self":[{"href":"https:\/\/www.europesays.com\/fr\/wp-json\/wp\/v2\/posts\/415426","targetHints":{"allow":["GET"]}}],"collection":[{"href":"https:\/\/www.europesays.com\/fr\/wp-json\/wp\/v2\/posts"}],"about":[{"href":"https:\/\/www.europesays.com\/fr\/wp-json\/wp\/v2\/types\/post"}],"author":[{"embeddable":true,"href":"https:\/\/www.europesays.com\/fr\/wp-json\/wp\/v2\/users\/2"}],"replies":[{"embeddable":true,"href":"https:\/\/www.europesays.com\/fr\/wp-json\/wp\/v2\/comments?post=415426"}],"version-history":[{"count":0,"href":"https:\/\/www.europesays.com\/fr\/wp-json\/wp\/v2\/posts\/415426\/revisions"}],"wp:featuredmedia":[{"embeddable":true,"href":"https:\/\/www.europesays.com\/fr\/wp-json\/wp\/v2\/media\/142980"}],"wp:attachment":[{"href":"https:\/\/www.europesays.com\/fr\/wp-json\/wp\/v2\/media?parent=415426"}],"wp:term":[{"taxonomy":"category","embeddable":true,"href":"https:\/\/www.europesays.com\/fr\/wp-json\/wp\/v2\/categories?post=415426"},{"taxonomy":"post_tag","embeddable":true,"href":"https:\/\/www.europesays.com\/fr\/wp-json\/wp\/v2\/tags?post=415426"}],"curies":[{"name":"wp","href":"https:\/\/api.w.org\/{rel}","templated":true}]}}