{"id":415427,"date":"2025-09-25T02:31:26","date_gmt":"2025-09-25T02:31:26","guid":{"rendered":"https:\/\/www.europesays.com\/fr\/415427\/"},"modified":"2025-09-25T02:31:26","modified_gmt":"2025-09-25T02:31:26","slug":"moto-gp-au-mans-johann-zarco-remporte-le-grand-prix-de-france-premiere-victoire-francaise-depuis-1954","status":"publish","type":"post","link":"https:\/\/www.europesays.com\/fr\/415427\/","title":{"rendered":"Moto GP. Au Mans, Johann Zarco remporte le Grand Prix de France, premi\u00e8re victoire fran\u00e7aise depuis 1954"},"content":{"rendered":"<p>            Par<br \/>\n        <strong><br \/>\n            <a href=\"https:\/\/actu.fr\/auteur\/redaction-lemans\" title=\"Consulter tous les articles de R\u00e9daction Le Mans\" rel=\"nofollow noopener\" target=\"_blank\">R\u00e9daction Le Mans<\/a><br \/>\n        <\/strong><\/p>\n<p>        Publi\u00e9 le<\/p>\n<p>            11 mai 2025 \u00e0 18h38        <\/p>\n<p>Ce <b>dimanche 11 mai 2025<\/b>, le pilote fran\u00e7ais Johann Zarco a remport\u00e9 le Grand Prix de France de MotoGP sur le circuit du Mans (Sarthe) devant les dizaines de milliers de supporters tricolores mass\u00e9s autour du mythique circuit Bugatti.<\/p>\n<p>Moto GP au Mans : la strat\u00e9gie payante de Yohann Zarco<\/p>\n<p class=\" wall-content\">C\u2019est la premi\u00e8re fois depuis 1954 et la victoire de Pierre Monneret \u00e0 Reims qu\u2019un pilote fran\u00e7ais remporte le Grand Prix de France de vitesse moto dans la cat\u00e9gorie reine. <a href=\"https:\/\/actu.fr\/pays-de-la-loire\/le-mans_72181\/grand-prix-de-france-motogp-quels-objectifs-pour-les-deux-francais-sur-la-grille-de-depart-au-mans_62615378.html\" rel=\"nofollow noopener\" target=\"_blank\">Johann Zarco<\/a> s\u2019est offert la deuxi\u00e8me victoire de sa carri\u00e8re en MotoGP apr\u00e8s l\u2019Australie en octobre 2023 \u00e0 l\u2019occasion de son 150e Grand Prix dans la cat\u00e9gorie reine.<\/p>\n<p>Dernier apr\u00e8s le premier virage<\/p>\n<p class=\" wall-content\">Dernier apr\u00e8s le premier virage o\u00f9 il avait failli tomber apr\u00e8s avoir \u00e9t\u00e9 percut\u00e9 par l\u2019Espagnol Joan Mir (Honda), le v\u00e9t\u00e9ran de la grille de MotoGP (34 ans) a choisi une strat\u00e9gie audacieuse et a \u00e9t\u00e9 r\u00e9compens\u00e9.<\/p>\n<p class=\" wall-content\">\u00ab\u00a0C\u2019est incroyable, j\u2019ai du mal \u00e0 le croire. Je donne toujours le meilleur de moi-m\u00eame mais je n\u2019imaginais pas pouvoir gagner. La mani\u00e8re de gagner a \u00e9t\u00e9 tr\u00e8s particuli\u00e8re. J\u2019ai d\u00fb contr\u00f4ler et presque attendre que la victoire arrive !\u00a0\u00bb a expliqu\u00e9 le num\u00e9ro 5 du paddock apr\u00e8s l\u2019arriv\u00e9e.<\/p>\n<p>Toute la course en pneus pluie<\/p>\n<p class=\" wall-content\">L\u2019Avignonnais, qui s\u2019\u00e9tait \u00e9lanc\u00e9 en 11e position, a fait le pari de disputer toute la course en pneus pluie alors que tous les autres concurrents ont <b>chang\u00e9 au moins une fois<\/b>, voire plus, de moto quand la piste avait partiellement s\u00e9ch\u00e9.<\/p>\n<p class=\" wall-content\">Apr\u00e8s la pole position samedi de l\u2019autre Fran\u00e7ais, Fabio Quartararo (Yamaha), qui a chut\u00e9 au 5e tour dimanche, le bouillant public manceau a v\u00e9cu un moment encore plus fort avec la victoire de leur autre chouchou, Johann Zarco.<\/p>\n<p>Votre r\u00e9gion, votre actu !<\/p>\n<p>Recevez chaque jour les infos qui comptent pour vous.<\/p>\n<p>\t<a href=\"https:\/\/actu.fr\/newsletter\" class=\"ac-btn ac-btn--corner ac-btn--medium ac-btn--blue800\" rel=\"nofollow noopener\" target=\"_blank\">S&rsquo;incrire<\/a><br \/>\nIl prend la t\u00eate au 8e tour<\/p>\n<p class=\" wall-content\">C\u2019est la premi\u00e8re fois depuis 1954 et la victoire de <b>Pierre Monneret <\/b>\u00e0 Reims qu\u2019un pilote fran\u00e7ais remporte le Grand Prix de France de vitesse moto dans la cat\u00e9gorie reine. Une \u00e9ternit\u00e9 !<\/p>\n<p class=\" wall-content\">A l\u2019aise sous la pluie mais aussi sur les pistes humides ou s\u00e9chantes, Zarco a pris la t\u00eate au 8e de 26 tours de course et a ensuite jou\u00e9 sa partition \u00e0 la perfection malgr\u00e9 l\u2019\u00e9norme pression qui pesait sur lui.<\/p>\n<p>Un \u00e9norme \u00e9cart sur son dauphin<\/p>\n<p class=\" wall-content\">Intouchable devant les quelque 120.000 spectateurs mass\u00e9s autour du mythique circuit Bugatti dimanche, un record, le natif de Cannes s\u2019est m\u00eame permis le luxe de creuser <b>un \u00e9norme \u00e9cart<\/b> sur son dauphin, le sextuple champion du monde <b>Marc Marquez <\/b>(Ducati), qui a termin\u00e9 \u00e0 pr\u00e8s de 20 secondes.<\/p>\n<p class=\" wall-content\">\u00ab\u00a0Dans le dernier secteur, j\u2019ai m\u00eame commenc\u00e9 \u00e0 saluer les fans\u00a0\u00bb, a expliqu\u00e9 le Fran\u00e7ais, qui a aussi c\u00e9l\u00e9br\u00e9 son succ\u00e8s avec son \u00e9quipe le long du muret des stands.<\/p>\n<p>2e victoire et un premier succ\u00e8s pour Honda<\/p>\n<p class=\" wall-content\">Le double champion du monde de Moto2 (2015, 2016), qui disputait son 150e Grand Prix en MotoGP, a ainsi d\u00e9croch\u00e9 sa deuxi\u00e8me victoire en cat\u00e9gorie reine apr\u00e8s celle, d\u00e9j\u00e0 inattendue, arrach\u00e9e en Australie en octobre 2023. Il offre \u00e0 Honda et \u00e0 son \u00e9quipe LCR un premier succ\u00e8s depuis avril 2023.<\/p>\n<p class=\" wall-content\">\u00ab\u00a0C\u2019est vraiment incroyable. Gagner ici au Mans est toujours incroyable, mais pour un pilote fran\u00e7ais, pour Johann, c\u2019est un r\u00eave qui se r\u00e9alise. On a re\u00e7u tant d\u2019amour et de soutien durant tout le week-end, c\u2019\u00e9tait fantastique\u00a0\u00bb, a expliqu\u00e9 Lucio Cecchinello, le patron de LCR.<\/p>\n<p class=\" wall-content\">\n<p>Un record de spectateurs sur le circuit Bugatti<\/p>\n<p class=\" wall-content\">Le Grand Prix de France, qui a battu le record d\u2019affluence d\u2019une course de MotoGP avec 311.797 spectateurs sur l\u2019ensemble du week-end, a termin\u00e9 en apoth\u00e9ose. Avant m\u00eame le podium, le public a spontan\u00e9ment entam\u00e9 une \u00e9mouvante Marseillaise puis a scand\u00e9 le nom de Zarco, qui est venu c\u00e9l\u00e9brer sa victoire devant eux en r\u00e9alisant son traditionnel salto arri\u00e8re.<\/p>\n<p>Son premier Grand Prix devant ses parents<\/p>\n<p class=\" wall-content\">Une fois n\u2019est pas coutume, Johann Zarco avait convi\u00e9 ses parents \u00e0 venir le supporter, ce qu\u2019il ne fait jamais habituellement: \u00ab\u00a0C\u2019est notre premier Grand Prix avec ma femme et voil\u00e0\u2026<\/p>\n<p class=\" wall-content\">Son entourage nous avait dit qu\u2019il avait besoin de nous, on ne voulait pas venir, mais il nous a dit venez venez ! Et il nous a offert un superbe cadeau\u00a0\u00bb, a d\u00e9clar\u00e9 son p\u00e8re au micro de Canal+.<\/p>\n<p class=\" wall-content\">Ils sont venus, ils ont vu et leur fils a vaincu !<\/p>\n<p class=\" wall-content\">\n<p class=\" wall-content\"><b>AFP\u00a0<\/b><\/p>\n<p class=\" wall-content\"><b>NB\/BdE<\/b><\/p>\n<p class=\" wall-content\">Personnalisez votre actualit\u00e9 en ajoutant vos villes et m\u00e9dias en favori avec <a href=\"https:\/\/moncompte.actu.fr\" title=\"D\u00e9couvez Mon Actu\" rel=\"nofollow noopener\" data-trk=\"{&quot;cta&quot;:{&quot;action&quot;:&quot;https:\\\/\\\/moncompte.actu.fr&quot;,&quot;category&quot;:&quot;mon compte&quot;,&quot;from&quot;:&quot;article footer&quot;,&quot;name&quot;:&quot;Mon actu&quot;,&quot;type&quot;:&quot;cta&quot;}}\" target=\"_blank\">Mon Actu<\/a>.<\/p>\n","protected":false},"excerpt":{"rendered":"Par R\u00e9daction Le Mans Publi\u00e9 le 11 mai 2025 \u00e0 18h38 Ce dimanche 11 mai 2025, le pilote&hellip;\n","protected":false},"author":2,"featured_media":415428,"comment_status":"","ping_status":"","sticky":false,"template":"","format":"standard","meta":{"footnotes":""},"categories":[1413],"tags":[1011,27,1457,1456,60],"class_list":{"0":"post-415427","1":"post","2":"type-post","3":"status-publish","4":"format-standard","5":"has-post-thumbnail","7":"category-moto","8":"tag-fr","9":"tag-france","10":"tag-moto","11":"tag-motocycle","12":"tag-sports"},"share_on_mastodon":{"url":"https:\/\/pubeurope.com\/@fr\/115262592374628522","error":""},"_links":{"self":[{"href":"https:\/\/www.europesays.com\/fr\/wp-json\/wp\/v2\/posts\/415427","targetHints":{"allow":["GET"]}}],"collection":[{"href":"https:\/\/www.europesays.com\/fr\/wp-json\/wp\/v2\/posts"}],"about":[{"href":"https:\/\/www.europesays.com\/fr\/wp-json\/wp\/v2\/types\/post"}],"author":[{"embeddable":true,"href":"https:\/\/www.europesays.com\/fr\/wp-json\/wp\/v2\/users\/2"}],"replies":[{"embeddable":true,"href":"https:\/\/www.europesays.com\/fr\/wp-json\/wp\/v2\/comments?post=415427"}],"version-history":[{"count":0,"href":"https:\/\/www.europesays.com\/fr\/wp-json\/wp\/v2\/posts\/415427\/revisions"}],"wp:featuredmedia":[{"embeddable":true,"href":"https:\/\/www.europesays.com\/fr\/wp-json\/wp\/v2\/media\/415428"}],"wp:attachment":[{"href":"https:\/\/www.europesays.com\/fr\/wp-json\/wp\/v2\/media?parent=415427"}],"wp:term":[{"taxonomy":"category","embeddable":true,"href":"https:\/\/www.europesays.com\/fr\/wp-json\/wp\/v2\/categories?post=415427"},{"taxonomy":"post_tag","embeddable":true,"href":"https:\/\/www.europesays.com\/fr\/wp-json\/wp\/v2\/tags?post=415427"}],"curies":[{"name":"wp","href":"https:\/\/api.w.org\/{rel}","templated":true}]}}