{"id":415438,"date":"2025-09-25T02:38:12","date_gmt":"2025-09-25T02:38:12","guid":{"rendered":"https:\/\/www.europesays.com\/fr\/415438\/"},"modified":"2025-09-25T02:38:12","modified_gmt":"2025-09-25T02:38:12","slug":"boult-sur-suippe-inaugure-son-premier-salon-du-livre-avec-27-auteurs","status":"publish","type":"post","link":"https:\/\/www.europesays.com\/fr\/415438\/","title":{"rendered":"Boult-sur-Suippe inaugure son premier salon du livre avec 27 auteurs"},"content":{"rendered":"<p>Le salon du livre de  Boult-sur-Suippe mettra en lumi\u00e8re 27 auteurs et proposera des animations pour tous les \u00e2ges, le dimanche 5 octobre, \u00e0 la salle des f\u00eates, de 10h \u00e0 17h.<\/p>\n<p>Jacqueline Lecocq, adjointe au maire charg\u00e9e de la culture \u00e0\u00a0<a target=\"_blank\" rel=\"nofollow noopener noreferrer\" class=\"IciLink ici-link IciArticleLink g-ici-body-regular-1 underline brand svelte-lu7k6w\" href=\"https:\/\/www.boultsursuippe.fr\/\">Boult-sur-Suippe<\/a>, a expliqu\u00e9 les raisons de la cr\u00e9ation de ce premier salon du livre dans la commune. \u00ab\u00a0J&rsquo;ai trouv\u00e9 que sur Reims, il n&rsquo;y avait rien\u00a0\u00bb, a-t-elle indiqu\u00e9, soulignant qu&rsquo;une \u00ab\u00a0petite commune pouvait \u00e9galement faire des choses int\u00e9ressantes\u00a0\u00bb. L&rsquo;\u00e9v\u00e9nement, qui se tiendra le 5 octobre \u00e0 la salle des f\u00eates, est une initiative qui tient particuli\u00e8rement \u00e0 c\u0153ur \u00e0 la municipalit\u00e9, d\u00e9sireuse de dynamiser la vie culturelle locale et de r\u00e9pondre \u00e0 l&rsquo;int\u00e9r\u00eat marqu\u00e9 des habitants pour la lecture, comme en t\u00e9moigne le succ\u00e8s de la biblioth\u00e8que municipale.<\/p>\n<p>Une diversit\u00e9 d&rsquo;auteurs et d&rsquo;animations<\/p>\n<p>Le salon du livre accueillera 27 auteurs, couvrant une large palette de genres litt\u00e9raires, allant du thriller \u00e0 la bande dessin\u00e9e, en passant par la jeunesse et le fantastique. \u00ab\u00a0Tous les genres litt\u00e9raires confondus\u00a0\u00bb, a pr\u00e9cis\u00e9 Jacqueline Lecoq. Des animations sont \u00e9galement pr\u00e9vues pour enrichir l&rsquo;exp\u00e9rience des visiteurs, avec notamment la pr\u00e9sence de trois slameurs et un atelier de cr\u00e9ation de marque-pages pour enfants et adultes, anim\u00e9 par une sp\u00e9cialiste.<\/p>\n<p>T\u00e9moignages et souvenirs d&rsquo;une \u00e9poque r\u00e9volue<\/p>\n<p>Parmi les auteurs pr\u00e9sents,\u00a0<a target=\"_blank\" rel=\"nofollow noopener noreferrer\" class=\"IciLink ici-link IciArticleLink g-ici-body-regular-1 underline brand svelte-lu7k6w\" href=\"https:\/\/www.facebook.com\/JCTOGREGE\">Jean-Claude Jorget<\/a>\u00a0a partag\u00e9 son exp\u00e9rience avec la cr\u00e9ation de \u00ab\u00a0L&rsquo;Ab\u00e9c\u00e9daire de Boult-sur-Suippe\u00a0\u00bb, un ouvrage de t\u00e9moignages recueillis aupr\u00e8s des anciens de la commune. \u00ab\u00a0J&rsquo;ai commenc\u00e9 des interviews il y a \u00e0 peu pr\u00e8s deux ans, je suis all\u00e9 rencontrer les anciens et les anciennes, de mani\u00e8re \u00e0 ce qu&rsquo;ils me racontent un petit peu leurs souvenirs, leur vie\u00a0\u00bb, a-t-il expliqu\u00e9. Ce livre offre un aper\u00e7u vivant de la vie quotidienne dans les ann\u00e9es 1940-1950, abordant des aspects comme l&rsquo;absence de commodit\u00e9s modernes et des expressions d&rsquo;\u00e9poque, telle que \u00ab\u00a0vider la tinette\u00a0\u00bb.<\/p>\n<p>L&rsquo;importance de la transmission et de la lecture<\/p>\n<p><a target=\"_blank\" rel=\"nofollow noopener noreferrer\" class=\"IciLink ici-link IciArticleLink g-ici-body-regular-1 underline brand svelte-lu7k6w\" href=\"https:\/\/www.instagram.com\/christelle.stdizier_auteure\/\">Christelle Saint-Dizier<\/a>, \u00e9galement autrice pr\u00e9sente au salon, a \u00e9voqu\u00e9 ses deux ouvrages\u00a0: \u00ab\u00a0La poup\u00e9e empoisonn\u00e9e\u00a0\u00bb, un t\u00e9moignage autobiographique sur son enfance et l&#8217;emprise maternelle, et \u00ab\u00a0\u00c0 chaque printemps tu renais\u00a0\u00bb, un roman po\u00e9tique sur le temps qui passe, la m\u00e9moire et les liens familiaux. Elle a soulign\u00e9 l&rsquo;importance de la lecture, estimant que \u00ab\u00a0les romans qui m&rsquo;apprennent quand m\u00eame quelque chose, parce que j&rsquo;estime que dans tout roman, il y a toujours des v\u00e9rit\u00e9s\u00a0\u00bb.<\/p>\n<p>\u00c0 \u00e9couter aussi   <img decoding=\"async\" src=\"https:\/\/www.europesays.com\/fr\/wp-content\/uploads\/2025\/09\/1758767892_424_200x200\" alt=\"Philippe GORDIANI, directeur de C\u00e9sar\u00e9\" style=\"--_image-preview:url('data:image\/jpeg;base64,\/9j\/2wBDACgcHiMeGSgjISMtKygwPGRBPDc3PHtYXUlkkYCZlo+AjIqgtObDoKrarYqMyP\/L2u71\/\/\/\/m8H\/\/\/\/6\/+b9\/\/j\/2wBDASstLTw1PHZBQXb4pYyl+Pj4+Pj4+Pj4+Pj4+Pj4+Pj4+Pj4+Pj4+Pj4+Pj4+Pj4+Pj4+Pj4+Pj4+Pj4+Pj4+Pj\/wAARCAAqACoDASIAAhEBAxEB\/8QAGQAAAwEBAQAAAAAAAAAAAAAAAgMEAQAF\/8QAGxABAAMAAwEAAAAAAAAAAAAAAAECAxEhMRL\/xAAWAQEBAQAAAAAAAAAAAAAAAAABAAL\/xAAWEQEBAQAAAAAAAAAAAAAAAAAAEQH\/2gAMAwEAAhEDEQA\/AKZBIrSVaxojeWwX9DrKqhkQ3h1R8CqE3lPaxmkprW7DRkW7NpKWs9qM5SVUHwChopjz9ZTWntRqmt6cDa+qcktPVWS1YrzOKzNYaf\/Z');\" loading=\"lazy\" fetchpriority=\"low\" aria-hidden=\"true\" class=\"svelte-1pnmlwx rounded\" onload=\"this.__e=event\" onerror=\"this.__e=event\"\/><script async src=\"\/\/www.instagram.com\/embed.js\"><\/script><\/p>\n","protected":false},"excerpt":{"rendered":"Le salon du livre de Boult-sur-Suippe mettra en lumi\u00e8re 27 auteurs et proposera des animations pour tous les&hellip;\n","protected":false},"author":2,"featured_media":415439,"comment_status":"","ping_status":"","sticky":false,"template":"","format":"standard","meta":{"footnotes":""},"categories":[1357],"tags":[1379,58,59,1011,27,1380],"class_list":{"0":"post-415438","1":"post","2":"type-post","3":"status-publish","4":"format-standard","5":"has-post-thumbnail","7":"category-livres","8":"tag-books","9":"tag-divertissement","10":"tag-entertainment","11":"tag-fr","12":"tag-france","13":"tag-livres"},"share_on_mastodon":{"url":"https:\/\/pubeurope.com\/@fr\/115262620290402579","error":""},"_links":{"self":[{"href":"https:\/\/www.europesays.com\/fr\/wp-json\/wp\/v2\/posts\/415438","targetHints":{"allow":["GET"]}}],"collection":[{"href":"https:\/\/www.europesays.com\/fr\/wp-json\/wp\/v2\/posts"}],"about":[{"href":"https:\/\/www.europesays.com\/fr\/wp-json\/wp\/v2\/types\/post"}],"author":[{"embeddable":true,"href":"https:\/\/www.europesays.com\/fr\/wp-json\/wp\/v2\/users\/2"}],"replies":[{"embeddable":true,"href":"https:\/\/www.europesays.com\/fr\/wp-json\/wp\/v2\/comments?post=415438"}],"version-history":[{"count":0,"href":"https:\/\/www.europesays.com\/fr\/wp-json\/wp\/v2\/posts\/415438\/revisions"}],"wp:featuredmedia":[{"embeddable":true,"href":"https:\/\/www.europesays.com\/fr\/wp-json\/wp\/v2\/media\/415439"}],"wp:attachment":[{"href":"https:\/\/www.europesays.com\/fr\/wp-json\/wp\/v2\/media?parent=415438"}],"wp:term":[{"taxonomy":"category","embeddable":true,"href":"https:\/\/www.europesays.com\/fr\/wp-json\/wp\/v2\/categories?post=415438"},{"taxonomy":"post_tag","embeddable":true,"href":"https:\/\/www.europesays.com\/fr\/wp-json\/wp\/v2\/tags?post=415438"}],"curies":[{"name":"wp","href":"https:\/\/api.w.org\/{rel}","templated":true}]}}