{"id":415511,"date":"2025-09-25T03:20:25","date_gmt":"2025-09-25T03:20:25","guid":{"rendered":"https:\/\/www.europesays.com\/fr\/415511\/"},"modified":"2025-09-25T03:20:25","modified_gmt":"2025-09-25T03:20:25","slug":"lyon-ce-grand-evenement-tres-populaire-annonce-a-la-ldlc-arena-avec-un-programme-xxl","status":"publish","type":"post","link":"https:\/\/www.europesays.com\/fr\/415511\/","title":{"rendered":"Lyon. Ce grand \u00e9v\u00e9nement tr\u00e8s populaire annonc\u00e9 \u00e0 la LDLC Arena avec un programme XXL"},"content":{"rendered":"<p>            Par<br \/>\n        <strong><br \/>\n            <a href=\"https:\/\/actu.fr\/auteur\/anthony-soudani\" title=\"Consulter tous les articles de Anthony Soudani\" rel=\"nofollow noopener\" target=\"_blank\">Anthony Soudani<\/a><br \/>\n        <\/strong><\/p>\n<p>        Publi\u00e9 le<\/p>\n<p>            24 sept. 2025 \u00e0 18h38        <\/p>\n<p>La PFL, ligue am\u00e9ricaine de MMA, annonce <strong>son grand retour<\/strong> \u00e0 la <a href=\"https:\/\/actu.fr\/tag\/ldlc-arena\" rel=\"nofollow noopener\" target=\"_blank\">LDLC Arena de Lyon-D\u00e9cines<\/a> le 13 d\u00e9cembre 2025. Le programme de ce sport de combat de plus en plus populaire est exceptionnel avec un duel de haut rang dans l\u2019octogone.<\/p>\n<p class=\" wall-content\">Le programme a \u00e9t\u00e9 d\u00e9voil\u00e9 ce mercredi 24 septembre. Un combat pour le titre mondial des poids lourds sera disput\u00e9 entre <strong>Vadim Nemkov et Renan Ferreira<\/strong>, ainsi qu\u2019un affrontement historique pour le titre mondial des poids plume f\u00e9minins entre la l\u00e9gende Cris Cyborg et l\u2019invaincue Sara Collins.<\/p>\n<p class=\" wall-content\">Les finales des tournois PFL Europe 2025 chez les poids l\u00e9gers et coqs seront aussi \u00e0 suivre.<\/p>\n<p>Les d\u00e9tails des deux combats principaux<\/p>\n<p class=\" wall-content\">Pour le combat principal, c\u2019est donc du lourd qui sera propos\u00e9 au public lyonnais. Le titre mondial des poids lourds de la PFL opposera l\u2019ancien champion du Bellator Vadim Nemkov (18-2) au champion du tournoi poids lourds PFL 2024, Renan Ferreira (13-4).<\/p>\n<p class=\" wall-content\">En co-main event, l\u2019une des plus grandes combattantes de tous les temps,\u00a0Cris Cyborg (28-2), fera son retour face \u00e0\u00a0Sara Collins (6-0), une invaincue australienne en pleine ascension, pour le\u00a0titre mondial des poids plume f\u00e9minins de la PFL.<\/p>\n<p class=\" wall-content\">L\u00e0 encore, l\u2019affrontement s\u2019annonce \u00e9pique.<\/p>\n<blockquote class=\"tiktok-embed\" cite=\"https:\/\/www.tiktok.com\/@actulyon\/video\/7448562635676650774\" data-video-id=\"7448562635676650774\" data-embed-from=\"oembed\" style=\"max-width:605px; min-width:325px;\"><p>\n<a target=\"_blank\" title=\"@actulyon\" href=\"https:\/\/www.tiktok.com\/@actulyon?refer=embed\" rel=\"nofollow noopener\">@actulyon<\/a> <\/p>\n<p>M\u00eame s\u2019il n\u2019a pas combattu, @CEDRIC.DOUMBE\ud83e\udd47 a fait le show au PLF Europe organis\u00e9 \u00e0 la @LDLC Arena de Lyon. Le combattant a mis au d\u00e9fi Baki pour une revanche en 2025 \ud83d\udc4a <a title=\"pfl\" target=\"_blank\" href=\"https:\/\/www.tiktok.com\/tag\/pfl?refer=embed\" rel=\"nofollow noopener\">#PFL<\/a> <a title=\"doumbe\" target=\"_blank\" href=\"https:\/\/www.tiktok.com\/tag\/doumbe?refer=embed\" rel=\"nofollow noopener\">#doumbe<\/a> <a title=\"mma\" target=\"_blank\" href=\"https:\/\/www.tiktok.com\/tag\/mma?refer=embed\" rel=\"nofollow noopener\">#mma<\/a> <a title=\"mmafighter\" target=\"_blank\" href=\"https:\/\/www.tiktok.com\/tag\/mmafighter?refer=embed\" rel=\"nofollow noopener\">#mmafighter<\/a> <a title=\"pourtoi\" target=\"_blank\" href=\"https:\/\/www.tiktok.com\/tag\/pourtoi?refer=embed\" rel=\"nofollow noopener\">#pourtoi<\/a> <a title=\"fory\" target=\"_blank\" href=\"https:\/\/www.tiktok.com\/tag\/fory?refer=embed\" rel=\"nofollow noopener\">#fory<\/a> <a title=\"foru\" target=\"_blank\" href=\"https:\/\/www.tiktok.com\/tag\/foru?refer=embed\" rel=\"nofollow noopener\">#foru<\/a> <\/p>\n<p> <a target=\"_blank\" title=\"\u266c son original - actu Lyon\" href=\"https:\/\/www.tiktok.com\/music\/son-original-7448562647865264918?refer=embed\" rel=\"nofollow noopener\">\u266c son original \u2013 actu Lyon<\/a> <\/p>\n<\/blockquote>\n<p>Votre r\u00e9gion, votre actu !<\/p>\n<p>Recevez chaque jour les infos qui comptent pour vous.<\/p>\n<p>\t<a href=\"https:\/\/actu.fr\/newsletter\" class=\"ac-btn ac-btn--corner ac-btn--medium ac-btn--blue800\" rel=\"nofollow noopener\" target=\"_blank\">S&rsquo;incrire<\/a><\/p>\n<p class=\" wall-content\">Pour l\u2019heure, les billets n\u2019ont pas encore \u00e9t\u00e9 mis en vente. Pour ne pas manquer l\u2019ouverture de la billetterie du PFL World Championship Final du 13 d\u00e9cembre 2025, vous pouvez vous <a href=\"https:\/\/page.delight-data.com\/Alerting-billetterie-PFL.html\" rel=\"nofollow noopener\" target=\"_blank\">inscrire ici pour recevoir une alerte par mail<\/a>.<\/p>\n<p class=\" wall-content\">Personnalisez votre actualit\u00e9 en ajoutant vos villes et m\u00e9dias en favori avec <a href=\"https:\/\/moncompte.actu.fr\" title=\"D\u00e9couvez Mon Actu\" rel=\"nofollow noopener\" data-trk=\"{&quot;cta&quot;:{&quot;action&quot;:&quot;https:\\\/\\\/moncompte.actu.fr&quot;,&quot;category&quot;:&quot;mon compte&quot;,&quot;from&quot;:&quot;article footer&quot;,&quot;name&quot;:&quot;Mon actu&quot;,&quot;type&quot;:&quot;cta&quot;}}\" target=\"_blank\">Mon Actu<\/a>.<\/p>\n<p>                    <script async src=\"\/\/www.tiktok.com\/embed.js\"><\/script><\/p>\n","protected":false},"excerpt":{"rendered":"Par Anthony Soudani Publi\u00e9 le 24 sept. 2025 \u00e0 18h38 La PFL, ligue am\u00e9ricaine de MMA, annonce son&hellip;\n","protected":false},"author":2,"featured_media":415512,"comment_status":"","ping_status":"","sticky":false,"template":"","format":"standard","meta":{"footnotes":""},"categories":[1889],"tags":[1111,11,2430,1777,674,1011,27,7602,2428,12,25,60],"class_list":{"0":"post-415511","1":"post","2":"type-post","3":"status-publish","4":"format-standard","5":"has-post-thumbnail","7":"category-lyon","8":"tag-actu","9":"tag-actualites","10":"tag-auvergne-rhone-alpes","11":"tag-eu","12":"tag-europe","13":"tag-fr","14":"tag-france","15":"tag-ldlc-arena","16":"tag-lyon","17":"tag-news","18":"tag-republique-francaise","19":"tag-sports"},"share_on_mastodon":{"url":"https:\/\/pubeurope.com\/@fr\/115262785040170672","error":""},"_links":{"self":[{"href":"https:\/\/www.europesays.com\/fr\/wp-json\/wp\/v2\/posts\/415511","targetHints":{"allow":["GET"]}}],"collection":[{"href":"https:\/\/www.europesays.com\/fr\/wp-json\/wp\/v2\/posts"}],"about":[{"href":"https:\/\/www.europesays.com\/fr\/wp-json\/wp\/v2\/types\/post"}],"author":[{"embeddable":true,"href":"https:\/\/www.europesays.com\/fr\/wp-json\/wp\/v2\/users\/2"}],"replies":[{"embeddable":true,"href":"https:\/\/www.europesays.com\/fr\/wp-json\/wp\/v2\/comments?post=415511"}],"version-history":[{"count":0,"href":"https:\/\/www.europesays.com\/fr\/wp-json\/wp\/v2\/posts\/415511\/revisions"}],"wp:featuredmedia":[{"embeddable":true,"href":"https:\/\/www.europesays.com\/fr\/wp-json\/wp\/v2\/media\/415512"}],"wp:attachment":[{"href":"https:\/\/www.europesays.com\/fr\/wp-json\/wp\/v2\/media?parent=415511"}],"wp:term":[{"taxonomy":"category","embeddable":true,"href":"https:\/\/www.europesays.com\/fr\/wp-json\/wp\/v2\/categories?post=415511"},{"taxonomy":"post_tag","embeddable":true,"href":"https:\/\/www.europesays.com\/fr\/wp-json\/wp\/v2\/tags?post=415511"}],"curies":[{"name":"wp","href":"https:\/\/api.w.org\/{rel}","templated":true}]}}