{"id":415513,"date":"2025-09-25T03:21:24","date_gmt":"2025-09-25T03:21:24","guid":{"rendered":"https:\/\/www.europesays.com\/fr\/415513\/"},"modified":"2025-09-25T03:21:24","modified_gmt":"2025-09-25T03:21:24","slug":"ile-de-france-les-rencontres-des-metiers-du-commerce-sont-de-retour","status":"publish","type":"post","link":"https:\/\/www.europesays.com\/fr\/415513\/","title":{"rendered":"\u00cele-de-France : les Rencontres des M\u00e9tiers du Commerce sont de retour"},"content":{"rendered":"<p><img loading=\"lazy\" decoding=\"async\" alt=\"\u00a9Shutterstock - Les Rencontres des M\u00e9tiers du Commerce reviennent pour une seconde \u00e9dition en Ile-de-France pour faire d\u00e9couvrir et promouvoir les divers m\u00e9tiers de ce secteur.\" data-zoom-src=\"https:\/\/www.europesays.com\/fr\/wp-content\/uploads\/2025\/09\/initial-shutterstock-787056088.jpg\" data-zoomable=\"\" height=\"702\" src=\"https:\/\/www.europesays.com\/fr\/wp-content\/uploads\/2025\/09\/initial-shutterstock-787056088.jpg\" width=\"1248\"\/>  <\/p>\n<p class=\"article-desc\">\u00a9Shutterstock &#8211; Les Rencontres des M\u00e9tiers du Commerce reviennent pour une seconde \u00e9dition en Ile-de-France pour faire d\u00e9couvrir et promouvoir les divers m\u00e9tiers de ce secteur. <\/p>\n<p>La deuxi\u00e8me \u00e9dition des <strong>Rencontres des M\u00e9tiers du Commerce en \u00cele-de-France<\/strong>, port\u00e9e par \u201c<strong>Le commerce \u00e7a te bouge\u201d<\/strong> et les <strong>20 branches professionnelles<\/strong> r\u00e9unies au sein de <strong>l\u2019Opcommerce<\/strong>, entend faire d\u00e9couvrir la <strong>richesse et la diversit\u00e9<\/strong> des m\u00e9tiers du <a href=\"https:\/\/mesinfos.fr\/75000-paris\/pariscommercesfr-une-plateforme-inedite-pour-soutenir-le-commerce-parisien-214609.html\" rel=\"noopener nofollow\" target=\"_blank\">commerce<\/a>. <\/p>\n<p>\u00c0 cette occasion, de <strong>nombreux \u00e9v\u00e8nements<\/strong> sont attendus sur le <strong>territoire francilien<\/strong>, et dans toute la France.<\/p>\n<p> <img decoding=\"async\" alt=\"affiche Rencontres des M\u00e9tiers du Commerce 25\" class=\"img-align-center img-size-limited\" data-zoomable=\"\" height=\"1350\" loading=\"lazy\" src=\"https:\/\/www.europesays.com\/fr\/wp-content\/uploads\/2025\/09\/rencontres-des-metiers-et-du-commerce.jpg\" width=\"1350\"\/> \u00a9DR Promouvoir les m\u00e9tiers du commerce  <\/p>\n<p>Du<strong> 29 septembre au 17 octobre<\/strong>, une vingtaine d\u2019\u00e9v\u00e9nements seront organis\u00e9s en \u00cele-de-France, en partenariat avec les <strong>\u00e9tablissements scolaires<\/strong>, les <strong>organismes de formation<\/strong>, les partenaires de <strong>l\u2019orientation<\/strong> et de l\u2019emploi et des repr\u00e9sentants institutionnels. Ces rencontres, \u00e0 destination des <strong>\u00e9l\u00e8ves, parents, \u00e9tudiants, demandeurs d\u2019emplois et adultes en reconversion<\/strong>, prennent des formats vari\u00e9s : concours, journ\u00e9es immersives, visites d\u2019entreprises\u2026 <\/p>\n<p>Muriel Danquah, d\u00e9l\u00e9gu\u00e9e r\u00e9gionale \u00cele-de-France de l\u2019Opcommerce, d\u00e9clare : \u201c \u00c0 travers plusieurs manifestations pr\u00e9vues dans la r\u00e9gion, nous souhaitons <strong>cr\u00e9er de nouvelles vocations <\/strong>chez les jeunes, mais aussi chez des <strong>personnes en reconversion professionnelle<\/strong>\u201d.<\/p>\n<p>  Une s\u00e9lection d\u2019\u00e9v\u00e9nements au programme\u00a0 <\/p>\n<p><strong>Au programme,<\/strong> en \u00cele-de-France, sont notamment pr\u00e9vus : <\/p>\n<p>Des \u00e9v\u00e9nements pour faire la <strong>promotion des m\u00e9tiers du commerce<\/strong> :\u00a0 <\/p>\n<ul>\n<li>\n<p>Le 15 octobre \u00e0 la CCI de Versailles, salon immersif \u201c\u00c0 la d\u00e9couverte des m\u00e9tiers de <a href=\"https:\/\/mesinfos.fr\/77250-moret-loing-et-orvanne\/moret-loing-et-orvanne-primee-aux-trophees-des-acteurs-du-commerce-225707.html\" rel=\"noopener nofollow\" target=\"_blank\">nos entreprises du commerce<\/a>\u201d, avec la participation de nos entreprises et de nos partenaires ; <\/p>\n<\/li>\n<li>\n<p>Du 29 septembre au 17 octobre, \u00e0 travers des interviews de professionnels. <\/p>\n<\/li>\n<\/ul>\n<p>Des <strong>ateliers<\/strong> en \u00e9tablissements scolaires pour d\u00e9couvrir les m\u00e9tiers du commerce, le 1er octobre \u00e0 Drancy ; <\/p>\n<p>Un <strong>escape\u00a0game<\/strong> pour faire d\u00e9couvrir les m\u00e9tiers du commerce \u00e0 des coll\u00e9giens, le 30 septembre \u00e0 Paris (75017), avec l\u2019entreprise NEAG (Nous Epicerie Anti-Gaspi) ; <\/p>\n<p>Des <strong>concours ludiques<\/strong> pour les jeunes : <\/p>\n<ul>\n<li>\n<p>Le 10 octobre (75018), \u00ab\u00a0Retail challenge\u00a0\u00bb chez KIKO Milano ; <\/p>\n<\/li>\n<li>\n<p>Concours \u00ab\u00a0Mon m\u00e9tier du commerce en vid\u00e9o\u00a0\u00bb, en Seine-et-Marne, sur toute la p\u00e9riode des rencontres des m\u00e9tiers du commerce. <\/p>\n<\/li>\n<\/ul>\n<p>Un <strong>tournoi de football<\/strong> pour favoriser la rencontre entre demandeurs d\u2019emploi et recruteurs, le 2 octobre \u00e0 Aubervilliers ;<\/p>\n<p>Un <strong>apr\u00e8s-midi<\/strong> pour pr\u00e9senter les <strong>enjeux de la transition \u00e9cologique dans le commerce<\/strong>, le 14 octobre \u00e0 Paris (75002), dans les locaux de QJ du CIDJ ; <\/p>\n<p>Des \u00e9v\u00e9nements pour d\u00e9couvrir les m\u00e9tiers d\u2019une entreprise ou d\u2019une branche professionnelle : <\/p>\n<ul>\n<li>\n<p>Le 29 septembre, <strong>webinaire<\/strong> de d\u00e9couverte des m\u00e9tiers de l\u2019entreprise B&amp;M, en partenariat avec Tingari ; <\/p>\n<\/li>\n<li>\n<p>Le 30 septembre \u00e0 Paris (75015), dans un magasin \u201cMonoprix : les coulisses du commerce et de l\u2019alternance\u201d ; <\/p>\n<\/li>\n<li>\n<p>Le 9 octobre \u00e0 Paris (75002) pour d\u00e9couvrir les m\u00e9tiers des enseignes NOTSHY et Absolut Cashmere ; <\/p>\n<\/li>\n<li>\n<p>Le 16 octobre \u00e0 Wissous (91320) pour mettre en lumi\u00e8re les m\u00e9tiers de la logistique, avec l\u2019entreprise Quitoque. <\/p>\n<\/li>\n<\/ul>\n<p>Un <a class=\"invalid-link\" href=\"http:\/\/lecommercecatebouge.fr\" rel=\"noopener nofollow\" target=\"_blank\">site de r\u00e9f\u00e9rencement<\/a> est \u00e0 la disposition des structures (entreprises, organismes de formation, acteurs de l\u2019orientation et de l\u2019emploi\u2026) qui souhaitent participer aux Rencontres des M\u00e9tiers du Commerce et donner de la <strong>visibilit\u00e9<\/strong> \u00e0 leurs \u00e9v\u00e8nements.\u00a0 <\/p>\n<p>\u00a0<\/p>\n","protected":false},"excerpt":{"rendered":"\u00a9Shutterstock &#8211; Les Rencontres des M\u00e9tiers du Commerce reviennent pour une seconde \u00e9dition en Ile-de-France pour faire d\u00e9couvrir&hellip;\n","protected":false},"author":2,"featured_media":415514,"comment_status":"","ping_status":"","sticky":false,"template":"","format":"standard","meta":{"footnotes":""},"categories":[1592],"tags":[1111,11,7227,1777,674,1011,27,662,12,626,25],"class_list":{"0":"post-415513","1":"post","2":"type-post","3":"status-publish","4":"format-standard","5":"has-post-thumbnail","7":"category-ile-de-france","8":"tag-actu","9":"tag-actualites","10":"tag-commerces","11":"tag-eu","12":"tag-europe","13":"tag-fr","14":"tag-france","15":"tag-ile-de-france","16":"tag-news","17":"tag-paris","18":"tag-republique-francaise"},"share_on_mastodon":{"url":"https:\/\/pubeurope.com\/@fr\/115262789429470962","error":""},"_links":{"self":[{"href":"https:\/\/www.europesays.com\/fr\/wp-json\/wp\/v2\/posts\/415513","targetHints":{"allow":["GET"]}}],"collection":[{"href":"https:\/\/www.europesays.com\/fr\/wp-json\/wp\/v2\/posts"}],"about":[{"href":"https:\/\/www.europesays.com\/fr\/wp-json\/wp\/v2\/types\/post"}],"author":[{"embeddable":true,"href":"https:\/\/www.europesays.com\/fr\/wp-json\/wp\/v2\/users\/2"}],"replies":[{"embeddable":true,"href":"https:\/\/www.europesays.com\/fr\/wp-json\/wp\/v2\/comments?post=415513"}],"version-history":[{"count":0,"href":"https:\/\/www.europesays.com\/fr\/wp-json\/wp\/v2\/posts\/415513\/revisions"}],"wp:featuredmedia":[{"embeddable":true,"href":"https:\/\/www.europesays.com\/fr\/wp-json\/wp\/v2\/media\/415514"}],"wp:attachment":[{"href":"https:\/\/www.europesays.com\/fr\/wp-json\/wp\/v2\/media?parent=415513"}],"wp:term":[{"taxonomy":"category","embeddable":true,"href":"https:\/\/www.europesays.com\/fr\/wp-json\/wp\/v2\/categories?post=415513"},{"taxonomy":"post_tag","embeddable":true,"href":"https:\/\/www.europesays.com\/fr\/wp-json\/wp\/v2\/tags?post=415513"}],"curies":[{"name":"wp","href":"https:\/\/api.w.org\/{rel}","templated":true}]}}