{"id":415542,"date":"2025-09-25T03:36:14","date_gmt":"2025-09-25T03:36:14","guid":{"rendered":"https:\/\/www.europesays.com\/fr\/415542\/"},"modified":"2025-09-25T03:36:14","modified_gmt":"2025-09-25T03:36:14","slug":"we-are-social-france-celebre-15-ans-de-culture-social-media","status":"publish","type":"post","link":"https:\/\/www.europesays.com\/fr\/415542\/","title":{"rendered":"We Are Social France c\u00e9l\u00e8bre 15 ans de culture social media"},"content":{"rendered":"<p>A l\u2019occasion de ses 15 ans, l\u2019agence cr\u00e9ative We Are Social France d\u00e9voile <a href=\"https:\/\/socialguessr.com\/\" target=\"_blank\" rel=\"noopener\">SocialGuessR, un mini-jeu en ligne con\u00e7u pour tester sa culture social media<\/a>.\u00a0Avec SocialGuessR, les joueurs et joueuses doivent faire travailler leur m\u00e9moire pour replacer dans le temps les moments cultes et ph\u00e9nom\u00e8nes ayant marqu\u00e9 le web et les r\u00e9seaux sociaux ces derni\u00e8res ann\u00e9es.\u00a0<\/p>\n<p>Harlem shake<\/p>\n<p>Du c\u00e9l\u00e8bre \u0153uf star d\u2019Instagram \u00e0 la vid\u00e9o la plus lik\u00e9e sur TikTok, en passant par le ph\u00e9nom\u00e8ne Harlem shake ou encore le premier YouTube Short, le principe est simple : chaque joueur dispose de 20 secondes pour deviner la date de l\u2019\u00e9v\u00e9nement ou de la tendance. Plus la r\u00e9ponse est pr\u00e9cise, plus le score grimpe !<\/p>\n<p>Codes et formats<\/p>\n<p>SocialGuessR, d\u00e9velopp\u00e9 en interne par We Are Social, s\u2019av\u00e8re \u00eatre bien plus qu\u2019un jeu de rapidit\u00e9. C\u2019est \u00e9galement une fa\u00e7on ludique &#8211; et addictive &#8211; de prendre conscience de l\u2019impact culturel des r\u00e9seaux sociaux, devenus en quinze ans un espace central des conversations, imposant leurs formats et leurs codes.<\/p>\n","protected":false},"excerpt":{"rendered":"A l\u2019occasion de ses 15 ans, l\u2019agence cr\u00e9ative We Are Social France d\u00e9voile SocialGuessR, un mini-jeu en ligne&hellip;\n","protected":false},"author":2,"featured_media":415543,"comment_status":"","ping_status":"","sticky":false,"template":"","format":"standard","meta":{"footnotes":""},"categories":[4],"tags":[11,536,6973,1011,27,6974,6972,500,12,25],"class_list":{"0":"post-415542","1":"post","2":"type-post","3":"status-publish","4":"format-standard","5":"has-post-thumbnail","7":"category-france","8":"tag-actualites","9":"tag-communication","10":"tag-digital","11":"tag-fr","12":"tag-france","13":"tag-magazine-strategies","14":"tag-marketing","15":"tag-medias","16":"tag-news","17":"tag-republique-francaise"},"share_on_mastodon":{"url":"https:\/\/pubeurope.com\/@fr\/115262847901363699","error":""},"_links":{"self":[{"href":"https:\/\/www.europesays.com\/fr\/wp-json\/wp\/v2\/posts\/415542","targetHints":{"allow":["GET"]}}],"collection":[{"href":"https:\/\/www.europesays.com\/fr\/wp-json\/wp\/v2\/posts"}],"about":[{"href":"https:\/\/www.europesays.com\/fr\/wp-json\/wp\/v2\/types\/post"}],"author":[{"embeddable":true,"href":"https:\/\/www.europesays.com\/fr\/wp-json\/wp\/v2\/users\/2"}],"replies":[{"embeddable":true,"href":"https:\/\/www.europesays.com\/fr\/wp-json\/wp\/v2\/comments?post=415542"}],"version-history":[{"count":0,"href":"https:\/\/www.europesays.com\/fr\/wp-json\/wp\/v2\/posts\/415542\/revisions"}],"wp:featuredmedia":[{"embeddable":true,"href":"https:\/\/www.europesays.com\/fr\/wp-json\/wp\/v2\/media\/415543"}],"wp:attachment":[{"href":"https:\/\/www.europesays.com\/fr\/wp-json\/wp\/v2\/media?parent=415542"}],"wp:term":[{"taxonomy":"category","embeddable":true,"href":"https:\/\/www.europesays.com\/fr\/wp-json\/wp\/v2\/categories?post=415542"},{"taxonomy":"post_tag","embeddable":true,"href":"https:\/\/www.europesays.com\/fr\/wp-json\/wp\/v2\/tags?post=415542"}],"curies":[{"name":"wp","href":"https:\/\/api.w.org\/{rel}","templated":true}]}}