{"id":415546,"date":"2025-09-25T03:43:17","date_gmt":"2025-09-25T03:43:17","guid":{"rendered":"https:\/\/www.europesays.com\/fr\/415546\/"},"modified":"2025-09-25T03:43:17","modified_gmt":"2025-09-25T03:43:17","slug":"parlons-motogp-voici-pourquoi-lame-du-championnat-est-en-danger","status":"publish","type":"post","link":"https:\/\/www.europesays.com\/fr\/415546\/","title":{"rendered":"Parlons MotoGP\u00a0: Voici pourquoi l\u2019\u00e2me du championnat est en danger"},"content":{"rendered":"<p><strong>Hier, nous avons analys\u00e9 les mesures r\u00e9alis\u00e9es par<br \/>\nLiberty Media ces derni\u00e8res semaines. Si elles portaient sur des<br \/>\nd\u00e9tails du championnat MotoGP, le sujet que nous allons aborder<br \/>\naujourd\u2019hui est bien plus grave. Cet \u00e9pisode fait directement suite<br \/>\nau pr\u00e9c\u00e9dent ; la lecture de ce dernier est donc fortement<br \/>\nrecommand\u00e9e. <a href=\"https:\/\/www.paddock-gp.com\/parlons-motogp-attention-liberty-media-est-sur-le-point-de-changer-radicalement-le-sport\/\" target=\"_blank\" rel=\"noopener\">Pour le retrouver, cliquez<br \/>\nici<\/a>.<\/strong><\/p>\n<p>\u00a0<\/p>\n<p>Le championnat MotoGP n\u2019est pas la F1<\/p>\n<p>\u00a0<\/p>\n<p>Hier, nous avons prouv\u00e9 la diff\u00e9rence entre le mod\u00e8le du<br \/>\nchampionnat <a href=\"https:\/\/www.motogp.com\/fr\/\" target=\"_blank\" rel=\"noopener\">MotoGP<\/a> et celui de la Formule 1, en s\u2019appuyant<br \/>\nsur l\u2019analogie de la boxe. Historiquement, les petites cat\u00e9gories<br \/>\nne sont pas uniquement destin\u00e9es \u00e0 la formation des champions.<br \/>\n<strong>La Formule 1, elle, r\u00e8gne seule sur le monde des<br \/>\nmonoplaces<\/strong>. La Formule 2 et la Formule 3 ne sont et n\u2019ont<br \/>\ntoujours \u00e9t\u00e9 que des cat\u00e9gories de passage pour les pilotes, rien<br \/>\nde plus, et c\u2019est pourquoi ces titres sont souvent oubli\u00e9s \u00e0<br \/>\nl\u2019\u00e9vocation du palmar\u00e8s des plus grands. <strong>Voil\u00e0 pour le<br \/>\nr\u00e9sum\u00e9<\/strong>.<\/p>\n<p>\u00a0<\/p>\n<p><img loading=\"lazy\" decoding=\"async\" aria-describedby=\"caption-attachment-1332019\" class=\"size-full wp-image-1332019\" src=\"https:\/\/www.europesays.com\/fr\/wp-content\/uploads\/2025\/09\/54786656981_2b7069d1c3_c.jpg\" alt=\"MotoGP championnat\" width=\"800\" height=\"533\"  \/><\/p>\n<p id=\"caption-attachment-1332019\" class=\"wp-caption-text\">\nL\u2019histoire est partout en MotoGP\u2026 et Gresini ne l\u2019a pas \u00e9crite<br \/>\nqu\u2019en MotoGP, loin de l\u00e0. Photo : Michelin Motorsport<\/p>\n<p>\u00a0<\/p>\n<p>C\u2019est pour cette raison qu\u2019en suivant les Grands Prix, vous avez<br \/>\ndroit, chaque week-end, \u00e0 trois courses passionnantes, alors que<br \/>\nles spectateurs de la F1 ne regardent, en grande majorit\u00e9, que la<br \/>\nF1. <strong>Mais cela pourrait bien changer, et pas dans le bon<br \/>\nsens pour nous, fans de MotoGP<\/strong>.<\/p>\n<p>En effet, des d\u00e9cisions annonc\u00e9es r\u00e9cemment me font tr\u00e8s peur<br \/>\npour l\u2019avenir des petites cat\u00e9gories. D\u00e8s 2026, <strong><a href=\"https:\/\/www.paddock-gp.com\/motogp-le-paddock-vend-son-ame-liberty-media-veut-effacer-limage-brute-du-sport-pour-la-remplacer-par-une-vitrine-luxueuse\/\" target=\"_blank\" rel=\"noopener\">Liberty Media changera la<br \/>\nphysionomie du paddock, et s\u00e9parera l\u2019espace r\u00e9serv\u00e9 aux \u00e9quipes<br \/>\nMotoGP de l\u2019espace pr\u00e9vu pour les \u00e9curies Moto2 et<br \/>\nMoto3<\/a><\/strong>. <strong>Mais pourquoi \u00e7a\u00a0?<\/strong> Dans<br \/>\nle but de moderniser et rendre plus attractif le paddock MotoGP, de<br \/>\nle sublimer, d\u2019en faire une \u00e9tendue o\u00f9 les VIP pourront justifier,<br \/>\npar quelques photos prises avec leur t\u00e9l\u00e9phone, les prix<br \/>\nexorbitants de leur pass<strong>.<\/strong> Ainsi, cela<br \/>\npermettra \u00e9galement de renforcer le c\u00f4t\u00e9 exceptionnel de la<br \/>\ncat\u00e9gorie reine et de valoriser d\u2019autant plus ses champions.<\/p>\n<p>Il faut savoir que cela a d\u00e9j\u00e0 \u00e9t\u00e9 essay\u00e9 il y a un peu plus de<br \/>\ndix ans, mais \u00e7a n\u2019avait pas tenu. DORNA avait vite fait machine<br \/>\narri\u00e8re pour des raisons tr\u00e8s simples\u00a0: <strong>le paddock<br \/>\nMotoGP n\u2019attirait pas tant de monde que \u00e7a, et le tout paraissait<br \/>\nun peu vide, finalement<\/strong>. Bien s\u00fbr, la volont\u00e9 est de<br \/>\ns\u2019inspirer clairement du mod\u00e8le F1, qui propose un paddock rempli<br \/>\nd\u2019hospitalit\u00e9s assez hallucinantes, il faut le dire. Mais pourquoi<br \/>\ncela r\u00e9volte-t-il notre petit monde\u00a0?<\/p>\n<p>\u00a0<\/p>\n<p>La fausse bonne id\u00e9e<\/p>\n<p>\u00a0<\/p>\n<p>Pour r\u00e9pondre \u00e0 cette question, il faut se pencher sur le r\u00f4le<br \/>\nd\u2019un paddock. C\u2019est l\u2019endroit o\u00f9 les \u00e9quipes s\u2019organisent, o\u00f9 bat<br \/>\nle c\u0153ur de la discipline. Certes. Mais c\u2019est \u00e9galement un espace<br \/>\nprivil\u00e9gi\u00e9 pour les personnes accr\u00e9dit\u00e9es et les sponsors.<br \/>\n<strong>En Formule 1, par exemple, le paddock de Monaco est reconnu<br \/>\npour \u00eatre un lieu de rencontres entre personnes influentes, o\u00f9<br \/>\npeuvent parfois s\u2019\u00e9tablir de juteuses connexions<\/strong>. Si l\u2019on<br \/>\nisole le MotoGP, je doute que cela change r\u00e9ellement quelque chose<br \/>\npour la cat\u00e9gorie reine. L\u2019aspect luxueux d\u00e9sir\u00e9 pourrait carr\u00e9ment<br \/>\naider \u00e0 conqu\u00e9rir ceux qui allongent l\u2019artiche et qui veulent<br \/>\nd\u00e9couvrir une cat\u00e9gorie \u00ab\u00a0sensations fortes\u00a0\u00bb. En ce<br \/>\nsens, d\u2019un pur point de vue business, on peut comprendre la volont\u00e9<br \/>\nde Liberty Media.<\/p>\n<p>\u00a0<\/p>\n<p><img loading=\"lazy\" decoding=\"async\" aria-describedby=\"caption-attachment-1332020\" class=\"size-full wp-image-1332020\" src=\"https:\/\/www.europesays.com\/fr\/wp-content\/uploads\/2025\/09\/54786987205_14e9acff38_c.jpg\" alt=\"MotoGP championnat\" width=\"799\" height=\"533\"  \/><\/p>\n<p id=\"caption-attachment-1332020\" class=\"wp-caption-text\">Le<br \/>\nprobl\u00e8me, c\u2019est que les stars sont \u00e0 la fois tr\u00e8s proches des<br \/>\npetits qui montent. \u00c7a risque de casser. Photo : Michelin<br \/>\nMotorsport<\/p>\n<p>\u00a0<\/p>\n<p>Le probl\u00e8me, c\u2019est que cela se fait au d\u00e9triment des deux autres<br \/>\ncat\u00e9gories, qui sont, de mon point de vue, l\u2019\u00e2me du MotoGP. Isoler<br \/>\nla cat\u00e9gorie reine, c\u2019est emp\u00eacher les gros bonnets de s\u2019int\u00e9resser<br \/>\naux petites cylindr\u00e9es, c\u2019est faire de l\u2019ombre \u00e0 des \u00e9quipes<br \/>\nvaleureuses qui ont souvent besoin de beaucoup d\u2019argent pour<br \/>\nfonctionner. Quel sponsor serait tent\u00e9 de figurer sur les Moto2 ou<br \/>\nles Moto3 si elles sont d\u00e9laiss\u00e9es par le promoteur\u00a0? Un<br \/>\nmembre de l\u2019une de ces \u00e9quipes s\u2019est m\u00eame gravement exprim\u00e9 sur ce<br \/>\nsujet\u00a0: <strong>\u00ab\u00a0S\u2019ils nous mettent hors du paddock<br \/>\nprincipal, nous sommes finis \u2026\u00a0\u00bb<\/strong><\/p>\n<p>\u00a0<\/p>\n<p>Un futur encore plus sombre<\/p>\n<p>\u00a0<\/p>\n<p>Entre les hymnes, l\u2019effacement de l\u2019histoire et maintenant la<br \/>\ns\u00e9paration claire des paddocks, \u00e7a commence \u00e0 faire beaucoup.<br \/>\n<strong>Mais \u00e0 quoi pourrait bien ressembler le futur des petites<br \/>\ncat\u00e9gories\u00a0?<\/strong> Ma crainte, c\u2019est qu\u2019elles soient<br \/>\ntotalement dissoci\u00e9es des week-ends de MotoGP, exactement comme<br \/>\nl\u2019est la Formule 2 pour la Formule 1. Pour rappel, lors de<br \/>\ncertaines manches du championnat de F1, les F2 ne courent<br \/>\npas\u00a0; \u00e7a n\u2019a rien \u00e0 voir avec notre discipline favorite. Et si<br \/>\nle Moto2 et le Moto3 devenaient des cat\u00e9gories uniquement r\u00e9serv\u00e9es<br \/>\n\u00e0 la promotion de talents, sans but de comp\u00e9tition\u00a0? C\u2019est<br \/>\nactuellement le cas en F2, o\u00f9 il n\u2019est pas rare que le champion ne<br \/>\npasse pas en F1, <strong>car d\u00e9j\u00e0\u00a0trop vieux<\/strong>, ou pas<br \/>\nassez talentueux malgr\u00e9 sa victoire au g\u00e9n\u00e9ral.<\/p>\n<p>Loin de moi l\u2019id\u00e9e de jouer les pessimistes, <strong>mais \u00e7a<br \/>\nserait la mort du championnat MotoGP, dans son ensemble<\/strong>.<br \/>\nOn copie la F1 parce que \u00e7a marche, qu\u2019un nouveau public regarde,<br \/>\nmais pourquoi la sauce prendrait-elle une deuxi\u00e8me fois cons\u00e9cutive<br \/>\nen quelques ann\u00e9es avec la m\u00eame recette alors que le public vis\u00e9,<br \/>\nles acteurs, l\u2019histoire et la philosophie du paddock sont<br \/>\nradicalement diff\u00e9rents ? <strong>Tout cela me fait tr\u00e8s<br \/>\npeur<\/strong>.<\/p>\n<p>Cette invisibilisation des petites cat\u00e9gories vous<br \/>\neffraie-t-elle \u00e9galement\u00a0? <strong>Dites-le-moi en<br \/>\ncommentaires\u00a0!<\/strong><\/p>\n<p>Pour rappel, cet article ne refl\u00e8te que la pens\u00e9e de son auteur,<br \/>\net pas de l\u2019enti\u00e8ret\u00e9 de la r\u00e9daction.<\/p>\n<p>\u00a0<\/p>\n<p><img loading=\"lazy\" decoding=\"async\" aria-describedby=\"caption-attachment-1332021\" class=\"size-full wp-image-1332021\" src=\"https:\/\/www.europesays.com\/fr\/wp-content\/uploads\/2025\/09\/54786986715_6b8e59ab6e_c.jpg\" alt=\"\" width=\"799\" height=\"533\"  \/><\/p>\n<p id=\"caption-attachment-1332021\" class=\"wp-caption-text\">Certains<br \/>\ndes meilleurs pilotes du monde sont loin d\u2019\u00eatre assez extravagants<br \/>\npour devenir des stars. Photo : Michelin Motorsport<\/p>\n<p>\u00a0<\/p>\n<p>Photo de couverture : Michelin Motorsport<\/p>\n","protected":false},"excerpt":{"rendered":"Hier, nous avons analys\u00e9 les mesures r\u00e9alis\u00e9es par Liberty Media ces derni\u00e8res semaines. Si elles portaient sur des&hellip;\n","protected":false},"author":2,"featured_media":415547,"comment_status":"","ping_status":"","sticky":false,"template":"","format":"standard","meta":{"footnotes":""},"categories":[1412],"tags":[1451,1452,1453,1454,1455,1011,27,60],"class_list":{"0":"post-415546","1":"post","2":"type-post","3":"status-publish","4":"format-standard","5":"has-post-thumbnail","7":"category-f1","8":"tag-f1","9":"tag-formula-1","10":"tag-formula1","11":"tag-formule-1","12":"tag-formule1","13":"tag-fr","14":"tag-france","15":"tag-sports"},"share_on_mastodon":{"url":"https:\/\/pubeurope.com\/@fr\/115262876732572818","error":""},"_links":{"self":[{"href":"https:\/\/www.europesays.com\/fr\/wp-json\/wp\/v2\/posts\/415546","targetHints":{"allow":["GET"]}}],"collection":[{"href":"https:\/\/www.europesays.com\/fr\/wp-json\/wp\/v2\/posts"}],"about":[{"href":"https:\/\/www.europesays.com\/fr\/wp-json\/wp\/v2\/types\/post"}],"author":[{"embeddable":true,"href":"https:\/\/www.europesays.com\/fr\/wp-json\/wp\/v2\/users\/2"}],"replies":[{"embeddable":true,"href":"https:\/\/www.europesays.com\/fr\/wp-json\/wp\/v2\/comments?post=415546"}],"version-history":[{"count":0,"href":"https:\/\/www.europesays.com\/fr\/wp-json\/wp\/v2\/posts\/415546\/revisions"}],"wp:featuredmedia":[{"embeddable":true,"href":"https:\/\/www.europesays.com\/fr\/wp-json\/wp\/v2\/media\/415547"}],"wp:attachment":[{"href":"https:\/\/www.europesays.com\/fr\/wp-json\/wp\/v2\/media?parent=415546"}],"wp:term":[{"taxonomy":"category","embeddable":true,"href":"https:\/\/www.europesays.com\/fr\/wp-json\/wp\/v2\/categories?post=415546"},{"taxonomy":"post_tag","embeddable":true,"href":"https:\/\/www.europesays.com\/fr\/wp-json\/wp\/v2\/tags?post=415546"}],"curies":[{"name":"wp","href":"https:\/\/api.w.org\/{rel}","templated":true}]}}