{"id":415553,"date":"2025-09-25T03:47:25","date_gmt":"2025-09-25T03:47:25","guid":{"rendered":"https:\/\/www.europesays.com\/fr\/415553\/"},"modified":"2025-09-25T03:47:25","modified_gmt":"2025-09-25T03:47:25","slug":"rudy-ricciotti-je-suis-tres-pessimiste-quant-a-lavenir-des-bibliotheques","status":"publish","type":"post","link":"https:\/\/www.europesays.com\/fr\/415553\/","title":{"rendered":"Rudy Ricciotti : \u00ab\u00a0Je suis tr\u00e8s pessimiste quant \u00e0 l\u2019avenir des biblioth\u00e8ques\u00a0\u00bb"},"content":{"rendered":"<p>Alors que Livres Hebdo c\u00e9l\u00e8bre en septembre les cinq ans de sa nouvelle formule, la r\u00e9daction a interrog\u00e9 plusieurs acteurs du monde du livre pour leur demander o\u00f9 ils se voyaient dans cinq ans. \u00c0 en croire quelques-unes des personnes interrog\u00e9es, nous voil\u00e0 \u00e0 l\u2019aube d\u2019un grand basculement.<\/p>\n<p>Acc\u00e9l\u00e9ration de l\u2019histoire\u00a0? Il y a cinq ans nous aurions peut-\u00eatre demand\u00e9 \u00e0 ces professionnels comment ils s\u2019imaginaient dans vingt. Toujours est-il que ces quelques r\u00e9ponses apporteront des esquisses de solution et des raisons d\u2019esp\u00e9rer, au moins autant que de s\u2019inqui\u00e9ter. Aujourd\u2019hui, retour vers 2030 avec <strong>Rudy Ricciotti<\/strong>, ing\u00e9nieur architecte, qui a notamment con\u00e7u la m\u00e9diath\u00e8que maison de quartier L\u00e9onard-de-Vinci \u00e0 Vaulx-en-Velin et la Biblioth\u00e8que Humaniste de S\u00e9lestat.<\/p>\n<p>\u00ab\u00a0Le minist\u00e8re de la Culture, dans son arrogant jacobinisme, d\u00e9pense presque 60\u00a0% de son budget pour l\u2019\u00cele-de-France\u00a0\u00bb<\/p>\n<p>\u00ab\u00a0Je suis tr\u00e8s pessimiste quant \u00e0 l\u2019avenir des biblioth\u00e8ques, car il n\u2019y a plus d\u2019argent public. Les collectivit\u00e9s territoriales gardent leurs ressources pour la colonne \u201cfonctionnement\u201d. Or les m\u00e9diath\u00e8ques sont des vecteurs majeurs de la vie culturelle. \u00c0 elles seules, elles ont une efficacit\u00e9 politique et culturelle plus importante que le minist\u00e8re de la Culture, qui, dans son arrogant jacobinisme, d\u00e9pense presque 60\u00a0% de son budget pour l\u2019\u00cele-de-France.<\/p>\n<p>\u00ab\u00a0Les m\u00e9diath\u00e8ques sont les fers de lance de la culture fran\u00e7aise\u00a0\u00bb<\/p>\n<p>Les m\u00e9diath\u00e8ques sont les fers de lance de la culture fran\u00e7aise. Il faut les d\u00e9fendre. Mais sans attendre d\u2019elles un projet politique et \u00e9conomique global\u00a0! Que chacun reste \u00e0 sa place\u00a0: la biblioth\u00e8que contribue \u00e0 la diffusion populaire de la culture, de la bande dessin\u00e9e \u00e0 Barbey d\u2019Aurevilly, mais ne sera pas un pivot politique de la soci\u00e9t\u00e9 fran\u00e7aise qui court \u00e0 la catastrophe.<\/p>\n<p>Les m\u00e9diath\u00e8ques ne formeront pas d\u2019avocats, de m\u00e9decins, d\u2019ing\u00e9nieurs architectes. Il faut rester \u00e0 la hauteur de ses propres ambitions. L\u2019architecte n\u2019est donc pas l\u00e0 pour cr\u00e9er une stup\u00e9faction perverse, mais pour que la biblioth\u00e8que assure une fonction culturelle populaire. Utile.\u00a0\u00bb<\/p>\n","protected":false},"excerpt":{"rendered":"Alors que Livres Hebdo c\u00e9l\u00e8bre en septembre les cinq ans de sa nouvelle formule, la r\u00e9daction a interrog\u00e9&hellip;\n","protected":false},"author":2,"featured_media":415554,"comment_status":"","ping_status":"","sticky":false,"template":"","format":"standard","meta":{"footnotes":""},"categories":[1358],"tags":[1348,1384,1385,1386,58,59,1011,27],"class_list":{"0":"post-415553","1":"post","2":"type-post","3":"status-publish","4":"format-standard","5":"has-post-thumbnail","7":"category-arts-et-design","8":"tag-arts","9":"tag-arts-and-design","10":"tag-arts-et-design","11":"tag-design","12":"tag-divertissement","13":"tag-entertainment","14":"tag-fr","15":"tag-france"},"share_on_mastodon":{"url":"https:\/\/pubeurope.com\/@fr\/115262891202207042","error":""},"_links":{"self":[{"href":"https:\/\/www.europesays.com\/fr\/wp-json\/wp\/v2\/posts\/415553","targetHints":{"allow":["GET"]}}],"collection":[{"href":"https:\/\/www.europesays.com\/fr\/wp-json\/wp\/v2\/posts"}],"about":[{"href":"https:\/\/www.europesays.com\/fr\/wp-json\/wp\/v2\/types\/post"}],"author":[{"embeddable":true,"href":"https:\/\/www.europesays.com\/fr\/wp-json\/wp\/v2\/users\/2"}],"replies":[{"embeddable":true,"href":"https:\/\/www.europesays.com\/fr\/wp-json\/wp\/v2\/comments?post=415553"}],"version-history":[{"count":0,"href":"https:\/\/www.europesays.com\/fr\/wp-json\/wp\/v2\/posts\/415553\/revisions"}],"wp:featuredmedia":[{"embeddable":true,"href":"https:\/\/www.europesays.com\/fr\/wp-json\/wp\/v2\/media\/415554"}],"wp:attachment":[{"href":"https:\/\/www.europesays.com\/fr\/wp-json\/wp\/v2\/media?parent=415553"}],"wp:term":[{"taxonomy":"category","embeddable":true,"href":"https:\/\/www.europesays.com\/fr\/wp-json\/wp\/v2\/categories?post=415553"},{"taxonomy":"post_tag","embeddable":true,"href":"https:\/\/www.europesays.com\/fr\/wp-json\/wp\/v2\/tags?post=415553"}],"curies":[{"name":"wp","href":"https:\/\/api.w.org\/{rel}","templated":true}]}}