{"id":415555,"date":"2025-09-25T03:48:13","date_gmt":"2025-09-25T03:48:13","guid":{"rendered":"https:\/\/www.europesays.com\/fr\/415555\/"},"modified":"2025-09-25T03:48:13","modified_gmt":"2025-09-25T03:48:13","slug":"fleurance-prix-pierre-dumont-300-e-pour-un-ouvrage-sur-lhistoire-gasconne","status":"publish","type":"post","link":"https:\/\/www.europesays.com\/fr\/415555\/","title":{"rendered":"Fleurance. Prix Pierre-Dumont : 300 \u20ac pour un ouvrage sur l\u2019histoire gasconne"},"content":{"rendered":"<p>La Soci\u00e9t\u00e9 arch\u00e9ologique du Gers organise cette ann\u00e9e encore le Prix Pierre-Dumont, d\u2019un montant de 300 \u20ac.<\/p>\n<p>Le concours est ouvert aux ouvrages d\u2019histoire, d\u2019histoire de l\u2019art et d\u2019arch\u00e9ologie. Il est ouvert \u00e0 tous, sans distinction d\u2019\u00e2ge.<\/p>\n<p>Deux exemplaires de l\u2019ouvrage sont souhait\u00e9s pour l\u2019\u00e9tude du jury. Les ouvrages doivent \u00eatre imprim\u00e9s et avoir \u00e9t\u00e9 publi\u00e9s entre 2023 et 2025.<\/p>\n<p>Seules les \u0153uvres d\u2019auteurs gascons ou traitant directement de la Gascogne sont admises. Les limites de la Gascogne retenues sont celles de l\u2019Intendance d\u2019Auch au milieu du XVIII\u1d49 si\u00e8cle, au temps de l\u2019intendant d\u2019\u00c9tigny, \u00e0 l\u2019exception du B\u00e9arn et des Provinces basques.<\/p>\n<p>Un ouvrage r\u00e9dig\u00e9 en langue gasconne devra \u00eatre accompagn\u00e9 d\u2019une traduction fran\u00e7aise.<\/p>\n<p>Les \u0153uvres doivent \u00eatre envoy\u00e9es avant le 31 d\u00e9cembre au secr\u00e9taire du prix :<\/p>\n<p>Laurent Mauras, 785 route de Gavarret, 32390 Sainte-Christie.<\/p>\n","protected":false},"excerpt":{"rendered":"La Soci\u00e9t\u00e9 arch\u00e9ologique du Gers organise cette ann\u00e9e encore le Prix Pierre-Dumont, d\u2019un montant de 300 \u20ac. Le&hellip;\n","protected":false},"author":2,"featured_media":415556,"comment_status":"","ping_status":"","sticky":false,"template":"","format":"standard","meta":{"footnotes":""},"categories":[1357],"tags":[1379,58,59,1011,27,1380],"class_list":{"0":"post-415555","1":"post","2":"type-post","3":"status-publish","4":"format-standard","5":"has-post-thumbnail","7":"category-livres","8":"tag-books","9":"tag-divertissement","10":"tag-entertainment","11":"tag-fr","12":"tag-france","13":"tag-livres"},"share_on_mastodon":{"url":"https:\/\/pubeurope.com\/@fr\/115262895109408302","error":""},"_links":{"self":[{"href":"https:\/\/www.europesays.com\/fr\/wp-json\/wp\/v2\/posts\/415555","targetHints":{"allow":["GET"]}}],"collection":[{"href":"https:\/\/www.europesays.com\/fr\/wp-json\/wp\/v2\/posts"}],"about":[{"href":"https:\/\/www.europesays.com\/fr\/wp-json\/wp\/v2\/types\/post"}],"author":[{"embeddable":true,"href":"https:\/\/www.europesays.com\/fr\/wp-json\/wp\/v2\/users\/2"}],"replies":[{"embeddable":true,"href":"https:\/\/www.europesays.com\/fr\/wp-json\/wp\/v2\/comments?post=415555"}],"version-history":[{"count":0,"href":"https:\/\/www.europesays.com\/fr\/wp-json\/wp\/v2\/posts\/415555\/revisions"}],"wp:featuredmedia":[{"embeddable":true,"href":"https:\/\/www.europesays.com\/fr\/wp-json\/wp\/v2\/media\/415556"}],"wp:attachment":[{"href":"https:\/\/www.europesays.com\/fr\/wp-json\/wp\/v2\/media?parent=415555"}],"wp:term":[{"taxonomy":"category","embeddable":true,"href":"https:\/\/www.europesays.com\/fr\/wp-json\/wp\/v2\/categories?post=415555"},{"taxonomy":"post_tag","embeddable":true,"href":"https:\/\/www.europesays.com\/fr\/wp-json\/wp\/v2\/tags?post=415555"}],"curies":[{"name":"wp","href":"https:\/\/api.w.org\/{rel}","templated":true}]}}