{"id":415576,"date":"2025-09-25T04:00:24","date_gmt":"2025-09-25T04:00:24","guid":{"rendered":"https:\/\/www.europesays.com\/fr\/415576\/"},"modified":"2025-09-25T04:00:24","modified_gmt":"2025-09-25T04:00:24","slug":"echauffourees-autour-de-lallianz-riviera-en-marge-du-match-ogc-nice-as-roma","status":"publish","type":"post","link":"https:\/\/www.europesays.com\/fr\/415576\/","title":{"rendered":"Echauffour\u00e9es autour de l\u2019Allianz Riviera en marge du match OGC Nice-AS Roma"},"content":{"rendered":"<p class=\"fs-5 \">Des \u00e9chauffour\u00e9es ont \u00e9clat\u00e9 aux abords de l\u2019Allianz Riviera ce mercredi 24 septembre 2025,\u00e0 moins de deux heures avant le coup d\u2019envoi du match OGC Nice-AS Roma, comptant pour la 1re journ\u00e9e de Ligue Europa.<\/p>\n<p class=\"fs-5 \">Sur les coups de 19h20, environ 200 personnes, pour la plupart encagoul\u00e9es, ont tent\u00e9 de prendre d\u2019assaut le rond-point de sortie de l\u2019A8 \u00e0 Saint-Isidore, situ\u00e9 tout pr\u00e8s du restaurant Burger King. A l\u2019endroit m\u00eame o\u00f9 devaient passer les navettes de supporters transalpins, parties en fin d\u2019apr\u00e8s-midi du centre-ville de Nice.<\/p>\n<p>                                                                                Projectiles et gaz lacrymog\u00e8nes<\/p>\n<p class=\"fs-5 \">De nombreux projectiles (parpaings, cailloux, barri\u00e8res, c\u00f4nes de signalisation\u2026) ont \u00e9t\u00e9 lanc\u00e9s. Les forces de l\u2019ordre, positionn\u00e9es en nombre aux abords du stade comme partout en ville, ont r\u00e9pliqu\u00e9 par des gaz lacrymog\u00e8nes pour disperser la foule. Le chaos a dur\u00e9 un quart d\u2019heure environ.<\/p>\n<p class=\"fs-5 \">Ces affrontements ont cr\u00e9\u00e9 un bouchon monstre \u00e0 l\u2019ouest de Nice. Vers 20 heures, la sortie de l\u2019autoroute \u00e9tait totalement congestionn\u00e9e.<\/p>\n<p>                                                                                D\u00e9j\u00e0 des incidents mardi soir<\/p>\n<p class=\"fs-5 \">Ces \u00e9chauffour\u00e9es interviennent au lendemain de violents incendies qui ont \u00e9clat\u00e9 dans le Vieux-Nice, mardi soir, entra\u00eenant l\u2019interpellation d\u2019une centaine de supporters ultras de l\u2019AS Roma et la saisie de plusieurs armes ou objets pouvant servir de projectiles (barres de fer, manche de balais, tuyaux en plastique, pelles, couteaux, marteaux\u2026)<\/p>\n<p>            <img decoding=\"async\" src=\"https:\/\/www.europesays.com\/fr\/wp-content\/uploads\/2025\/09\/1758772824_971_1a8d5e2_upload-from-url-1-m0ipaobqucnd-data-art-16298129.jpg\" loading=\"lazy\" alt=\"Des CRS aux abords du Vieux-Nice, mardi 23 septembre 2025 dans la soir\u00e9e. \" class=\"img-fluid position-absolute w-100 object-fit-coverrounded-2\" width=\"600\" height=\"400\"\/><\/p>\n<p class=\"fs-5 \">Dans la journ\u00e9e de mercredi, en revanche, le calme plat r\u00e9gnait en centre-ville de Nice, o\u00f9 plus de 400 agents de police \u00e9taient d\u00e9ploy\u00e9s dans le cadre d\u2019un important dispositif de s\u00e9curit\u00e9.<\/p>\n","protected":false},"excerpt":{"rendered":"Des \u00e9chauffour\u00e9es ont \u00e9clat\u00e9 aux abords de l\u2019Allianz Riviera ce mercredi 24 septembre 2025,\u00e0 moins de deux heures&hellip;\n","protected":false},"author":2,"featured_media":415577,"comment_status":"","ping_status":"","sticky":false,"template":"","format":"standard","meta":{"footnotes":""},"categories":[2],"tags":[11,1011,27,12,54521],"class_list":{"0":"post-415576","1":"post","2":"type-post","3":"status-publish","4":"format-standard","5":"has-post-thumbnail","7":"category-actualites","8":"tag-actualites","9":"tag-fr","10":"tag-france","11":"tag-news","12":"tag-ogcnice"},"share_on_mastodon":{"url":"https:\/\/pubeurope.com\/@fr\/115262942359847044","error":""},"_links":{"self":[{"href":"https:\/\/www.europesays.com\/fr\/wp-json\/wp\/v2\/posts\/415576","targetHints":{"allow":["GET"]}}],"collection":[{"href":"https:\/\/www.europesays.com\/fr\/wp-json\/wp\/v2\/posts"}],"about":[{"href":"https:\/\/www.europesays.com\/fr\/wp-json\/wp\/v2\/types\/post"}],"author":[{"embeddable":true,"href":"https:\/\/www.europesays.com\/fr\/wp-json\/wp\/v2\/users\/2"}],"replies":[{"embeddable":true,"href":"https:\/\/www.europesays.com\/fr\/wp-json\/wp\/v2\/comments?post=415576"}],"version-history":[{"count":0,"href":"https:\/\/www.europesays.com\/fr\/wp-json\/wp\/v2\/posts\/415576\/revisions"}],"wp:featuredmedia":[{"embeddable":true,"href":"https:\/\/www.europesays.com\/fr\/wp-json\/wp\/v2\/media\/415577"}],"wp:attachment":[{"href":"https:\/\/www.europesays.com\/fr\/wp-json\/wp\/v2\/media?parent=415576"}],"wp:term":[{"taxonomy":"category","embeddable":true,"href":"https:\/\/www.europesays.com\/fr\/wp-json\/wp\/v2\/categories?post=415576"},{"taxonomy":"post_tag","embeddable":true,"href":"https:\/\/www.europesays.com\/fr\/wp-json\/wp\/v2\/tags?post=415576"}],"curies":[{"name":"wp","href":"https:\/\/api.w.org\/{rel}","templated":true}]}}