{"id":415578,"date":"2025-09-25T04:01:55","date_gmt":"2025-09-25T04:01:55","guid":{"rendered":"https:\/\/www.europesays.com\/fr\/415578\/"},"modified":"2025-09-25T04:01:55","modified_gmt":"2025-09-25T04:01:55","slug":"la-prefecture-pourrait-lancer-une-procedure-administrative","status":"publish","type":"post","link":"https:\/\/www.europesays.com\/fr\/415578\/","title":{"rendered":"la pr\u00e9fecture pourrait lancer une proc\u00e9dure administrative"},"content":{"rendered":"<p><img decoding=\"async\" class=\"\" style=\"width:100%\" src=\"https:\/\/www.europesays.com\/fr\/wp-content\/uploads\/2025\/09\/549292964_10234421398188647_8359687018410053777_n1758622799115.jpg\" alt=\"Le drapeau palestinien sur la mairie de la Ricamarie.\"\/><\/p>\n<p>Le drapeau palestinien sur la mairie de la Ricamarie.<\/p>\n<p>Cr\u00e9dit : Facebook Cyrille Bonnefoy.<\/p>\n<p>Il est le seul maire de la Loire \u00e0 avoir transgress\u00e9 la r\u00e8gle en affichant le drapeau palestinien sur le balcon de sa mairie. Et il assume : \u00ab\u00a0Hisser le drapeau palestinien, c\u2019est envoyer un message clair : nous ne restons pas indiff\u00e9rents \u00e0 la souffrance des populations civiles. C\u2019est un geste d\u2019humanit\u00e9, un signe de fraternit\u00e9 envers un peuple qui endure depuis trop longtemps la guerre, les violences et les privations\u00a0\u00bb, c&rsquo;est ce qu&rsquo;a expliqu\u00e9 sur son compte Facebook le maire de la Ricamarie, Cyrille Bonnefoy.<\/p>\n<p>Souci, si la France a officiellement reconnu la Palestine, ce lundi soir, \u00e0 la suite du discours d&rsquo;Emmanuel Macron aux Nations Unies, le ministre de l&rsquo;Int\u00e9rieur d\u00e9missionnaire, Bruno Retailleau, avait interdit d&rsquo;afficher le drapeau palestinien sur les mairies, \u00ab\u00a0au nom des principes de neutralit\u00e9 du service public\u00a0\u00bb. Contact\u00e9e, la pr\u00e9fecture de la Loire nous a indiqu\u00e9 qu&rsquo;elle pourrait saisir le tribunal administratif. Une d\u00e9cision sera prise ce jeudi.<\/p>\n","protected":false},"excerpt":{"rendered":"Le drapeau palestinien sur la mairie de la Ricamarie. Cr\u00e9dit : Facebook Cyrille Bonnefoy. Il est le seul&hellip;\n","protected":false},"author":2,"featured_media":415579,"comment_status":"","ping_status":"","sticky":false,"template":"","format":"standard","meta":{"footnotes":""},"categories":[9653],"tags":[1111,11,2430,54609,12159,1777,674,1011,27,8205,3367,12,3518,25,54608,4001],"class_list":{"0":"post-415578","1":"post","2":"type-post","3":"status-publish","4":"format-standard","5":"has-post-thumbnail","7":"category-saint-etienne","8":"tag-actu","9":"tag-actualites","10":"tag-auvergne-rhone-alpes","11":"tag-bonnefoy","12":"tag-drapeau","13":"tag-eu","14":"tag-europe","15":"tag-fr","16":"tag-france","17":"tag-interdiction","18":"tag-loire","19":"tag-news","20":"tag-palestine","21":"tag-republique-francaise","22":"tag-ricamarie","23":"tag-saint-etienne"},"share_on_mastodon":{"url":"https:\/\/pubeurope.com\/@fr\/115262950537361159","error":""},"_links":{"self":[{"href":"https:\/\/www.europesays.com\/fr\/wp-json\/wp\/v2\/posts\/415578","targetHints":{"allow":["GET"]}}],"collection":[{"href":"https:\/\/www.europesays.com\/fr\/wp-json\/wp\/v2\/posts"}],"about":[{"href":"https:\/\/www.europesays.com\/fr\/wp-json\/wp\/v2\/types\/post"}],"author":[{"embeddable":true,"href":"https:\/\/www.europesays.com\/fr\/wp-json\/wp\/v2\/users\/2"}],"replies":[{"embeddable":true,"href":"https:\/\/www.europesays.com\/fr\/wp-json\/wp\/v2\/comments?post=415578"}],"version-history":[{"count":0,"href":"https:\/\/www.europesays.com\/fr\/wp-json\/wp\/v2\/posts\/415578\/revisions"}],"wp:featuredmedia":[{"embeddable":true,"href":"https:\/\/www.europesays.com\/fr\/wp-json\/wp\/v2\/media\/415579"}],"wp:attachment":[{"href":"https:\/\/www.europesays.com\/fr\/wp-json\/wp\/v2\/media?parent=415578"}],"wp:term":[{"taxonomy":"category","embeddable":true,"href":"https:\/\/www.europesays.com\/fr\/wp-json\/wp\/v2\/categories?post=415578"},{"taxonomy":"post_tag","embeddable":true,"href":"https:\/\/www.europesays.com\/fr\/wp-json\/wp\/v2\/tags?post=415578"}],"curies":[{"name":"wp","href":"https:\/\/api.w.org\/{rel}","templated":true}]}}