{"id":415606,"date":"2025-09-25T04:18:12","date_gmt":"2025-09-25T04:18:12","guid":{"rendered":"https:\/\/www.europesays.com\/fr\/415606\/"},"modified":"2025-09-25T04:18:12","modified_gmt":"2025-09-25T04:18:12","slug":"nizar-feddaoui-arrete-a-nice-apres-setre-evade-lors-dun-transfert-a-lhopital-pendant-sa-garde-a-vue-en-aout","status":"publish","type":"post","link":"https:\/\/www.europesays.com\/fr\/415606\/","title":{"rendered":"Nizar Feddaoui arr\u00eat\u00e9 \u00e0 Nice apr\u00e8s s&rsquo;\u00eatre \u00e9vad\u00e9 lors d&rsquo;un transfert \u00e0 l&rsquo;h\u00f4pital pendant sa garde \u00e0 vue en ao\u00fbt"},"content":{"rendered":"<p>Il \u00e9tait activement recherch\u00e9 depuis plus d&rsquo;un mois. Ce mardi 23\u00a0septembre, dans l&rsquo;apr\u00e8s-midi, Nizar Feddaoui a \u00e9t\u00e9 arr\u00eat\u00e9 \u00e0 Nice, selon une information de France 3 Corse Via Stella, confirm\u00e9e par plusieurs sources. Aucune information n&rsquo;a filtr\u00e9 quant \u00e0 son transfert en Corse.<\/p>\n<p>Son avocate n&rsquo;a pu \u00eatre jointe pour l&rsquo;heure.<\/p>\n<p>Quatre mises en examen dans le dossier de trafic de drogue<\/p>\n<p>Nizar Feddaoui avait \u00e9t\u00e9 arr\u00eat\u00e9 dans une affaire de drogue le<a href=\"https:\/\/www.corsematin.com\/article\/faits-diversjustice\/1310585187505814\/evasion-a-nice-nizar-feddaoui-figure-liee-au-banditisme-corse-activement-recherche\" target=\"_blank\" rel=\"noopener\"> 8\u00a0ao\u00fbt dernier.<\/a> Il \u00e9tait parvenu \u00e0 \u00e9chapper \u00e0 la surveillance des forces de l&rsquo;ordre lors d&rsquo;un transfert \u00e0 l&rsquo;h\u00f4pital de Nice, au cours de sa garde \u00e0 vue.<\/p>\n<p>Plusieurs personnes avaient \u00e9galement \u00e9t\u00e9 arr\u00eat\u00e9es dans cette affaire, pilot\u00e9e par un juge ajaccien. Quatre personnes, deux hommes et deux femmes, ont \u00e9t\u00e9 mises en examen \u00e0 l&rsquo;issue de cette op\u00e9ration en ao\u00fbt\u00a02025\u00a0: Imad Kheir, Sabri Khalaoui, Sabrina Azzouz et Dominique Malpelli.<\/p>\n<p>\u00c0 l&rsquo;occasion de l&rsquo;op\u00e9ration polici\u00e8re de cet \u00e9t\u00e9, pr\u00e8s de 5\u00a0kg de cannabis ont \u00e9t\u00e9 d\u00e9couverts dans la roue de secours d&rsquo;un v\u00e9hicule conduit par Sabri Khalaoui. \u00ab\u00a0Mon client assure qu&rsquo;on lui a pr\u00eat\u00e9 ce v\u00e9hicule mais il n&rsquo;\u00e9tait absolument pas au courant de ce qu&rsquo;il contenait\u00a0\u00bb, indique Me. Aljia Fazai-Codaccioni, conseil de ce dernier, plac\u00e9 en d\u00e9tention provisoire.<\/p>\n<p>Les autres avocats de cette affaire n&rsquo;ont pu \u00eatre joints.<\/p>\n<p>Pour rappel, Nizar Feddaoui, 36 ans, est connu de la justice pour avoir notamment \u00e9t\u00e9 condamn\u00e9 \u00e0 15 ans de r\u00e9clusion au proc\u00e8s de l&rsquo;assassinat d&rsquo;Yves Manunta.<\/p>\n<p>La cour d&rsquo;assises avait notamment retenu \u00e0 son encontre l&rsquo;incendie en bande organis\u00e9e du v\u00e9hicule qui a servi aux meurtriers d&rsquo;Yves Manunta. Il n&rsquo;avait pas \u00e9t\u00e9 reconnu coupable de l&rsquo;assassinat.<\/p>\n","protected":false},"excerpt":{"rendered":"Il \u00e9tait activement recherch\u00e9 depuis plus d&rsquo;un mois. Ce mardi 23\u00a0septembre, dans l&rsquo;apr\u00e8s-midi, Nizar Feddaoui a \u00e9t\u00e9 arr\u00eat\u00e9&hellip;\n","protected":false},"author":2,"featured_media":415607,"comment_status":"","ping_status":"","sticky":false,"template":"","format":"standard","meta":{"footnotes":""},"categories":[2819],"tags":[17,1111,11,150,11354,2516,1102,1777,674,274,47468,1011,27,2515,12,2401,47467,882,25],"class_list":{"0":"post-415606","1":"post","2":"type-post","3":"status-publish","4":"format-standard","5":"has-post-thumbnail","7":"category-nice","8":"tag-17","9":"tag-actu","10":"tag-actualites","11":"tag-apres","12":"tag-arrete","13":"tag-banditisme","14":"tag-breakingnews","15":"tag-eu","16":"tag-europe","17":"tag-faits-divers-justice","18":"tag-feddaoui","19":"tag-fr","20":"tag-france","21":"tag-grand","22":"tag-news","23":"tag-nice","24":"tag-nizar","25":"tag-provence-alpes-cote-dazur","26":"tag-republique-francaise"},"share_on_mastodon":{"url":"https:\/\/pubeurope.com\/@fr\/115263013184825540","error":""},"_links":{"self":[{"href":"https:\/\/www.europesays.com\/fr\/wp-json\/wp\/v2\/posts\/415606","targetHints":{"allow":["GET"]}}],"collection":[{"href":"https:\/\/www.europesays.com\/fr\/wp-json\/wp\/v2\/posts"}],"about":[{"href":"https:\/\/www.europesays.com\/fr\/wp-json\/wp\/v2\/types\/post"}],"author":[{"embeddable":true,"href":"https:\/\/www.europesays.com\/fr\/wp-json\/wp\/v2\/users\/2"}],"replies":[{"embeddable":true,"href":"https:\/\/www.europesays.com\/fr\/wp-json\/wp\/v2\/comments?post=415606"}],"version-history":[{"count":0,"href":"https:\/\/www.europesays.com\/fr\/wp-json\/wp\/v2\/posts\/415606\/revisions"}],"wp:featuredmedia":[{"embeddable":true,"href":"https:\/\/www.europesays.com\/fr\/wp-json\/wp\/v2\/media\/415607"}],"wp:attachment":[{"href":"https:\/\/www.europesays.com\/fr\/wp-json\/wp\/v2\/media?parent=415606"}],"wp:term":[{"taxonomy":"category","embeddable":true,"href":"https:\/\/www.europesays.com\/fr\/wp-json\/wp\/v2\/categories?post=415606"},{"taxonomy":"post_tag","embeddable":true,"href":"https:\/\/www.europesays.com\/fr\/wp-json\/wp\/v2\/tags?post=415606"}],"curies":[{"name":"wp","href":"https:\/\/api.w.org\/{rel}","templated":true}]}}