{"id":415623,"date":"2025-09-25T04:28:11","date_gmt":"2025-09-25T04:28:11","guid":{"rendered":"https:\/\/www.europesays.com\/fr\/415623\/"},"modified":"2025-09-25T04:28:11","modified_gmt":"2025-09-25T04:28:11","slug":"brann-a-quelle-heure-et-sur-quelle-chaine-regarder-le-match-ce-jeudi","status":"publish","type":"post","link":"https:\/\/www.europesays.com\/fr\/415623\/","title":{"rendered":"Brann : \u00c0 quelle heure et sur quelle cha\u00eene regarder le match ce jeudi ?"},"content":{"rendered":"<p>Battant le Real Madrid et l\u2019Atletico la saison derni\u00e8re en Ligue des Champions, le LOSC a prouv\u00e9 qu\u2019il \u00e9tait capable de bien figurer en Coupe d\u2019Europe. Pour cette saison de Ligue Europa, les Dogues ont h\u00e9rit\u00e9 d\u2019un tirage au sort relativement abordable sur le papier. Les Lillois affronteront l\u2019AS Roma, mais aussi des \u00e9quipes plus faibles sur le papier comme le PAOK, le Dinamo Zagreb et donc Brann. Les Norv\u00e9giens, adversaires du soir, sont actuellement 3e de leur championnat. \u00c0 domicile, Lille est favori et reste sur une belle s\u00e9rie de 6 matchs cons\u00e9cutifs sans d\u00e9faite, avec 2 victoires en 2 matchs depuis le d\u00e9but de l\u2019exercice 2025-2026. Vainqueur du troph\u00e9e et meilleur buteur de la comp\u00e9tition en 2018-2019, Olivier Giroud sera l\u2019arme num\u00e9ro 1 des Lillois. M\u00e9fiance toutefois car Brann reste sur 3 succ\u00e8s de suite et n\u2019a plus perdu depuis 7 rencontres.<\/p>\n<p>\u00c0 quelle heure et sur quelle cha\u00eene regarder en direct le match Lille &#8211; Brann ?<\/p>\n<p>Le match entre Lille et Brann est diffus\u00e9 en direct sur CANAL +. Le coup d\u2019envoi du match est pr\u00e9vu \u00e0 18h45 le jeudi 25 septembre en direct du Stade Pierre-Mauroy. L\u2019\u00e9mission Soir d\u2019Europe vous permettra de parfaitement entrer dans la partie d\u00e8s 18h20. Si vous souhaitez suivre la Ligue Europa, il est n\u00e9cessaire de poss\u00e9der un abonnement payant \u00e0 CANAL +.<\/p>\n<p><a href=\"https:\/\/ad.doubleclick.net\/ddm\/trackclk\/N6600.143849.20MINUTES.FR\/B32944843.412602416;dc_trk_aid=604787476;dc_trk_cid=228480032;dc_lat=;dc_rdid=;tag_for_child_directed_treatment=;tfua=;gdpr=${GDPR};gdpr_consent=${GDPR_CONSENT_755};ltd=;dc_tdv=1\" rel=\"nofollow noopener\" target=\"_blank\" class=\"c-link c-btn c-btn--primary\">Profitez des offres CANAL 100% football<\/a><\/p>\n<p>Les compositions probables : <\/p>\n<p>Lille : \u00d6zer &#8211; Mandi, Mbemba, Ngoy, Verdonk &#8211; Mukau, Bouaddi &#8211; Fernandez-Pardo, Haraldsson, Correia &#8211; Giroud.<\/p>\n<p>Brann : Dyngeland &#8211; Pedersen, Helland, Knudsen, Dragsnes &#8211; Myhre, S\u00f6rensen, Kornvig &#8211; Mathisen, Magnusson, Castro.<\/p>\n<p>Diffusion Lille &#8211; Brann : ce qu\u2019il faut savoir<\/p>\n<ul>\n<li>Le match Lille &#8211; Brann a lieu jeudi 25 septembre.<\/li>\n<li>La rencontre est diffus\u00e9e sur CANAL +.<\/li>\n<li>Le coup d\u2019envoi de ce match est pr\u00e9vu \u00e0 18h45.<\/li>\n<\/ul>\n<p>20 Minutes Guide d&rsquo;Achat est aussi sur les r\u00e9seaux sociaux ! Suivez-nous sur <a href=\"https:\/\/www.instagram.com\/20minutes.guideachat\" target=\"_blank\" class=\"c-link c-link--is-underlined\" rel=\"noopener\">Instagram<\/a> et <a href=\"https:\/\/www.tiktok.com\/@20minutes.guideachat\" target=\"_blank\" class=\"c-link c-link--is-underlined\" rel=\"noopener\">TikTok<\/a> pour ne rien manquer de nos conseils et s\u00e9lections.<\/p>\n<p><script async src=\"\/\/www.instagram.com\/embed.js\"><\/script><script async src=\"\/\/www.tiktok.com\/embed.js\"><\/script><\/p>\n","protected":false},"excerpt":{"rendered":"Battant le Real Madrid et l\u2019Atletico la saison derni\u00e8re en Ligue des Champions, le LOSC a prouv\u00e9 qu\u2019il&hellip;\n","protected":false},"author":2,"featured_media":415624,"comment_status":"","ping_status":"","sticky":false,"template":"","format":"standard","meta":{"footnotes":""},"categories":[2815],"tags":[1111,11,677,1777,674,63,1011,27,676,811,5843,1307,2854,12,25,517],"class_list":{"0":"post-415623","1":"post","2":"type-post","3":"status-publish","4":"format-standard","5":"has-post-thumbnail","7":"category-lille","8":"tag-actu","9":"tag-actualites","10":"tag-bons-plans","11":"tag-eu","12":"tag-europe","13":"tag-football","14":"tag-fr","15":"tag-france","16":"tag-guide-dachat","17":"tag-hauts-de-france","18":"tag-ligue-europa","19":"tag-lille","20":"tag-losc-lille","21":"tag-news","22":"tag-republique-francaise","23":"tag-sport"},"share_on_mastodon":{"url":"https:\/\/pubeurope.com\/@fr\/115263052422429398","error":""},"_links":{"self":[{"href":"https:\/\/www.europesays.com\/fr\/wp-json\/wp\/v2\/posts\/415623","targetHints":{"allow":["GET"]}}],"collection":[{"href":"https:\/\/www.europesays.com\/fr\/wp-json\/wp\/v2\/posts"}],"about":[{"href":"https:\/\/www.europesays.com\/fr\/wp-json\/wp\/v2\/types\/post"}],"author":[{"embeddable":true,"href":"https:\/\/www.europesays.com\/fr\/wp-json\/wp\/v2\/users\/2"}],"replies":[{"embeddable":true,"href":"https:\/\/www.europesays.com\/fr\/wp-json\/wp\/v2\/comments?post=415623"}],"version-history":[{"count":0,"href":"https:\/\/www.europesays.com\/fr\/wp-json\/wp\/v2\/posts\/415623\/revisions"}],"wp:featuredmedia":[{"embeddable":true,"href":"https:\/\/www.europesays.com\/fr\/wp-json\/wp\/v2\/media\/415624"}],"wp:attachment":[{"href":"https:\/\/www.europesays.com\/fr\/wp-json\/wp\/v2\/media?parent=415623"}],"wp:term":[{"taxonomy":"category","embeddable":true,"href":"https:\/\/www.europesays.com\/fr\/wp-json\/wp\/v2\/categories?post=415623"},{"taxonomy":"post_tag","embeddable":true,"href":"https:\/\/www.europesays.com\/fr\/wp-json\/wp\/v2\/tags?post=415623"}],"curies":[{"name":"wp","href":"https:\/\/api.w.org\/{rel}","templated":true}]}}