{"id":415627,"date":"2025-09-25T04:30:14","date_gmt":"2025-09-25T04:30:14","guid":{"rendered":"https:\/\/www.europesays.com\/fr\/415627\/"},"modified":"2025-09-25T04:30:14","modified_gmt":"2025-09-25T04:30:14","slug":"a-marseille-le-rassemblement-national-sinvite-au-diner-du-crif","status":"publish","type":"post","link":"https:\/\/www.europesays.com\/fr\/415627\/","title":{"rendered":"\u00c0 Marseille, le Rassemblement national s\u2019invite au d\u00eener du Crif"},"content":{"rendered":"<p>Le d\u00e9put\u00e9 d\u2019extr\u00eame droite Franck Allisio a particip\u00e9 au d\u00eener du Crif de Marseille, invit\u00e9 par un membre de la communaut\u00e9 qui a ensuite ralli\u00e9 sa campagne municipale. L\u2019institution parle d\u2019une \u00ab\u00a0erreur accidentelle\u00a0\u00bb, alors que l\u2019un de ses vice-pr\u00e9sidents locaux a aussi particip\u00e9 \u00e0 la rentr\u00e9e de la f\u00e9d\u00e9ration d\u00e9partementale du RN. Un article de notre partenaire Mediapart.<\/p>\n<p>                <a href=\"https:\/\/marsactu.fr\/a-marseille-le-rassemblement-national-sinvite-au-diner-du-crif\/\" class=\"td-modal-image\" title=\"De gauche \u00e0 droite : Olivier Rioult, Micka\u00ebl Salfati, Franck Allisio et Jean-Baptiste Rivoalllan, le 22 septembre 2025. (Photo\u00a0: M.L.)\" target=\"_blank\" rel=\"noopener\"><br \/>\n                    <img decoding=\"async\" class=\"entry-thumb\" src=\"data:image\/svg+xml;base64,PHN2ZyB4bWxucz0iaHR0cDovL3d3dy53My5vcmcvMjAwMC9zdmciIHZpZXdCb3g9IjAgMCAxOTIwIDEwODAiIHdpZHRoPSIxOTIwIiBoZWlnaHQ9IjEwODAiIGRhdGEtdT0iaHR0cHMlM0ElMkYlMkZtYXJzYWN0dS5mciUyRndwLWNvbnRlbnQlMkZ1cGxvYWRzJTJGMjAyNSUyRjA5JTJGdW5uYW1lZC1vay5qcGciIGRhdGEtdz0iMTkyMCIgZGF0YS1oPSIxMDgwIiBkYXRhLWJpcD0iIj48L3N2Zz4=\" data-spai=\"1\" alt=\"De gauche \u00e0 droite : Olivier Rioult, Micka\u00ebl Salfati, Franck Allisio et Jean-Baptiste Rivoalllan, le 22 septembre 2025. (Photo\u00a0: M.L.)\" title=\"De gauche \u00e0 droite : Olivier Rioult, Micka\u00ebl Salfati, Franck Allisio et Jean-Baptiste Rivoalllan, le 22 septembre 2025. (Photo\u00a0: M.L.)\"\/><br \/>\n                <\/a><br \/>\n                De gauche \u00e0 droite : Olivier Rioult, Micka\u00ebl Salfati, Franck Allisio et Jean-Baptiste Rivoalllan, le 22 septembre 2025. (Photo\u00a0: M.L.)<\/p>\n<p class=\"wp-captation-text\">De gauche \u00e0 droite : Olivier Rioult, Micka\u00ebl Salfati, Franck Allisio et Jean-Baptiste Rivoalllan, le 22 septembre 2025. (Photo\u00a0: M.L.)<\/p>\n<p>    \u201cLe d\u00eener du Crif, non merci\u201d,\u00a0cinglait en 2016 le vice-pr\u00e9sident du Front national (FN) Louis Aliot. Le parti d\u2019extr\u00eame droite, vex\u00e9 d\u2019\u00eatre toujours interdit de participation \u00e0 cet \u00e9v\u00e9nement annuel du Conseil repr\u00e9sentatif des institutions juives de France (Crif), consid\u00e9rait alors comme \u201cun honneur de ne pas participer \u00e0 ce d\u00eener mondain, communautaire, discriminatoire et st\u00e9rile\u201d. Neuf ans plus tard, le ton a chang\u00e9. Le d\u00e9put\u00e9 Rassemblement national (RN) Franck Allisio, candidat \u00e0 la mairie de Marseille (Bouches-du-Rh\u00f4ne), s\u2019est r\u00e9cemment f\u00e9licit\u00e9 dans un communiqu\u00e9 d\u2019\u00eatre devenu \u201cle premier parlementaire du Rassemblement national invit\u00e9 \u00e0 un d\u00eener du Crif\u201d,\u00a0en l\u2019occurrence celui organis\u00e9 mardi 16 septembre par &#8230; <\/p>\n<p>Vous voulez lire<br \/>\n\t\t\t                la suite\u00a0?\n\t\t\t            <\/p>\n<p>\n\t\t\t                Abonnez-vous \u00e0 Marsactu\n\t\t\t            <\/p>\n","protected":false},"excerpt":{"rendered":"Le d\u00e9put\u00e9 d\u2019extr\u00eame droite Franck Allisio a particip\u00e9 au d\u00eener du Crif de Marseille, invit\u00e9 par un membre&hellip;\n","protected":false},"author":2,"featured_media":415628,"comment_status":"","ping_status":"","sticky":false,"template":"","format":"standard","meta":{"footnotes":""},"categories":[2814],"tags":[1111,11,26121,1777,674,1011,27,54612,884,12,882,54613,25,2848,4772],"class_list":{"0":"post-415627","1":"post","2":"type-post","3":"status-publish","4":"format-standard","5":"has-post-thumbnail","7":"category-marseille","8":"tag-actu","9":"tag-actualites","10":"tag-crif","11":"tag-eu","12":"tag-europe","13":"tag-fr","14":"tag-france","15":"tag-franckallisio","16":"tag-marseille","17":"tag-news","18":"tag-provence-alpes-cote-dazur","19":"tag-rassemblementnational","20":"tag-republique-francaise","21":"tag-rn","22":"tag-zalu"},"share_on_mastodon":{"url":"https:\/\/pubeurope.com\/@fr\/115263060694448578","error":""},"_links":{"self":[{"href":"https:\/\/www.europesays.com\/fr\/wp-json\/wp\/v2\/posts\/415627","targetHints":{"allow":["GET"]}}],"collection":[{"href":"https:\/\/www.europesays.com\/fr\/wp-json\/wp\/v2\/posts"}],"about":[{"href":"https:\/\/www.europesays.com\/fr\/wp-json\/wp\/v2\/types\/post"}],"author":[{"embeddable":true,"href":"https:\/\/www.europesays.com\/fr\/wp-json\/wp\/v2\/users\/2"}],"replies":[{"embeddable":true,"href":"https:\/\/www.europesays.com\/fr\/wp-json\/wp\/v2\/comments?post=415627"}],"version-history":[{"count":0,"href":"https:\/\/www.europesays.com\/fr\/wp-json\/wp\/v2\/posts\/415627\/revisions"}],"wp:featuredmedia":[{"embeddable":true,"href":"https:\/\/www.europesays.com\/fr\/wp-json\/wp\/v2\/media\/415628"}],"wp:attachment":[{"href":"https:\/\/www.europesays.com\/fr\/wp-json\/wp\/v2\/media?parent=415627"}],"wp:term":[{"taxonomy":"category","embeddable":true,"href":"https:\/\/www.europesays.com\/fr\/wp-json\/wp\/v2\/categories?post=415627"},{"taxonomy":"post_tag","embeddable":true,"href":"https:\/\/www.europesays.com\/fr\/wp-json\/wp\/v2\/tags?post=415627"}],"curies":[{"name":"wp","href":"https:\/\/api.w.org\/{rel}","templated":true}]}}