{"id":415631,"date":"2025-09-25T04:32:15","date_gmt":"2025-09-25T04:32:15","guid":{"rendered":"https:\/\/www.europesays.com\/fr\/415631\/"},"modified":"2025-09-25T04:32:15","modified_gmt":"2025-09-25T04:32:15","slug":"metropole-de-lyon-on-ressent-la-frilosite-des-publics-scolaires-le-futur-incertain-du-pass-culture-menace-ce-theatre","status":"publish","type":"post","link":"https:\/\/www.europesays.com\/fr\/415631\/","title":{"rendered":"M\u00e9tropole de Lyon. \u00ab\u00a0On ressent la frilosit\u00e9 des publics scolaires\u00a0\u00bb, le futur incertain du Pass culture menace ce th\u00e9\u00e2tre"},"content":{"rendered":"<p>                            Pass Culture \u00e0 la baisse<\/p>\n<p>L\u2019ambition du Pass Culture est de permettre aux jeunes de 15 \u00e0 20 ans d\u2019avoir un acc\u00e8s \u00e0 la culture. Il se d\u00e9cline en une part individuelle et une part collective pour la mise en place de projets par classe au sein des \u00e9tablissements scolaires. Mais quelques ann\u00e9es apr\u00e8s sa g\u00e9n\u00e9ralisation, le gouvernement a d\u00e9cid\u00e9 de <a href=\"https:\/\/pass.culture.fr\/actualite\/reforme-du-pass-culture\" target=\"_blank\" rel=\"noopener\">r\u00e9duire la voilure<\/a> \u00e0 partir de mars\u00a02025.<\/p>\n<p>La part individuelle n\u2019est plus allou\u00e9e qu\u2019\u00e0 partir de 17 ans, et elle est r\u00e9duite de 300 \u00e0 150\u00a0\u20ac de 18 \u00e0 20 ans, avec un bonus pour les familles modestes. La part collective (pr\u00e9vue \u00e0 72\u00a0millions d\u2019euros pour 2025) a \u00e9t\u00e9 gel\u00e9e. 50\u00a0millions ont \u00e9t\u00e9 distribu\u00e9s avant l\u2019\u00e9t\u00e9 et l\u2019enveloppe pour la fin de l\u2019ann\u00e9e vient d\u2019\u00eatre annonc\u00e9e\u00a0: un coup de rabot a \u00e9t\u00e9 donn\u00e9 puisque seulement 15,2\u00a0millions d\u2019euros seront affect\u00e9s&#8230;.<\/p>\n","protected":false},"excerpt":{"rendered":"Pass Culture \u00e0 la baisse L\u2019ambition du Pass Culture est de permettre aux jeunes de 15 \u00e0 20&hellip;\n","protected":false},"author":2,"featured_media":415632,"comment_status":"","ping_status":"","sticky":false,"template":"","format":"standard","meta":{"footnotes":""},"categories":[1889],"tags":[1111,11,2430,3599,1687,3154,1057,1777,674,1011,27,2428,12,15665,15666,25,2429,3140],"class_list":{"0":"post-415631","1":"post","2":"type-post","3":"status-publish","4":"format-standard","5":"has-post-thumbnail","7":"category-lyon","8":"tag-actu","9":"tag-actualites","10":"tag-auvergne-rhone-alpes","11":"tag-college-lycee","12":"tag-culture-loisirs","13":"tag-edition-sud-lyonnais","14":"tag-education","15":"tag-eu","16":"tag-europe","17":"tag-fr","18":"tag-france","19":"tag-lyon","20":"tag-news","21":"tag-oullins-pierre-benite","22":"tag-oullins-ville","23":"tag-republique-francaise","24":"tag-rhone","25":"tag-spectacle"},"share_on_mastodon":{"url":"https:\/\/pubeurope.com\/@fr\/115263068193141007","error":""},"_links":{"self":[{"href":"https:\/\/www.europesays.com\/fr\/wp-json\/wp\/v2\/posts\/415631","targetHints":{"allow":["GET"]}}],"collection":[{"href":"https:\/\/www.europesays.com\/fr\/wp-json\/wp\/v2\/posts"}],"about":[{"href":"https:\/\/www.europesays.com\/fr\/wp-json\/wp\/v2\/types\/post"}],"author":[{"embeddable":true,"href":"https:\/\/www.europesays.com\/fr\/wp-json\/wp\/v2\/users\/2"}],"replies":[{"embeddable":true,"href":"https:\/\/www.europesays.com\/fr\/wp-json\/wp\/v2\/comments?post=415631"}],"version-history":[{"count":0,"href":"https:\/\/www.europesays.com\/fr\/wp-json\/wp\/v2\/posts\/415631\/revisions"}],"wp:featuredmedia":[{"embeddable":true,"href":"https:\/\/www.europesays.com\/fr\/wp-json\/wp\/v2\/media\/415632"}],"wp:attachment":[{"href":"https:\/\/www.europesays.com\/fr\/wp-json\/wp\/v2\/media?parent=415631"}],"wp:term":[{"taxonomy":"category","embeddable":true,"href":"https:\/\/www.europesays.com\/fr\/wp-json\/wp\/v2\/categories?post=415631"},{"taxonomy":"post_tag","embeddable":true,"href":"https:\/\/www.europesays.com\/fr\/wp-json\/wp\/v2\/tags?post=415631"}],"curies":[{"name":"wp","href":"https:\/\/api.w.org\/{rel}","templated":true}]}}