{"id":415633,"date":"2025-09-25T04:33:13","date_gmt":"2025-09-25T04:33:13","guid":{"rendered":"https:\/\/www.europesays.com\/fr\/415633\/"},"modified":"2025-09-25T04:33:13","modified_gmt":"2025-09-25T04:33:13","slug":"poesie-et-patrimoine-sentremelent-en-ile-de-france","status":"publish","type":"post","link":"https:\/\/www.europesays.com\/fr\/415633\/","title":{"rendered":"Po\u00e9sie et patrimoine s&rsquo;entrem\u00ealent en \u00cele-de-France"},"content":{"rendered":"<p><img decoding=\"async\" class=\"\" style=\"width:100%\" src=\"https:\/\/www.europesays.com\/fr\/wp-content\/uploads\/2025\/09\/__1300_x_6441758644509013.jpg\" alt=\"\u00ab Patrimoines en po\u00e9sie \u00bb 2025\"\/><\/p>\n<p>\u00ab Patrimoines en po\u00e9sie \u00bb 2025<\/p>\n<p>Cr\u00e9dit : Droits r\u00e9serv\u00e9s<\/p>\n<p lang=\"fr-FR\" style=\"margin-bottom: 0cm;\">Le conseil r\u00e9gional et la direction r\u00e9gionale des affaires culturelles (Drac) lancent la 10\u00e8me \u00e9dition du concours \u00ab Patrimoines en po\u00e9sie \u00bb. Il est ouvert jusqu&rsquo;au 15 d\u00e9cembre 2025 aux enfants de 8 \u00e0 12 ans. Les participants doivent laisser libre cours \u00e0 leur imagination en choisissant un monument, une \u0153uvre ou un patrimoine (naturel, industriel ou gastronomique) de la r\u00e9gion. Le tout peut \u00eatre \u00e9gay\u00e9 de dessins, musiques ou vid\u00e9os. Douze laur\u00e9ats seront d\u00e9sign\u00e9s en mars 2026, avec \u00e0 la cl\u00e9 des lots vari\u00e9s comme des entr\u00e9es au mus\u00e9e, des ch\u00e8ques-culture ou des abonnements \u00e0 des magazines jeunesse.<\/p>\n<p lang=\"fr-FR\" style=\"margin-bottom: 0cm;\">\u00a0<\/p>\n<p lang=\"fr-FR\" style=\"margin-bottom: 0cm;\">Nicolas Chacun<\/p>\n<p>!function(f,b,e,v,n,t,s){if(f.fbq)return;n=f.fbq=function(){n.callMethod?<br \/>\nn.callMethod.apply(n,arguments):n.queue.push(arguments)};if(!f._fbq)f._fbq=n;<br \/>\nn.push=n;n.loaded=!0;n.version=&rsquo;2.0&prime;;n.queue=[];t=b.createElement(e);t.async=!0;<br \/>\nt.src=v;s=b.getElementsByTagName(e)[0];s.parentNode.insertBefore(t,s)}(window,<br \/>\ndocument,&rsquo;script&rsquo;,&rsquo;https:\/\/connect.facebook.net\/en_US\/fbevents.js&rsquo;);<br \/>\nfbq(&lsquo;init&rsquo;, &lsquo;278974969201861&rsquo;); \/\/ Insert your pixel ID here.<br \/>\nfbq(&lsquo;track&rsquo;, &lsquo;PageView&rsquo;);<\/p>\n","protected":false},"excerpt":{"rendered":"\u00ab Patrimoines en po\u00e9sie \u00bb 2025 Cr\u00e9dit : Droits r\u00e9serv\u00e9s Le conseil r\u00e9gional et la direction r\u00e9gionale des&hellip;\n","protected":false},"author":2,"featured_media":415634,"comment_status":"","ping_status":"","sticky":false,"template":"","format":"standard","meta":{"footnotes":""},"categories":[1592],"tags":[1111,11,1933,1936,1777,1939,674,1011,27,662,1934,12,1940,626,1935,25,1937,1941,1938],"class_list":{"0":"post-415633","1":"post","2":"type-post","3":"status-publish","4":"format-standard","5":"has-post-thumbnail","7":"category-ile-de-france","8":"tag-actu","9":"tag-actualites","10":"tag-actualites-locales","11":"tag-essonne","12":"tag-eu","13":"tag-eure-et-loir","14":"tag-europe","15":"tag-fr","16":"tag-france","17":"tag-ile-de-france","18":"tag-infos-locales","19":"tag-news","20":"tag-oise","21":"tag-paris","22":"tag-pres-de-chez-vous","23":"tag-republique-francaise","24":"tag-seine-et-marne","25":"tag-somme","26":"tag-yvelines"},"share_on_mastodon":{"url":"https:\/\/pubeurope.com\/@fr\/115263072087665728","error":""},"_links":{"self":[{"href":"https:\/\/www.europesays.com\/fr\/wp-json\/wp\/v2\/posts\/415633","targetHints":{"allow":["GET"]}}],"collection":[{"href":"https:\/\/www.europesays.com\/fr\/wp-json\/wp\/v2\/posts"}],"about":[{"href":"https:\/\/www.europesays.com\/fr\/wp-json\/wp\/v2\/types\/post"}],"author":[{"embeddable":true,"href":"https:\/\/www.europesays.com\/fr\/wp-json\/wp\/v2\/users\/2"}],"replies":[{"embeddable":true,"href":"https:\/\/www.europesays.com\/fr\/wp-json\/wp\/v2\/comments?post=415633"}],"version-history":[{"count":0,"href":"https:\/\/www.europesays.com\/fr\/wp-json\/wp\/v2\/posts\/415633\/revisions"}],"wp:featuredmedia":[{"embeddable":true,"href":"https:\/\/www.europesays.com\/fr\/wp-json\/wp\/v2\/media\/415634"}],"wp:attachment":[{"href":"https:\/\/www.europesays.com\/fr\/wp-json\/wp\/v2\/media?parent=415633"}],"wp:term":[{"taxonomy":"category","embeddable":true,"href":"https:\/\/www.europesays.com\/fr\/wp-json\/wp\/v2\/categories?post=415633"},{"taxonomy":"post_tag","embeddable":true,"href":"https:\/\/www.europesays.com\/fr\/wp-json\/wp\/v2\/tags?post=415633"}],"curies":[{"name":"wp","href":"https:\/\/api.w.org\/{rel}","templated":true}]}}