{"id":415660,"date":"2025-09-25T04:48:23","date_gmt":"2025-09-25T04:48:23","guid":{"rendered":"https:\/\/www.europesays.com\/fr\/415660\/"},"modified":"2025-09-25T04:48:23","modified_gmt":"2025-09-25T04:48:23","slug":"apres-lattaque-flottille-pour-gaza-par-israel-litalie-envoie-une-fregate-et-la-france-fait-lautruche","status":"publish","type":"post","link":"https:\/\/www.europesays.com\/fr\/415660\/","title":{"rendered":"Apr\u00e8s l\u2019attaque Flottille pour Gaza\u00a0par Isra\u00ebl, l\u2019Italie envoie une fr\u00e9gate et la France fait l\u2019autruche"},"content":{"rendered":"<p>\u00c0 l\u2019aune de l\u2019agressivit\u00e9 isra\u00e9lienne, on mesure combien le gouvernement de Benyamin Netanyahou semble \u00eatre pr\u00e9occup\u00e9 par quelques dizaines de bateaux inoffensifs et plus de 500 militants de la paix \u2013 dont notre coll\u00e8gue \u00c9milien Urbach (lire ci-contre) \u2013 qui tentent de rallier Gaza \u00e0 bord des navires de la Flottille Global Sumud.<\/p>\n<p>Apr\u00e8s l\u2019attaque par de \u00ab\u00a0multiples drones, des objets non identifi\u00e9s largu\u00e9s, des communications brouill\u00e9es et des explosions entendues depuis plusieurs bateaux\u00a0\u00bb, comme l\u2019ont relat\u00e9 les organisateurs de l\u2019escadrille, la tension monte, y compris sur le front diplomatique. Car <a href=\"https:\/\/www.humanite.fr\/monde\/blocus-de-gaza\/des-engins-explosifs-largues-sur-les-bateaux-la-global-sumud-flottilla-en-route-vers-gaza-a-ete-attaquee-dans-la-nuit\" rel=\"nofollow noopener\" target=\"_blank\">cette nouvelle attaque, dont il ne fait que peu de doutes qu\u2019elle soit imputable \u00e0 l\u2019arm\u00e9e isra\u00e9lienne<\/a>, est survenue dans les eaux internationales. \u00ab\u00a0La situation est tr\u00e8s grave. Il est inacceptable qu\u2019Isra\u00ebl s\u2019affranchisse ainsi du droit international\u00a0\u00bb, indique Florence Heskia, coordinatrice de la d\u00e9l\u00e9gation fran\u00e7aise.<\/p>\n<p>L\u2019Italie envoie une fr\u00e9gate<\/p>\n<p>Cette \u00e9ni\u00e8me violation du droit est soulign\u00e9e par la diplomatie italienne, pourtant peu suspecte d\u2019\u00eatre oppos\u00e9e \u00e0 Isra\u00ebl. Le gouvernement d\u2019extr\u00eame droite, dirig\u00e9 par Giorgia Meloni, est proche de celui de Benyamin Netanyahou\u00a0: toutefois, le ministre des Affaires \u00e9trang\u00e8res transalpin, Antonio Tajani, a fermement r\u00e9agi, se disant \u00ab\u00a0inform\u00e9 de l\u2019attaque contre les embarcations de la flottille\u00a0\u00bb, o\u00f9 se trouvent de nombreux Italiens, dont quatre parlementaires.<\/p>\n<p>Il a rappel\u00e9 qu\u2019elle se trouve \u00ab\u00a0dans les eaux internationales\u00a0\u00bb et a demand\u00e9 \u00ab\u00a0au gouvernement isra\u00e9lien de garantir la protection absolue\u00a0\u00bb des participants. Dans la foul\u00e9e, la marine italienne annon\u00e7ait l\u2019envoi d\u2019une fr\u00e9gate militaire pour porter \u00ab\u00a0d\u2019\u00e9ventuels secours\u00a0\u00bb.<\/p>\n<p>Mercredi apr\u00e8s-midi, les Nations unies, par la voix du porte-parole au Haut-Commissariat aux droits humains, Thameen Al-Kheetan, ont demand\u00e9 que \u00ab\u00a0cessent ces attaques\u00a0\u00bb et l\u2019ouverture d\u2019une \u00ab\u00a0enqu\u00eate ind\u00e9pendante, impartiale et approfondie\u00a0\u00bb.<\/p>\n<p>Et la France\u00a0? Silence radio. \u00ab\u00a0Nous ressentons beaucoup de col\u00e8re et d\u2019incompr\u00e9hension face \u00e0 ce silence\u00a0\u00bb, rel\u00e8ve Florence Heskia. \u00ab\u00a0Mais cela ne nous d\u00e9couragera pas\u00a0\u00bb, poursuit-elle. Mercredi matin, le s\u00e9nateur PCF et directeur de l\u2019Humanit\u00e9, Fabien Gay, a interpell\u00e9 par courrier le premier ministre, S\u00e9bastien Lecornu, demandant \u00ab\u00a0solennellement de placer de toute urgence sous protection diplomatique et consulaire les ressortissants fran\u00e7ais\u00a0\u00bb. Malgr\u00e9 la pr\u00e9sence \u00e0 bord de 37 d\u2019entre eux, le cabinet du premier ministre n\u2019a pas daign\u00e9 r\u00e9pondre. De son c\u00f4t\u00e9, le Quai d\u2019Orsay n\u2019a pas non plus r\u00e9agi.<\/p>\n<p>L\u2019ambassade isra\u00e9lienne \u00e0 Paris, qui jette le discr\u00e9dit en parlant de \u00ab\u00a0flottille du Hamas\u00a0\u00bb, a indiqu\u00e9 que les autorit\u00e9s ont propos\u00e9 aux navires d\u2019accoster le port d\u2019Ashkelon, en Isra\u00ebl. Refus\u00e9\u00a0: \u00ab\u00a0On sait pertinemment qu\u2019Isra\u00ebl ne distribue pas l\u2019aide internationale et tue des civils aux points de distribution\u00a0\u00bb tenus par son arm\u00e9e, indique la d\u00e9l\u00e9gation fran\u00e7aise. D\u2019ici cinq jours, les navires devraient s\u2019approcher des c\u00f4tes de la bande de Gaza. Avec le m\u00eame objectif\u00a0: <a href=\"https:\/\/www.humanite.fr\/monde\/benyamin-netanyahou\/les-drones-tirent-sans-interruption-et-des-robots-pieges-explosent-a-gaza-larmee-israelienne-seme-la-mort-et-contraint-les-habitants-a-fuir-sous-les-bombardements\" rel=\"nofollow noopener\" target=\"_blank\">apporter de l\u2019aide, f\u00fbt-elle minime par rapport aux besoins<\/a>, et \u00ab\u00a0briser le blocus\u00a0\u00bb impos\u00e9 au territoire palestinien par Isra\u00ebl depuis 2007.<\/p>\n<p>Pour une information libre sur la Palestine<\/p>\n<p>Nous avons \u00e9t\u00e9 l\u2019un des premiers m\u00e9dias fran\u00e7ais \u00e0 d\u00e9fendre le droit des Palestiniens \u00e0 disposer d\u2019un \u00c9tat viable dans le respect des r\u00e9solutions de l\u2019ONU. Et nous avons inlassablement d\u00e9fendu la paix au Proche-Orient. Aidez-nous \u00e0 continuer de vous informer sur ce qui se passe l\u00e0-bas. Gr\u00e2ce \u00e0 vos dons.<br \/><a href=\"https:\/\/www.humanite.fr\/lhumanite-cest-vous\" data-type=\"link\" data-id=\"https:\/\/www.humanite.fr\/lhumanite-cest-vous\" rel=\"nofollow noopener\" target=\"_blank\">Je veux en savoir plus\u00a0!<\/a><\/p>\n","protected":false},"excerpt":{"rendered":"\u00c0 l\u2019aune de l\u2019agressivit\u00e9 isra\u00e9lienne, on mesure combien le gouvernement de Benyamin Netanyahou semble \u00eatre pr\u00e9occup\u00e9 par quelques&hellip;\n","protected":false},"author":2,"featured_media":415661,"comment_status":"","ping_status":"","sticky":false,"template":"","format":"standard","meta":{"footnotes":""},"categories":[2],"tags":[11,16176,27424,4628,54446,1011,27,665,12,25],"class_list":{"0":"post-415660","1":"post","2":"type-post","3":"status-publish","4":"format-standard","5":"has-post-thumbnail","7":"category-actualites","8":"tag-actualites","9":"tag-aide-humanitaire","10":"tag-armu00e9e-israu00e9lienne","11":"tag-bande-de-gaza","12":"tag-flottille-pour-gaza","13":"tag-fr","14":"tag-france","15":"tag-gaza","16":"tag-news","17":"tag-republique-francaise"},"share_on_mastodon":{"url":"https:\/\/pubeurope.com\/@fr\/115263131195098917","error":""},"_links":{"self":[{"href":"https:\/\/www.europesays.com\/fr\/wp-json\/wp\/v2\/posts\/415660","targetHints":{"allow":["GET"]}}],"collection":[{"href":"https:\/\/www.europesays.com\/fr\/wp-json\/wp\/v2\/posts"}],"about":[{"href":"https:\/\/www.europesays.com\/fr\/wp-json\/wp\/v2\/types\/post"}],"author":[{"embeddable":true,"href":"https:\/\/www.europesays.com\/fr\/wp-json\/wp\/v2\/users\/2"}],"replies":[{"embeddable":true,"href":"https:\/\/www.europesays.com\/fr\/wp-json\/wp\/v2\/comments?post=415660"}],"version-history":[{"count":0,"href":"https:\/\/www.europesays.com\/fr\/wp-json\/wp\/v2\/posts\/415660\/revisions"}],"wp:featuredmedia":[{"embeddable":true,"href":"https:\/\/www.europesays.com\/fr\/wp-json\/wp\/v2\/media\/415661"}],"wp:attachment":[{"href":"https:\/\/www.europesays.com\/fr\/wp-json\/wp\/v2\/media?parent=415660"}],"wp:term":[{"taxonomy":"category","embeddable":true,"href":"https:\/\/www.europesays.com\/fr\/wp-json\/wp\/v2\/categories?post=415660"},{"taxonomy":"post_tag","embeddable":true,"href":"https:\/\/www.europesays.com\/fr\/wp-json\/wp\/v2\/tags?post=415660"}],"curies":[{"name":"wp","href":"https:\/\/api.w.org\/{rel}","templated":true}]}}