{"id":415675,"date":"2025-09-25T05:00:14","date_gmt":"2025-09-25T05:00:14","guid":{"rendered":"https:\/\/www.europesays.com\/fr\/415675\/"},"modified":"2025-09-25T05:00:14","modified_gmt":"2025-09-25T05:00:14","slug":"larchitecte-chinois-yu-kongjian-pionnier-des-villes-eponges-meurt-dans-un-accident-davion-au-bresil","status":"publish","type":"post","link":"https:\/\/www.europesays.com\/fr\/415675\/","title":{"rendered":"L\u2019architecte chinois Yu Kongjian, pionnier des \u00ab\u00a0villes \u00e9ponges\u00a0\u00bb, meurt dans un accident d\u2019avion au Br\u00e9sil"},"content":{"rendered":"<p>                          <img loading=\"lazy\" decoding=\"async\" src=\"https:\/\/www.europesays.com\/fr\/wp-content\/uploads\/2025\/09\/b48be61_ftp-import-images-1-gs0otrfmn2n5-875e83cb13d8425ca8dc89de96311226-0-8aa8eeef8a604846b473206a.jpeg\" alt=\"Yu Kongjian lors d\u2019une interview dans les bureaux de son cabinet \u00e0 P\u00e9kin, le 21\u00a0octobre\u00a02022.\"   width=\"664\" height=\"443\"\/>    Yu Kongjian lors d\u2019une interview dans les bureaux de son cabinet \u00e0 P\u00e9kin, le 21\u00a0octobre\u00a02022.  MARK SCHIEFELBEIN \/ AP                    <\/p>\n<p class=\"article__paragraph  \">L\u2019architecte chinois Yu Kongjian, mondialement connu pour avoir d\u00e9velopp\u00e9 le concept de \u00ab\u00a0villes \u00e9ponges\u00a0\u00bb, est mort lors d\u2019un accident a\u00e9rien au Br\u00e9sil avec les trois autres occupants de l\u2019avion, a annonc\u00e9, mercredi 24\u00a0septembre, la police locale.<\/p>\n<p class=\"article__paragraph  \">Kongjian Yu, 62\u00a0ans, \u00e9tait une r\u00e9f\u00e9rence de l\u2019urbanisme durable. Le concept de villes \u00e9ponges consiste notamment \u00e0 remplacer les rev\u00eatements urbains classiques par des mati\u00e8res poreuses et des espaces verts, afin de mieux absorber l\u2019eau dans le sol et mieux faire face aux risques d\u2019inondations. Ce concept a \u00e9t\u00e9 mis en place dans de nombreuses villes en Chine, mais aussi aux Etats-Unis ou en Russie.<\/p>\n<p class=\"article__paragraph  \">N\u00e9 dans un petit village de la province du Zhejiang en Chine, Yu Kongjian \u00e9tait professeur \u00e0 l\u2019universit\u00e9 de P\u00e9kin, o\u00f9 il avait fond\u00e9 une \u00e9cole d\u2019architecture.<\/p>\n<p>                                 Lire aussi |  Article r\u00e9serv\u00e9 \u00e0 nos abonn\u00e9s  <a href=\"https:\/\/www.lemonde.fr\/arts\/article\/2017\/08\/18\/parfums-de-cannabis-et-d-ambroisie-a-chaumont-sur-loire_5173897_1655012.html\" class=\"js-article-read-also catcher--favoris__link\" data-premium=\"1\" id=\"article-title-204273\" rel=\"nofollow noopener\" target=\"_blank\">Parfums de cannabis et d\u2019ambroisie \u00e0\u00a0Chaumont-sur-Loire<\/a>    <\/p>\n<p>   Lire plus tard  <\/p>\n<p class=\"article__paragraph  \">Les causes de l\u2019accident, qui s\u2019est produit mardi soir dans une zone rurale du Pantanal, une vaste zone humide au sud de l\u2019Amazonie, dans l\u2019Etat du Mato Grosso do Sul (Centre-Ouest), n\u2019ont toujours pas \u00e9t\u00e9 \u00e9tablies, selon la police.<\/p>\n<p>              Un concept appliqu\u00e9 dans 250\u00a0villes              <\/p>\n<p class=\"article__paragraph  \">Les trois autres victimes sont les cin\u00e9astes br\u00e9siliens Luiz Fernando Feres da Cunha Ferraz et Rubens Crispim Jr, auteurs de documentaires, et le pilote et propri\u00e9taire de l\u2019avion.<\/p>\n<p class=\"article__paragraph  \">Le pr\u00e9sident br\u00e9silien, Luiz In\u00e1cio Lula da Silva, a exprim\u00e9 sa \u00ab\u00a0tristesse et sa consternation\u00a0\u00bb, tandis que le minist\u00e8re des affaires \u00e9trang\u00e8res br\u00e9silien a adress\u00e9 ses condol\u00e9ances au gouvernement et au peuple chinois pour le d\u00e9c\u00e8s de l\u2019architecte.<\/p>\n<p class=\"article__paragraph  \">Yu Kongjian \u00e9tait arriv\u00e9 au Br\u00e9sil au d\u00e9but du mois de septembre pour participer \u00e0 la biennale d\u2019art contemporain de Sao Paulo. Il se rendait au Pantanal pour tourner un documentaire avec les deux cin\u00e9astes, a expliqu\u00e9 le conseil d\u2019architecture et d\u2019urbanisme (CAU) dans un communiqu\u00e9.<\/p>\n<p class=\"article__paragraph  \">\u00ab\u00a0Son concept de \u201cvilles \u00e9ponges\u201d a \u00e9t\u00e9 appliqu\u00e9 dans plus de 1\u00a0000 projets dans 250 villes\u00a0\u00bb, a ajout\u00e9 le CAU, soulignant que l\u2019architecte \u00ab\u00a0d\u00e9fendait des solutions bas\u00e9es sur la nature pour faire face aux inondations urbaines et aux effets de la crise climatique\u00a0\u00bb.<\/p>\n<p>                                 Lire aussi |  Article r\u00e9serv\u00e9 \u00e0 nos abonn\u00e9s  <a href=\"https:\/\/www.lemonde.fr\/planete\/article\/2017\/09\/08\/les-villes-doivent-redevenir-des-eponges_5182570_3244.html\" class=\"js-article-read-also catcher--favoris__link\" data-premium=\"1\" id=\"article-title-210624\" rel=\"nofollow noopener\" target=\"_blank\">\u00ab\u00a0Les villes doivent redevenir des \u00e9ponges\u00a0\u00bb<\/a>    <\/p>\n<p>   Lire plus tard  <\/p>\n<p class=\"author__detail\">  Le Monde avec AFP  <\/p>\n<p>                  <a href=\"https:\/\/www.lemonde.fr\/syndication\/\" class=\"reuse__content\" title=\"R\u00e9utiliser ce contenu\" target=\"_blank\" rel=\"nofollow noopener\">R\u00e9utiliser ce contenu<\/a>      <\/p>\n","protected":false},"excerpt":{"rendered":"Yu Kongjian lors d\u2019une interview dans les bureaux de son cabinet \u00e0 P\u00e9kin, le 21\u00a0octobre\u00a02022. MARK SCHIEFELBEIN \/&hellip;\n","protected":false},"author":2,"featured_media":415676,"comment_status":"","ping_status":"","sticky":false,"template":"","format":"standard","meta":{"footnotes":""},"categories":[1358],"tags":[1348,1384,1385,1386,58,59,1011,27],"class_list":{"0":"post-415675","1":"post","2":"type-post","3":"status-publish","4":"format-standard","5":"has-post-thumbnail","7":"category-arts-et-design","8":"tag-arts","9":"tag-arts-and-design","10":"tag-arts-et-design","11":"tag-design","12":"tag-divertissement","13":"tag-entertainment","14":"tag-fr","15":"tag-france"},"share_on_mastodon":{"url":"https:\/\/pubeurope.com\/@fr\/115263178259851064","error":""},"_links":{"self":[{"href":"https:\/\/www.europesays.com\/fr\/wp-json\/wp\/v2\/posts\/415675","targetHints":{"allow":["GET"]}}],"collection":[{"href":"https:\/\/www.europesays.com\/fr\/wp-json\/wp\/v2\/posts"}],"about":[{"href":"https:\/\/www.europesays.com\/fr\/wp-json\/wp\/v2\/types\/post"}],"author":[{"embeddable":true,"href":"https:\/\/www.europesays.com\/fr\/wp-json\/wp\/v2\/users\/2"}],"replies":[{"embeddable":true,"href":"https:\/\/www.europesays.com\/fr\/wp-json\/wp\/v2\/comments?post=415675"}],"version-history":[{"count":0,"href":"https:\/\/www.europesays.com\/fr\/wp-json\/wp\/v2\/posts\/415675\/revisions"}],"wp:featuredmedia":[{"embeddable":true,"href":"https:\/\/www.europesays.com\/fr\/wp-json\/wp\/v2\/media\/415676"}],"wp:attachment":[{"href":"https:\/\/www.europesays.com\/fr\/wp-json\/wp\/v2\/media?parent=415675"}],"wp:term":[{"taxonomy":"category","embeddable":true,"href":"https:\/\/www.europesays.com\/fr\/wp-json\/wp\/v2\/categories?post=415675"},{"taxonomy":"post_tag","embeddable":true,"href":"https:\/\/www.europesays.com\/fr\/wp-json\/wp\/v2\/tags?post=415675"}],"curies":[{"name":"wp","href":"https:\/\/api.w.org\/{rel}","templated":true}]}}