{"id":415699,"date":"2025-09-25T05:13:16","date_gmt":"2025-09-25T05:13:16","guid":{"rendered":"https:\/\/www.europesays.com\/fr\/415699\/"},"modified":"2025-09-25T05:13:16","modified_gmt":"2025-09-25T05:13:16","slug":"le-chapiteau-accueillera-un-ancien-ministre","status":"publish","type":"post","link":"https:\/\/www.europesays.com\/fr\/415699\/","title":{"rendered":"le Chap\u2019it\u2019eau accueillera un ancien ministre"},"content":{"rendered":"<p>\u00ab\u00a0Ceci n\u2019est pas un cirque\u00a0\u00bb\u00a0: cette ann\u00e9e, les organisateurs de l\u2019\u00e9v\u00e9nement Chap\u2019it\u2019eau, l\u2019association couramiaude Atout Monde, qui g\u00e8re notamment la Rue des Artistes, ont d\u00e9cid\u00e9 de clarifier ce point, car m\u00eame si l\u2019\u00e9v\u00e9nement commence \u00e0 \u00eatre un peu connu dans le paysage, \u00ab\u00a0il y a pas mal d\u2019habitants qui identifiaient \u00e7a comme un cirque, ne se sentaient pas concern\u00e9s et du coup n\u2019osaient pas venir,\u00a0\u00bb explique Cynthia Fort, charg\u00e9e de production d\u2019Atout Monde. Elle rappelle le concept, le m\u00eame depuis 2019\u00a0: \u00ab\u00a0un lieu de partage, de rencontres et d\u2019\u00e9changes\u00a0\u00bb.<\/p>\n<p>\u00c9v\u00e9nements presque tous gratuits<\/p>\n<p>Dans ce lieu ouvert, le r\u00f4le social est essentiel\u00a0: \u00ab\u00a0On passe \u00e9norm\u00e9ment de temps \u00e0 parler avec les gens,\u00a0\u00bb constate\u00a0Mustapha Kerroua, le directeur artistique de l\u2019association. Les \u00e9v\u00e9nements (plus de 35 temps diff\u00e9rents) sont tous gratuits (sauf un spectacle et la soir\u00e9e de cl\u00f4ture \u00e0 prix&#8230;<\/p>\n","protected":false},"excerpt":{"rendered":"\u00ab\u00a0Ceci n\u2019est pas un cirque\u00a0\u00bb\u00a0: cette ann\u00e9e, les organisateurs de l\u2019\u00e9v\u00e9nement Chap\u2019it\u2019eau, l\u2019association couramiaude Atout Monde, qui g\u00e8re&hellip;\n","protected":false},"author":2,"featured_media":415700,"comment_status":"","ping_status":"","sticky":false,"template":"","format":"standard","meta":{"footnotes":""},"categories":[9653],"tags":[1111,11,2430,7539,1777,674,6757,1011,27,1943,937,1061,12,25,9669,9670,4001,104,1631],"class_list":{"0":"post-415699","1":"post","2":"type-post","3":"status-publish","4":"format-standard","5":"has-post-thumbnail","7":"category-saint-etienne","8":"tag-actu","9":"tag-actualites","10":"tag-auvergne-rhone-alpes","11":"tag-edition-loire-sud","12":"tag-eu","13":"tag-europe","14":"tag-feminisme","15":"tag-fr","16":"tag-france","17":"tag-handicap","18":"tag-histoire","19":"tag-immigration","20":"tag-news","21":"tag-republique-francaise","22":"tag-saint-chamond","23":"tag-saint-chamond-ville","24":"tag-saint-etienne","25":"tag-societe","26":"tag-vie-associative"},"share_on_mastodon":{"url":"https:\/\/pubeurope.com\/@fr\/115263229341619309","error":""},"_links":{"self":[{"href":"https:\/\/www.europesays.com\/fr\/wp-json\/wp\/v2\/posts\/415699","targetHints":{"allow":["GET"]}}],"collection":[{"href":"https:\/\/www.europesays.com\/fr\/wp-json\/wp\/v2\/posts"}],"about":[{"href":"https:\/\/www.europesays.com\/fr\/wp-json\/wp\/v2\/types\/post"}],"author":[{"embeddable":true,"href":"https:\/\/www.europesays.com\/fr\/wp-json\/wp\/v2\/users\/2"}],"replies":[{"embeddable":true,"href":"https:\/\/www.europesays.com\/fr\/wp-json\/wp\/v2\/comments?post=415699"}],"version-history":[{"count":0,"href":"https:\/\/www.europesays.com\/fr\/wp-json\/wp\/v2\/posts\/415699\/revisions"}],"wp:featuredmedia":[{"embeddable":true,"href":"https:\/\/www.europesays.com\/fr\/wp-json\/wp\/v2\/media\/415700"}],"wp:attachment":[{"href":"https:\/\/www.europesays.com\/fr\/wp-json\/wp\/v2\/media?parent=415699"}],"wp:term":[{"taxonomy":"category","embeddable":true,"href":"https:\/\/www.europesays.com\/fr\/wp-json\/wp\/v2\/categories?post=415699"},{"taxonomy":"post_tag","embeddable":true,"href":"https:\/\/www.europesays.com\/fr\/wp-json\/wp\/v2\/tags?post=415699"}],"curies":[{"name":"wp","href":"https:\/\/api.w.org\/{rel}","templated":true}]}}