{"id":415717,"date":"2025-09-25T05:25:28","date_gmt":"2025-09-25T05:25:28","guid":{"rendered":"https:\/\/www.europesays.com\/fr\/415717\/"},"modified":"2025-09-25T05:25:28","modified_gmt":"2025-09-25T05:25:28","slug":"que-faire-a-grenoble-ce-week-end-samedi-27-et-dimanche-28-septembre-2025","status":"publish","type":"post","link":"https:\/\/www.europesays.com\/fr\/415717\/","title":{"rendered":"Que faire \u00e0 Grenoble ce week-end samedi 27 et dimanche 28 septembre 2025"},"content":{"rendered":"<p><img loading=\"lazy\" decoding=\"async\" alt=\"\u00a9 Pxhere - La 9e \u00e9dition de la Vizilloise se d\u00e9roulera dimanche 28 septembre 2025 \u00e0 Vizille.\" data-zoom-src=\"https:\/\/www.europesays.com\/fr\/wp-content\/uploads\/2025\/09\/initial-horizon-silhouette-girl-woman-sunrise-sunset-659368-pxherecom.jpg\" data-zoomable=\"\" height=\"702\" src=\"https:\/\/www.europesays.com\/fr\/wp-content\/uploads\/2025\/09\/initial-horizon-silhouette-girl-woman-sunrise-sunset-659368-pxherecom.jpg\" width=\"1248\"\/>  <\/p>\n<p class=\"article-desc\">\u00a9 Pxhere &#8211; La 9e \u00e9dition de la Vizilloise se d\u00e9roulera dimanche 28 septembre 2025 \u00e0 Vizille. <\/p>\n<p>Que faire \u00e0 <strong>Grenoble <\/strong>et alentour ce week-end <strong>samedi 27 et dimanche 28 septembre 2025<\/strong> ? La s\u00e9lection d&rsquo;\u00e9v\u00e9nements et d&rsquo;animations ci-dessous devraient ravir tous les publics. <\/p>\n<p>D\u00e9j\u00e0 400 inscrits \u00e0 la Vizilloise dimanche 28 septembre <\/p>\n<p>La <strong>9e \u00e9dition de la Vizilloise,<\/strong> aura lieu ce dimanche 28 septembre 2025. Cet \u00e9v\u00e9nement s&rsquo;adresse aux passionn\u00e9s de trail, aux amateurs de course et aux marcheurs. Au programme : <\/p>\n<ul>\n<li><strong>Trail de 18 km <\/strong>(contre 14km les ann\u00e9es pr\u00e9c\u00e9dentes) avec 800 m de d\u00e9nivel\u00e9 \u00ab\u00a0pour les aventuriers en qu\u00eate de beaux sentiers et d\u2019un parcours joueur\u00a0\u00bb. Le d\u00e9part est pr\u00e9vu \u00e0 8h30 pr\u00e8s du gymnase du parc du Domaine de Vizille. <\/li>\n<li><strong>Course de 8 km<\/strong>\u00a0: \u00ab\u00a0Un d\u00e9fi sportif pour tous les niveaux du d\u00e9butant \u00e0 l\u2019expert tout le monde trouvera son bonheur\u00a0\u00bb. Le d\u00e9part aura lieu \u00e0 9h30 pr\u00e8s du gymnase du parc du Domaine de Vizille. <\/li>\n<li><strong>Randonn\u00e9e de 11 km<\/strong>\u00a0: \u00ab\u00a0Une belle sortie nature pour profiter de l\u2019environnement et des paysages de Vizille et ses alentours\u00a0\u00bb. Le d\u00e9part est pr\u00e9vu \u00e0 8h45 pr\u00e8s du gymnase du parc du Domaine de Vizille. <\/li>\n<li><strong>Courses enfants<\/strong>\u00a0: \u00ab\u00a0quatre \u00e9preuves gratuites de 420 \u00e0 2000m pour nos plus jeunes participants qui repartiront tous avec une m\u00e9daille\u00a0\u00bb. D\u00e9but des courses \u00e0 11h30 au gymnase du parc du Domaine de Vizille.<\/li>\n<\/ul>\n<p><strong>Pratique<\/strong> <\/p>\n<p>Tarifs : 10 \u00e0 22 euros en ligne. Une majoration s&rsquo;appliquera pour les inscriptions sur place le jour de la course \u00e0 partir de midi. Renseignements et inscriptions : <a href=\"https:\/\/www.lavizilloise.fr\/inscriptions\" rel=\"noopener\" target=\"_blank\">ici<\/a>.\u00a0<\/p>\n<p>  Red\u00e9couvrir l&rsquo;exposition Pays Bassari au Mus\u00e9e dauphinois \u00e0 Grenoble <img decoding=\"async\" alt=\"\" class=\"img-align-center img-size-limited\" data-zoomable=\"\" height=\"1502\" loading=\"lazy\" src=\"https:\/\/www.europesays.com\/fr\/wp-content\/uploads\/2025\/09\/img-20250418-174651.jpg\" title=\"Pays bassari\" width=\"2000\"\/> \u00a9 Thomas Richardson &#8211; Une visite guid\u00e9e gratuite avec la responsable de collections Afrique du mus\u00e9e du Quai Branly \u00e0 Paris est pr\u00e9vue samedi 27 septembre au Mus\u00e9e dauphinois. <\/p>\n<p>Samedi 27 septembre \u00e0 11h : <strong>Ga\u00eblle Beaujean<\/strong>, responsable de collections Afrique du mus\u00e9e du Quai Branly, est invit\u00e9e pour un moment d\u2019\u00e9change autour des collections du mus\u00e9e national pr\u00e9sent\u00e9es dans l\u2019<a href=\"https:\/\/mesinfos.fr\/38000-grenoble\/exposition-plongee-dans-la-culture-africaine-du-pays-bassari-a-grenoble-220980.html\" rel=\"noopener\" target=\"_blank\">exposition Pays Bassari <\/a>au <strong>Mus\u00e9e dauphinois<\/strong> \u00e0 Grenoble. Une belle occasion de (re)d\u00e9couvrir l\u2019exposition, prolong\u00e9e jusqu&rsquo;au 3 novembre 2025, avec un nouveau regard. <\/p>\n<p><strong>Pratique<\/strong> <\/p>\n<p>Visite guid\u00e9e samedi 27 septembre de 11h \u00e0 12h30 au Mus\u00e9e dauphinois \u00e0 Grenoble. Gratuit.<\/p>\n<p>  Rire devant des improvisations \u00e0 la Com\u00e9die de Grenoble <\/p>\n<p>Samedi 27 septembre, \u00e0 17h, \u00e0 la <strong>Com\u00e9die de Grenoble<\/strong> : La brasserie de l&rsquo;impro. Le principe : le public choisit dans un menu \u00e0 sa disposition un th\u00e8me ou une cat\u00e9gorie d&rsquo;improvisation pour mettre les com\u00e9diens au d\u00e9fi de lui concocter des histoires douces, sal\u00e9es ou piment\u00e9es. Le chef de salle s&rsquo;occupe de prendre les commandes. Les quatre serveurs-improvisateurs de <strong>Latiag <\/strong>se chargent de vous r\u00e9galer avec un plat digne des plus grandes tables.<\/p>\n<p><strong>Pratique<\/strong> <\/p>\n<p>La Brasserie de l&rsquo;impro, samedi 27 septembre \u00e0 17h \u00e0 la Com\u00e9die de Grenoble, 1 rue Pierre-Dupont \u00e0 Grenoble. Tarif : 12 euros. Renseignements et r\u00e9servations : <a href=\"https:\/\/comediedegrenoble.mapado.com\/event\/19406-la-brasserie-de-l-impro\" rel=\"noopener\" target=\"_blank\">ici<\/a>.<\/p>\n<p>  C\u00e9l\u00e9brer les 15 ans du jardin des Cairns \u00e0 Grenoble <\/p>\n<p>\u00a0 <\/p>\n<\/p>\n<p>Samedi 27 septembre, de 14h \u00e0 22h30, le<strong> Jardin des Cairns<\/strong> c\u00e9l\u00e8bre ses<strong> 15 ans<\/strong>. Au programme : 14h \u00e0 15h : visite guid\u00e9e \u00e0 la recherche des indices du pass\u00e9. 16h \u00e0 17h : conf\u00e9rence m\u00e9moire et pr\u00e9sentation historique des lieux. 18h \u00e0 20h : moment de cuisine partag\u00e9e autour du four \u00e0 pizzas du jardin. 20 h \u00e0 22h30 : concert du groupe <strong>Danafiba<\/strong>. <\/p>\n<p><strong>Pratique<\/strong> <\/p>\n<p>15 ans du Jardin des Cairns, mont\u00e9e Cularo \u00e0 Grenoble. Gratuit. Renseignements : <a class=\"invalid-link\" href=\"http:\/\/www.jardindescairns.fr\" rel=\"noopener\" target=\"_blank\">ici<\/a><\/p>\n<p>  Plonger dans les sonorit\u00e9s afromandingues \u00e0 la Bastille <\/p>\n<p>Dimanche 28 septembre de 15h \u00e0 16h30, au <strong>fort de la Bastille<\/strong> \u00e0 Grenoble : <strong>ap\u00e9ro concert<\/strong> avec <strong>Balla Bangoura<\/strong>. Issu d&rsquo;une famille de gritos entre la Guin\u00e9e et le S\u00e9n\u00e9gal, cet artiste fait vibrer la sc\u00e8ne avec sa kora, accompagn\u00e9e de guitare, basse, batteries et percussions. Ses chansons racontent son parcours depuis la Casamance, les rencontres et les amiti\u00e9s tiss\u00e9es loin de chez lui.<\/p>\n<p><strong>Pratique<\/strong> <\/p>\n<p>Concert de Balla Langoura, dimanche 28 septembre, de 15h \u00e0 16h30, place Tournadre au fort de la Bastille \u00e0 Grenoble. Gratuit. Acc\u00e8s en t\u00e9l\u00e9ph\u00e9rique aux tarifs habituels. Renseignements : <a href=\"https:\/\/bastille-grenoble.fr\/\" rel=\"noopener\" target=\"_blank\">ici<\/a>.\u00a0<\/p>\n<p>  Participer au lancement de la saison 2025-2026 de la Fa\u00efencerie \u00e0 La Tronche <\/p>\n<p>La <strong>Fa\u00efencerie <\/strong>\u00e0 <strong>La Tronche <\/strong>donne rendez-vous samedi 27 septembre \u00e0 partir de 17h pour le lancement de sa saison 2025-2026. Au programme : Idoles Tout-terrain, spectacle de <strong>danse <\/strong>de 50 minutes par la compagnie is\u00e9roise Confidences puis Rapprochons-nous, spectacle de <strong>cirque <\/strong>de 30 minutes par la Mondiale g\u00e9n\u00e9rale d&rsquo;Arles. Un <strong>ap\u00e9ritif<\/strong> en ext\u00e9rieur sera propos\u00e9 entre les deux spectacles. <\/p>\n<p><strong>Pratique<\/strong> <\/p>\n<p>Spectacles, samedi 27 septembre de 17h \u00e0 20h, \u00e0 La Fa\u00efencerie, 74 Grande Rue \u00e0 La Tronche. Tarifs : 5 \u00e0 10 euros. Renseignements et r\u00e9servations : <a href=\"https:\/\/www.latronche.fr\/100-la-faiencerie-salle-de-spectacle.htm\" rel=\"noopener\" target=\"_blank\">ici<\/a>.\u00a0<\/p>\n<p> O\u00f9 chiner \u00e0 Grenoble et alentour ? <\/p>\n<ul>\n<li>Samedi 27 septembre, de 8h \u00e0 18h : <strong>vide-greniers <\/strong>de la foire Saint-Michel \u00e0 <strong>Champ-sur-Drac<\/strong>. <\/li>\n<li>Dimanche 28 septembre, de 8h \u00e0 17h, vide-greniers des quais Saint-Laurent \u00e0 Grenoble. <\/li>\n<li>Dimanche 28 septembre, de 8h \u00e0 18h, vide-greniers rue du Dr-Mazet \u00e0 Grenoble. <\/li>\n<li>Dimanche 28 septembre, de 6h30 \u00e0 14h, vide-greniers sur le parking d&rsquo;Alpexpo \u00e0 Grenoble. <\/li>\n<li>Dimanche 28 septembre, de 8h \u00e0 18h, vide-greniers parc de la Poya \u00e0 <strong>Fontaine<\/strong>. <\/li>\n<li>Dimanche 28 septembre, de 8h \u00e0 16h, vide-greniers au parking du cin\u00e9ma Path\u00e9 \u00e0 Echirolles. <\/li>\n<li>Dimanche 28 septembre, de 7h \u00e0 17h, vide-greniers des Viscosi\u00e8res, 4 avenue Paul-Vaillant-Couturier \u00e0 <strong>Echirolles<\/strong>. <\/li>\n<li>Dimanche 28 septembre, de 8h \u00e0 18h, <strong>brocante <\/strong>dans le parc de la mairie de <strong>Bresson<\/strong>. <\/li>\n<li>Dimanche 28 septembre, de 8h \u00e0 16h30, vide-greniers 210 chemin de la Griveli\u00e8re \u00e0 <strong>Biviers<\/strong>. <\/li>\n<li>Dimanche 28 septembre, brocante, de 6h45 \u00e0 18h, place Charles-de-Gaulle, \u00e0 <strong>Corenc<\/strong>. <\/li>\n<li>Dimanche 28 septembre, de 8h \u00e0 16h, vide-greniers Grande Rue \u00e0 <strong>Voreppe<\/strong>. <\/li>\n<li>Dimanche 28 septembre, de 8h \u00e0 17h, brocante et march\u00e9 au puces place de l\u2019\u00c9glise \u00e0 <strong>Fures-Tullins<\/strong>.<\/li>\n<\/ul>\n","protected":false},"excerpt":{"rendered":"\u00a9 Pxhere &#8211; La 9e \u00e9dition de la Vizilloise se d\u00e9roulera dimanche 28 septembre 2025 \u00e0 Vizille. Que&hellip;\n","protected":false},"author":2,"featured_media":415718,"comment_status":"","ping_status":"","sticky":false,"template":"","format":"standard","meta":{"footnotes":""},"categories":[9566],"tags":[1111,11,2430,4156,1777,674,1011,27,2731,12,22216,25,6187,3365,28821],"class_list":{"0":"post-415717","1":"post","2":"type-post","3":"status-publish","4":"format-standard","5":"has-post-thumbnail","7":"category-grenoble","8":"tag-actu","9":"tag-actualites","10":"tag-auvergne-rhone-alpes","11":"tag-concerts","12":"tag-eu","13":"tag-europe","14":"tag-fr","15":"tag-france","16":"tag-grenoble","17":"tag-news","18":"tag-randonnu00e9e","19":"tag-republique-francaise","20":"tag-trail","21":"tag-vide-greniers","22":"tag-visite-guidu00e9e"},"share_on_mastodon":{"url":"https:\/\/pubeurope.com\/@fr\/115263276960929138","error":""},"_links":{"self":[{"href":"https:\/\/www.europesays.com\/fr\/wp-json\/wp\/v2\/posts\/415717","targetHints":{"allow":["GET"]}}],"collection":[{"href":"https:\/\/www.europesays.com\/fr\/wp-json\/wp\/v2\/posts"}],"about":[{"href":"https:\/\/www.europesays.com\/fr\/wp-json\/wp\/v2\/types\/post"}],"author":[{"embeddable":true,"href":"https:\/\/www.europesays.com\/fr\/wp-json\/wp\/v2\/users\/2"}],"replies":[{"embeddable":true,"href":"https:\/\/www.europesays.com\/fr\/wp-json\/wp\/v2\/comments?post=415717"}],"version-history":[{"count":0,"href":"https:\/\/www.europesays.com\/fr\/wp-json\/wp\/v2\/posts\/415717\/revisions"}],"wp:featuredmedia":[{"embeddable":true,"href":"https:\/\/www.europesays.com\/fr\/wp-json\/wp\/v2\/media\/415718"}],"wp:attachment":[{"href":"https:\/\/www.europesays.com\/fr\/wp-json\/wp\/v2\/media?parent=415717"}],"wp:term":[{"taxonomy":"category","embeddable":true,"href":"https:\/\/www.europesays.com\/fr\/wp-json\/wp\/v2\/categories?post=415717"},{"taxonomy":"post_tag","embeddable":true,"href":"https:\/\/www.europesays.com\/fr\/wp-json\/wp\/v2\/tags?post=415717"}],"curies":[{"name":"wp","href":"https:\/\/api.w.org\/{rel}","templated":true}]}}