{"id":415719,"date":"2025-09-25T05:26:12","date_gmt":"2025-09-25T05:26:12","guid":{"rendered":"https:\/\/www.europesays.com\/fr\/415719\/"},"modified":"2025-09-25T05:26:12","modified_gmt":"2025-09-25T05:26:12","slug":"mobilisations-blocages-ou-en-est-le-mouvement-bloquons-tout-en-ille-et-vilaine","status":"publish","type":"post","link":"https:\/\/www.europesays.com\/fr\/415719\/","title":{"rendered":"Mobilisations, blocages : o\u00f9 en est le mouvement \u00ab Bloquons Tout \u00bb en Ille-et-Vilaine\u00a0?"},"content":{"rendered":"<p>Au soir du 10 septembre dernier, les sourires irradiaient sur les visages des participants au mouvement \u00ab Bloquons Tout \u00e0 Rennes \u00bb. Il faut dire que la journ\u00e9e avait \u00e9t\u00e9 couronn\u00e9e de succ\u00e8s. <a href=\"https:\/\/www.letelegramme.fr\/ille-et-vilaine\/rennes-35000\/direct-10-septembre-suivez-les-blocages-a-rennes-et-en-ille-et-vilaine-6885744.php\" target=\"_blank\" rel=\"noopener\">Plus de 10 000 personnes avaient manifest\u00e9 dans le centre-ville de Rennes<\/a> contre l\u2019aust\u00e9rit\u00e9 et le projet de budget du gouvernent, un record pour une mobilisation en dehors du cadre des syndicats. Le matin m\u00eame, plus de 1 000 manifestants avaient r\u00e9ussi \u00e0 paralyser la rocade sud pendant plusieurs heures, faisant na\u00eetre l\u2019espoir d\u2019un mouvement appel\u00e9 \u00e0 s\u2019installer.<\/p>\n<p>Mais depuis, l\u2019\u00e9lan semble retomber. Les tentatives de blocages aux aurores, la semaine derni\u00e8re, ont \u00e9t\u00e9 rapidement d\u00e9jou\u00e9es par la police. Si la grande manifestation intersyndicale du 18 septembre a permis au mouvement de conserver sa dynamique, \u00ab Bloquons Tout \u00bb peine \u00e0 se structurer. Vendredi dernier, \u00e0 peine 200 participants se sont retrouv\u00e9s \u00e0 l\u2019universit\u00e9 Rennes 2 pour discuter des suites \u00e0 donner \u00e0 la mobilisation.<\/p>\n<p>Des effectifs insuffisants<\/p>\n<p>Le compte rendu de cette r\u00e9union, que Le T\u00e9l\u00e9gramme a pu consulter, dresse un bilan en demi-teinte. Les militants regrettent notamment l\u2019\u00e9chec des derni\u00e8res actions de blocage face \u00e0 la pr\u00e9sence massive des forces de l\u2019ordre. Certains soulignent \u00e9galement les difficult\u00e9s de r\u00e9ussir \u00e0 mobiliser des effectifs suffisants sur le terrain. \u00ab On n\u2019est pas assez nombreux \u00e0 mener des actions \u00bb, \u00e9crit un militant sur un canal de discussion priv\u00e9. \u00ab Organiser des choses tous les trois jours sur Rennes, \u00e7a ne fonctionne pas \u00bb, ajoute un autre. \u00ab Les appels perdent leur force et on se fait r\u00e9primer \u00bb.<\/p>\n<p>Dans ces boucles de discussions li\u00e9es au mouvement, les \u00e9changes restent toujours nombreux et les id\u00e9es ne manquent pas : op\u00e9ration caddies vide dans des grandes surfaces, v\u00e9lorution sur des ronds-points\u2026 Les propositions fusent pour relancer la mobilisation. Mais peu d\u2019actions trouvent ensuite un v\u00e9ritable \u00e9cho et une diffusion \u00e0 plus grande \u00e9chelle. Dimanche dernier, l\u2019appel \u00e0 un rassemblement festif, place de la mairie relay\u00e9 sur les principaux r\u00e9seaux sociaux du mouvement, n\u2019a rassembl\u00e9 que quelques dizaines de jeunes militants politis\u00e9s.<\/p>\n<p>Plus de continuit\u00e9 dans les zones rurales<\/p>\n<p>Fin 2018, le mouvement des Gilets Jaunes avait r\u00e9ussi \u00e0 structurer la contestation en organisant des occupations de ronds points et des manifestations dans les grandes villes chaque samedi. Pour \u00ab Bloquons Tout \u00bb, la bonne formule n\u2019a pas encore \u00e9t\u00e9 trouv\u00e9e malgr\u00e9 l\u2019adh\u00e9sion de pr\u00e8s de la moiti\u00e9 de la population selon les sondages.<\/p>\n<p>Au final, c\u2019est en dehors de Rennes et du cercle \u00e9tudiant que le mouvement semble trouver une certaine continuit\u00e9 avec un autre profil de militants. \u00c0 Ch\u00e2teaugiron, le village des indign\u00e9s qui s\u2019est \u00e9tabli en bordure de la voie rapide, est toujours debout. \u00c0 Guichen, apr\u00e8s une manifestation qui a rassembl\u00e9 200 personnes, une assembl\u00e9e populaire est organis\u00e9e jeudi 25 septembre visant \u00e0 rassembler tous les militants du sud du d\u00e9partement.<\/p>\n<p>Vers une r\u00e9gionalisation<\/p>\n<p>Pour tenter de trouver plus d\u2019\u00e9cho, \u00ab Bloquons Tout \u00bb semble d\u00e9sormais se diriger vers une r\u00e9gionalisation. \u00ab Puisque le mouvement n\u2019a pas d\u2019organe national pour coordonner les dates, faisons le \u00e0 l\u2019\u00e9chelle de la r\u00e9gion \u00bb, \u00e9crit un militant sur une boucle de discussions. Une premi\u00e8re grande assembl\u00e9e r\u00e9gionale bretonne sera ainsi organis\u00e9e samedi 27 septembre \u00e0 Callac dans les C\u00f4tes-d\u2019Armor.<\/p>\n<p>La date du jeudi 2 octobre, <a href=\"https:\/\/www.letelegramme.fr\/france\/vers-une-nouvelle-journee-de-mobilisation-le-jeudi-2-octobre-6896316.php\" target=\"_blank\" rel=\"noopener\">choisie par l\u2019intersyndicale<\/a> pour organiser la prochaine journ\u00e9e de mobilisation devrait permettre une forte remobilisation. Les braises peuvent encore se rallumer.<\/p>\n","protected":false},"excerpt":{"rendered":"Au soir du 10 septembre dernier, les sourires irradiaient sur les visages des participants au mouvement \u00ab Bloquons&hellip;\n","protected":false},"author":2,"featured_media":415720,"comment_status":"","ping_status":"","sticky":false,"template":"","format":"standard","meta":{"footnotes":""},"categories":[2821],"tags":[1111,11,829,1777,674,1011,27,848,11639,12,584,25],"class_list":{"0":"post-415719","1":"post","2":"type-post","3":"status-publish","4":"format-standard","5":"has-post-thumbnail","7":"category-rennes","8":"tag-actu","9":"tag-actualites","10":"tag-bretagne","11":"tag-eu","12":"tag-europe","13":"tag-fr","14":"tag-france","15":"tag-ille-et-vilaine","16":"tag-mouvement-social","17":"tag-news","18":"tag-rennes","19":"tag-republique-francaise"},"share_on_mastodon":{"url":"https:\/\/pubeurope.com\/@fr\/115263280517546338","error":""},"_links":{"self":[{"href":"https:\/\/www.europesays.com\/fr\/wp-json\/wp\/v2\/posts\/415719","targetHints":{"allow":["GET"]}}],"collection":[{"href":"https:\/\/www.europesays.com\/fr\/wp-json\/wp\/v2\/posts"}],"about":[{"href":"https:\/\/www.europesays.com\/fr\/wp-json\/wp\/v2\/types\/post"}],"author":[{"embeddable":true,"href":"https:\/\/www.europesays.com\/fr\/wp-json\/wp\/v2\/users\/2"}],"replies":[{"embeddable":true,"href":"https:\/\/www.europesays.com\/fr\/wp-json\/wp\/v2\/comments?post=415719"}],"version-history":[{"count":0,"href":"https:\/\/www.europesays.com\/fr\/wp-json\/wp\/v2\/posts\/415719\/revisions"}],"wp:featuredmedia":[{"embeddable":true,"href":"https:\/\/www.europesays.com\/fr\/wp-json\/wp\/v2\/media\/415720"}],"wp:attachment":[{"href":"https:\/\/www.europesays.com\/fr\/wp-json\/wp\/v2\/media?parent=415719"}],"wp:term":[{"taxonomy":"category","embeddable":true,"href":"https:\/\/www.europesays.com\/fr\/wp-json\/wp\/v2\/categories?post=415719"},{"taxonomy":"post_tag","embeddable":true,"href":"https:\/\/www.europesays.com\/fr\/wp-json\/wp\/v2\/tags?post=415719"}],"curies":[{"name":"wp","href":"https:\/\/api.w.org\/{rel}","templated":true}]}}