{"id":415721,"date":"2025-09-25T05:27:16","date_gmt":"2025-09-25T05:27:16","guid":{"rendered":"https:\/\/www.europesays.com\/fr\/415721\/"},"modified":"2025-09-25T05:27:16","modified_gmt":"2025-09-25T05:27:16","slug":"infirmiers-medecins-secretaires-cette-agence-dinterim-recrute-400-professionnels-de-sante-en-bretagne","status":"publish","type":"post","link":"https:\/\/www.europesays.com\/fr\/415721\/","title":{"rendered":"Infirmiers, m\u00e9decins, secr\u00e9taires&#8230; Cette agence d&rsquo;int\u00e9rim recrute 400 professionnels de sant\u00e9 en Bretagne"},"content":{"rendered":"<p>            Par<br \/>\n        <strong><br \/>\n            <a href=\"https:\/\/actu.fr\/auteur\/clemence-pays02-actu-fr\" title=\"Consulter tous les articles de Cl\u00e9mence Pays\" target=\"_blank\" rel=\"noopener\">Cl\u00e9mence Pays<\/a><br \/>\n        <\/strong><\/p>\n<p>        Publi\u00e9 le<\/p>\n<p>            25 sept. 2025 \u00e0 6h32        <\/p>\n<p>Appel M\u00e9dical \u2013 filiale du Groupe Randstad France \u2013 recrute <strong>400 professionnels de sant\u00e9<\/strong> en Bretagne. Ces postes prennent la forme de <strong>CDI, CDD, int\u00e9rim,<\/strong> \u00ab\u2009ou en <strong>vacation<\/strong> sur des missions de courte ou longue dur\u00e9e\u2009\u00bb.<\/p>\n<blockquote class=\"ac-article-quote wall-content\">\n<p>Les huit agences d\u2019Appel M\u00e9dical de la r\u00e9gion travaillent en \u00e9troite collaboration avec de nombreux \u00e9tablissements et structures m\u00e9dicales ou param\u00e9dicales &#8211; h\u00f4pitaux, cliniques, soins m\u00e9dicaux et de r\u00e9adaptation, \u00e9tablissements pour personnes \u00e2g\u00e9es ou handicap\u00e9es, cr\u00e8ches, services de soins infirmiers, officines, centres de r\u00e9\u00e9ducation, laboratoires, cabinets m\u00e9dicaux&#8230; &#8211; qui leur confient leurs besoins de recrutement de collaborateurs en CDI, en CDD, en mission d\u2019int\u00e9rim, ou en vacation.<\/p>\n<p>    <strong>Appel M\u00e9dical<\/strong><br \/>\n        Communiqu\u00e9 de presse    <\/p><\/blockquote>\n<p>Les postes \u00e0 pourvoir<\/p>\n<p class=\" wall-content\"><strong>Femmes et hommes<\/strong> sont recherch\u00e9s avec des profils vari\u00e9s\u2009:<\/p>\n<ul class=\" wall-content\">\n<li>infirmiers dipl\u00f4m\u00e9s d\u2019\u00c9tat\u2009;<\/li>\n<li>aides-soignants\u2009;<\/li>\n<li>masseurs-kin\u00e9sith\u00e9rapeutes\u2009;<\/li>\n<li>auxiliaires petite enfance\u2009;<\/li>\n<li>secr\u00e9taires m\u00e9dicales\u2009;<\/li>\n<li>cadres de sant\u00e9\u2009;<\/li>\n<li>pr\u00e9parateurs en pharmacie\u2009;<\/li>\n<li>accompagnants \u00e9ducatifs\u2009;<\/li>\n<li>m\u00e9decins\u2009;<\/li>\n<li>manipulateurs en radiologie m\u00e9dicale.<\/li>\n<\/ul>\n<p class=\" wall-content\">\u00ab\u2009Les candidats se voient proposer un parcours de carri\u00e8re et peuvent b\u00e9n\u00e9ficier d\u2019une <strong>offre de formation<\/strong> en lien avec leurs aspirations\u2009\u00bb, d\u00e9taille Appel M\u00e9dical.<\/p>\n<p class=\" wall-content\">Ces postes sont \u00e0 pourvoir dans les C\u00f4tes-d\u2019Armor (85 postes), le Finist\u00e8re (53 postes), en Ille-et-Vilaine (204 postes) et le Morbihan (58 postes).<\/p>\n<p class=\" wall-content\">Personnalisez votre actualit\u00e9 en ajoutant vos villes et m\u00e9dias en favori avec <a href=\"https:\/\/moncompte.actu.fr\" title=\"D\u00e9couvez Mon Actu\" rel=\"nofollow noopener\" data-trk=\"{&quot;cta&quot;:{&quot;action&quot;:&quot;https:\\\/\\\/moncompte.actu.fr&quot;,&quot;category&quot;:&quot;mon compte&quot;,&quot;from&quot;:&quot;article footer&quot;,&quot;name&quot;:&quot;Mon actu&quot;,&quot;type&quot;:&quot;cta&quot;}}\" target=\"_blank\">Mon Actu<\/a>.<\/p>\n","protected":false},"excerpt":{"rendered":"Par Cl\u00e9mence Pays Publi\u00e9 le 25 sept. 2025 \u00e0 6h32 Appel M\u00e9dical \u2013 filiale du Groupe Randstad France&hellip;\n","protected":false},"author":2,"featured_media":415722,"comment_status":"","ping_status":"","sticky":false,"template":"","format":"standard","meta":{"footnotes":""},"categories":[2821],"tags":[1111,11,829,33,341,1777,674,1011,27,12,584,25,71],"class_list":{"0":"post-415721","1":"post","2":"type-post","3":"status-publish","4":"format-standard","5":"has-post-thumbnail","7":"category-rennes","8":"tag-actu","9":"tag-actualites","10":"tag-bretagne","11":"tag-economie","12":"tag-emploi","13":"tag-eu","14":"tag-europe","15":"tag-fr","16":"tag-france","17":"tag-news","18":"tag-rennes","19":"tag-republique-francaise","20":"tag-sante"},"share_on_mastodon":{"url":"https:\/\/pubeurope.com\/@fr\/115263284355673437","error":""},"_links":{"self":[{"href":"https:\/\/www.europesays.com\/fr\/wp-json\/wp\/v2\/posts\/415721","targetHints":{"allow":["GET"]}}],"collection":[{"href":"https:\/\/www.europesays.com\/fr\/wp-json\/wp\/v2\/posts"}],"about":[{"href":"https:\/\/www.europesays.com\/fr\/wp-json\/wp\/v2\/types\/post"}],"author":[{"embeddable":true,"href":"https:\/\/www.europesays.com\/fr\/wp-json\/wp\/v2\/users\/2"}],"replies":[{"embeddable":true,"href":"https:\/\/www.europesays.com\/fr\/wp-json\/wp\/v2\/comments?post=415721"}],"version-history":[{"count":0,"href":"https:\/\/www.europesays.com\/fr\/wp-json\/wp\/v2\/posts\/415721\/revisions"}],"wp:featuredmedia":[{"embeddable":true,"href":"https:\/\/www.europesays.com\/fr\/wp-json\/wp\/v2\/media\/415722"}],"wp:attachment":[{"href":"https:\/\/www.europesays.com\/fr\/wp-json\/wp\/v2\/media?parent=415721"}],"wp:term":[{"taxonomy":"category","embeddable":true,"href":"https:\/\/www.europesays.com\/fr\/wp-json\/wp\/v2\/categories?post=415721"},{"taxonomy":"post_tag","embeddable":true,"href":"https:\/\/www.europesays.com\/fr\/wp-json\/wp\/v2\/tags?post=415721"}],"curies":[{"name":"wp","href":"https:\/\/api.w.org\/{rel}","templated":true}]}}