{"id":415723,"date":"2025-09-25T05:28:13","date_gmt":"2025-09-25T05:28:13","guid":{"rendered":"https:\/\/www.europesays.com\/fr\/415723\/"},"modified":"2025-09-25T05:28:13","modified_gmt":"2025-09-25T05:28:13","slug":"jongler-ensemble-pour-booster-lagilite-des-neurones","status":"publish","type":"post","link":"https:\/\/www.europesays.com\/fr\/415723\/","title":{"rendered":"jongler ensemble pour booster l\u2019agilit\u00e9 des neurones"},"content":{"rendered":"<p>\u00ab\u00a0C\u2019est formidable de pouvoir encore jouer \u00e0 la balle \u00e0 notre \u00e2ge\u00a0; j\u2019ai l\u2019impression d\u2019\u00eatre de retour dans la cour d\u2019\u00e9cole\u00a0!\u00a0\u00bb Ce mercredi matin, dans une petite salle \u00e0 l\u2019\u00e9tage du foyer Saint-Louis, l\u2019octog\u00e9naire tout sourire, qui vient de rater une passe d\u2019un cheveu (blanc), r\u00e9sume bien l\u2019\u00e9tat d\u2019esprit g\u00e9n\u00e9ral\u2026 Oui, elles \u2013 pour l\u2019heure, le groupe est exclusivement compos\u00e9 de femmes, m\u00eame si ces messieurs sont les bienvenus \u2013 sont l\u00e0 pour stimuler leurs neurones\u00a0; mais aussi (surtout\u00a0?) pour voir du monde et\u2026 s\u2019amuser\u00a0! Encadr\u00e9es par \u00c9lise Rocher, Lilly, Renate, Ushi, Antoinette, Annelise, Suzy, Dona et les autres se retrouvent ici tous les mercredis de 10\u00a0h \u00e0 11\u00a0h pour pratiquer le Brain Ball.<\/p>\n<p>Qu\u00e9saco\u00a0? Une m\u00e9thode de jonglage de rebond \u00ab\u00a0coop\u00e9rative, rythmique et musicale\u00a0\u00bb, sorte de \u00ab\u00a0gym du cerveau\u00a0\u00bb mise au point en 2016 par R\u00e9gis Pautonnier, \u00e9ducateur sp\u00e9cialis\u00e9. Objectif\u00a0: d\u00e9velopper l\u2019attention, la concentration, la coordination gestuelle, l\u2019\u00e9quilibre et la coop\u00e9ration,&#8230;<\/p>\n","protected":false},"excerpt":{"rendered":"\u00ab\u00a0C\u2019est formidable de pouvoir encore jouer \u00e0 la balle \u00e0 notre \u00e2ge\u00a0; j\u2019ai l\u2019impression d\u2019\u00eatre de retour dans&hellip;\n","protected":false},"author":2,"featured_media":415724,"comment_status":"","ping_status":"","sticky":false,"template":"","format":"standard","meta":{"footnotes":""},"categories":[2820],"tags":[1111,11,2880,1777,674,107,1011,27,775,1943,1757,12,25,104,640,2879,1631],"class_list":{"0":"post-415723","1":"post","2":"type-post","3":"status-publish","4":"format-standard","5":"has-post-thumbnail","7":"category-strasbourg","8":"tag-actu","9":"tag-actualites","10":"tag-edition-strasbourg","11":"tag-eu","12":"tag-europe","13":"tag-fil-info","14":"tag-fr","15":"tag-france","16":"tag-grand-est","17":"tag-handicap","18":"tag-insolite","19":"tag-news","20":"tag-republique-francaise","21":"tag-societe","22":"tag-strasbourg","23":"tag-strasbourg-ville","24":"tag-vie-associative"},"share_on_mastodon":{"url":"https:\/\/pubeurope.com\/@fr\/115263288358704247","error":""},"_links":{"self":[{"href":"https:\/\/www.europesays.com\/fr\/wp-json\/wp\/v2\/posts\/415723","targetHints":{"allow":["GET"]}}],"collection":[{"href":"https:\/\/www.europesays.com\/fr\/wp-json\/wp\/v2\/posts"}],"about":[{"href":"https:\/\/www.europesays.com\/fr\/wp-json\/wp\/v2\/types\/post"}],"author":[{"embeddable":true,"href":"https:\/\/www.europesays.com\/fr\/wp-json\/wp\/v2\/users\/2"}],"replies":[{"embeddable":true,"href":"https:\/\/www.europesays.com\/fr\/wp-json\/wp\/v2\/comments?post=415723"}],"version-history":[{"count":0,"href":"https:\/\/www.europesays.com\/fr\/wp-json\/wp\/v2\/posts\/415723\/revisions"}],"wp:featuredmedia":[{"embeddable":true,"href":"https:\/\/www.europesays.com\/fr\/wp-json\/wp\/v2\/media\/415724"}],"wp:attachment":[{"href":"https:\/\/www.europesays.com\/fr\/wp-json\/wp\/v2\/media?parent=415723"}],"wp:term":[{"taxonomy":"category","embeddable":true,"href":"https:\/\/www.europesays.com\/fr\/wp-json\/wp\/v2\/categories?post=415723"},{"taxonomy":"post_tag","embeddable":true,"href":"https:\/\/www.europesays.com\/fr\/wp-json\/wp\/v2\/tags?post=415723"}],"curies":[{"name":"wp","href":"https:\/\/api.w.org\/{rel}","templated":true}]}}