{"id":415727,"date":"2025-09-25T05:30:10","date_gmt":"2025-09-25T05:30:10","guid":{"rendered":"https:\/\/www.europesays.com\/fr\/415727\/"},"modified":"2025-09-25T05:30:10","modified_gmt":"2025-09-25T05:30:10","slug":"pres-de-nice-quick-annonce-encore-un-nouveau-restaurant-dans-les-alpes-maritimes","status":"publish","type":"post","link":"https:\/\/www.europesays.com\/fr\/415727\/","title":{"rendered":"Pr\u00e8s de Nice. Quick annonce encore un nouveau restaurant dans les Alpes-Maritimes"},"content":{"rendered":"<p>            Par<br \/>\n        <strong><br \/>\n            <a href=\"https:\/\/actu.fr\/auteur\/ugo-maillard\" title=\"Consulter tous les articles de Ugo Maillard\" rel=\"nofollow noopener\" target=\"_blank\">Ugo Maillard<\/a><br \/>\n        <\/strong><\/p>\n<p>        Publi\u00e9 le<\/p>\n<p>            25 sept. 2025 \u00e0 7h16        <\/p>\n<p>Et un. Et deux. Et trois\u2026 <strong>Quick<\/strong> dans le d\u00e9partement. La franchise de fast-food ouvre un nouveau restaurant dans les <a href=\"https:\/\/actu.fr\/provence-alpes-cote-d-azur\/alpes-maritimes_06\" rel=\"nofollow noopener\" target=\"_blank\">Alpes-Maritimes<\/a>, le jeudi 25\u00a0septembre 2025.<\/p>\n<p class=\" wall-content\">Apr\u00e8s deux inaugurations \u00e0 Nice, sur <a href=\"https:\/\/actu.fr\/provence-alpes-cote-d-azur\/nice_06088\/quick-ouvre-a-nice-le-restaurant-deja-pris-d-assaut-par-les-nicois_62550747.html\" rel=\"nofollow noopener\" target=\"_blank\">l\u2019avenue Jean-M\u00e9decin<\/a> le 24\u00a0avril et dans le<a href=\"https:\/\/actu.fr\/provence-alpes-cote-d-azur\/nice_06088\/quick-ouvre-un-deuxieme-restaurant-a-nice-voici-ou-et-quand_62948069.html\" rel=\"nofollow noopener\" target=\"_blank\"> Carrefour Lingosti\u00e8re<\/a> le 24\u00a0juillet, Quick annonce \u00e0 actu Nice l\u2019ouverture d\u2019un restaurant \u00e0 <strong>Mougins<\/strong>.<\/p>\n<p class=\" wall-content\">L\u2019enseigne s\u2019installe en lieu et place d\u2019un fast-food Steak \u2018n Shake, ferm\u00e9 d\u00e9finitivement.<\/p>\n<p>Pr\u00e8s de 200 places assises<\/p>\n<p class=\" wall-content\">C\u2019est donc \u00e0 Mougins, dans l\u2019ouest du d\u00e9partement, que Quick ouvre ce jeudi son troisi\u00e8me restaurant dans les Alpes-Maritimes. Le rendez-vous est donn\u00e9 au 1 Chemin Font Graissan.<\/p>\n<p>    <a href=\"https:\/\/www.google.com\/maps\/embed?pb=!1m18!1m12!1m3!1d16348.993861580993!2d7.012601564563718!3d43.583193721498105!2m3!1f0!2f0!3f0!3m2!1i1024!2i768!4f13.1!3m3!1m2!1s0x12cc2a03162d20e3%3A0x74ad6b70cd5babac!2s1%20Chem.%20de%20font%20graissan%2C%2006250%20Mougins!5e0!3m2!1sfr!2sfr!4v1758725939701!5m2!1sfr!2sfr\" title=\"Ouvrie le lien\" rel=\"nofollow noopener\" target=\"_blank\">Cliquez ici pour visualiser le contenu<\/a><\/p>\n<p class=\" wall-content\">Le nouveau restaurant Quick de Mougins dispose de <strong>182 places assises<\/strong>, dont 126 en salle et 56 en terrasse. \u00c0 noter que 50\u00a0personnes ont \u00e9t\u00e9 recrut\u00e9es en CDI.<\/p>\n<p class=\" wall-content\">\u00ab\u2009Le restaurant est par ailleurs \u00e9quip\u00e9 d\u2019une piste Drive avec \u00e9crans digitaux pour faciliter la prise de commandes. Les enfants pourront, eux, profiter d\u2019un vaste espace de jeux avec la Magic Planet de Quickos\u2009\u00bb, compl\u00e8te la direction de la franchise.<\/p>\n<p>Votre r\u00e9gion, votre actu !<\/p>\n<p>Recevez chaque jour les infos qui comptent pour vous.<\/p>\n<p>\t<a href=\"https:\/\/actu.fr\/newsletter\" class=\"ac-btn ac-btn--corner ac-btn--medium ac-btn--blue800\" rel=\"nofollow noopener\" target=\"_blank\">S&rsquo;incrire<\/a><\/p>\n<p class=\" wall-content\">En l\u2019espace de six mois, l\u2019enseigne de restauration rapide jusque-l\u00e0 absente du territoire maralpin a largement d\u00e9velopp\u00e9 son implantation.<\/p>\n<p class=\" wall-content\">Personnalisez votre actualit\u00e9 en ajoutant vos villes et m\u00e9dias en favori avec <a href=\"https:\/\/moncompte.actu.fr\" title=\"D\u00e9couvez Mon Actu\" rel=\"nofollow noopener\" data-trk=\"{&quot;cta&quot;:{&quot;action&quot;:&quot;https:\\\/\\\/moncompte.actu.fr&quot;,&quot;category&quot;:&quot;mon compte&quot;,&quot;from&quot;:&quot;article footer&quot;,&quot;name&quot;:&quot;Mon actu&quot;,&quot;type&quot;:&quot;cta&quot;}}\" target=\"_blank\">Mon Actu<\/a>.<\/p>\n","protected":false},"excerpt":{"rendered":"Par Ugo Maillard Publi\u00e9 le 25 sept. 2025 \u00e0 7h16 Et un. Et deux. Et trois\u2026 Quick dans&hellip;\n","protected":false},"author":2,"featured_media":415728,"comment_status":"","ping_status":"","sticky":false,"template":"","format":"standard","meta":{"footnotes":""},"categories":[2819],"tags":[1111,11,1777,674,1011,27,1305,12,2401,882,25,1340],"class_list":{"0":"post-415727","1":"post","2":"type-post","3":"status-publish","4":"format-standard","5":"has-post-thumbnail","7":"category-nice","8":"tag-actu","9":"tag-actualites","10":"tag-eu","11":"tag-europe","12":"tag-fr","13":"tag-france","14":"tag-lifestyle","15":"tag-news","16":"tag-nice","17":"tag-provence-alpes-cote-dazur","18":"tag-republique-francaise","19":"tag-restaurant"},"share_on_mastodon":{"url":"https:\/\/pubeurope.com\/@fr\/115263296304249610","error":""},"_links":{"self":[{"href":"https:\/\/www.europesays.com\/fr\/wp-json\/wp\/v2\/posts\/415727","targetHints":{"allow":["GET"]}}],"collection":[{"href":"https:\/\/www.europesays.com\/fr\/wp-json\/wp\/v2\/posts"}],"about":[{"href":"https:\/\/www.europesays.com\/fr\/wp-json\/wp\/v2\/types\/post"}],"author":[{"embeddable":true,"href":"https:\/\/www.europesays.com\/fr\/wp-json\/wp\/v2\/users\/2"}],"replies":[{"embeddable":true,"href":"https:\/\/www.europesays.com\/fr\/wp-json\/wp\/v2\/comments?post=415727"}],"version-history":[{"count":0,"href":"https:\/\/www.europesays.com\/fr\/wp-json\/wp\/v2\/posts\/415727\/revisions"}],"wp:featuredmedia":[{"embeddable":true,"href":"https:\/\/www.europesays.com\/fr\/wp-json\/wp\/v2\/media\/415728"}],"wp:attachment":[{"href":"https:\/\/www.europesays.com\/fr\/wp-json\/wp\/v2\/media?parent=415727"}],"wp:term":[{"taxonomy":"category","embeddable":true,"href":"https:\/\/www.europesays.com\/fr\/wp-json\/wp\/v2\/categories?post=415727"},{"taxonomy":"post_tag","embeddable":true,"href":"https:\/\/www.europesays.com\/fr\/wp-json\/wp\/v2\/tags?post=415727"}],"curies":[{"name":"wp","href":"https:\/\/api.w.org\/{rel}","templated":true}]}}