{"id":415735,"date":"2025-09-25T05:34:18","date_gmt":"2025-09-25T05:34:18","guid":{"rendered":"https:\/\/www.europesays.com\/fr\/415735\/"},"modified":"2025-09-25T05:34:18","modified_gmt":"2025-09-25T05:34:18","slug":"a-bordeaux-y-a-t-il-moins-de-places-en-creches-comme-laffirme-lopposition-ou-plus-selon-la-majorite","status":"publish","type":"post","link":"https:\/\/www.europesays.com\/fr\/415735\/","title":{"rendered":"\u00c0 Bordeaux, y a-t-il moins de places en cr\u00e8ches comme l&rsquo;affirme l&rsquo;opposition, ou plus selon la majorit\u00e9 ?"},"content":{"rendered":"<p class=\"wp-block-post-excerpt__excerpt\">Premi\u00e8re bataille de chiffres dans notre nouvelle rubrique sp\u00e9ciale Municipales 2026 : \u00ab\u00a0Mairie pour de vrai\u00a0\u00bb. \u00c0 Bordeaux, les opposants et candidats Thomas Cazenave et Nathalie Delattre critiquent la gestion des cr\u00e8ches municipales, pointant une baisse du nombre de places. La majorit\u00e9 d\u00e9fend son bilan et accuse l\u2019opposition de manipuler les chiffres. Rue89 Bordeaux a fait les comptes. <\/p>\n<p><a href=\"https:\/\/rue89bordeaux.com\/category\/kiosque-abonne\/\" rel=\"tag noopener\" target=\"_blank\">\u00c9dition abonn\u00e9s<\/a>, <a href=\"https:\/\/rue89bordeaux.com\/category\/mairie-pour-de-vrai\/\" rel=\"tag noopener\" target=\"_blank\">Mairie pour de vrai<\/a><\/p>\n<p>Samuel Clauzier<\/p>\n<p>Publi\u00e9 le 25 septembre 2025\u00a0\u00a0\u00b7\u00a0\u00a0<\/p>\n<p>Imprim\u00e9 le 25 septembre 2025 \u00e0 07h34\u00a0\u00a0\u00b7\u00a0\u00a0<\/p>\n<p>\t\t\t\t\t5\u00a0minutes\n<\/p>\n<p>Manque de personnel, fermetures de structures, recours au <a href=\"https:\/\/rue89bordeaux.com\/2023\/11\/faute-de-personnel-la-mairie-de-bordeaux-recourt-au-prive-pour-la-creche-des-chartrons\/\" target=\"_blank\" rel=\"noopener\">priv\u00e9<\/a>\u2026 La gestion des cr\u00e8ches municipales constitue l\u2019une des principales \u00ab\u00a0fen\u00eatres de tir\u00a0\u00bb des candidats aux municipales de 2026 \u00e0 Bordeaux pour critiquer le bilan du maire sortant, Pierre Hurmic. <\/p>\n<p>D\u00e9j\u00e0 en campagne, Nathalie Delattre (Bordeaux Ensemble) et Thomas Cazenave (Renaissance) pointent une \u00ab\u00a0baisse du nombre de places\u00a0\u00bb. La premi\u00e8re reprenant les calculs de l\u2019\u00e9lue de l\u2019opposition de son groupe, G\u00e9raldine Amouroux, exprim\u00e9s lors du conseil municipal du 3 juin 2025 :<\/p>\n<blockquote class=\"wp-block-quote is-layout-flow wp-block-quote-is-layout-flow\">\n<p>\u00ab\u00a0Entre 2020 et 2023, ce ne sont que 156 places de cr\u00e8ches suppl\u00e9mentaires et nouvelles qui ont \u00e9t\u00e9 financ\u00e9es ou co-financ\u00e9es par la Ville, rel\u00e8ve l\u2019\u00e9lue. Pire, en 2024, le nombre de places en cr\u00e8che est en baisse de 8%, -219 places par rapport \u00e0 l\u2019ann\u00e9e 2023. Et si on remonte \u00e0 2020, c\u2019est -2% par rapport au d\u00e9but du mandat, c\u2019est-\u00e0-dire -63 places.\u00a0\u00bb<\/p>\n<\/blockquote>\n<p>Ce chiffre est \u00e0 nouveau avanc\u00e9 lors de la conf\u00e9rence de presse de rentr\u00e9e de Nathalie Delattre le 11 septembre. Thomas Cazenave, quant \u00e0 lui, l\u2019\u00e9voque dans un post sur les r\u00e9seaux sociaux \u2013 aujourd\u2019hui supprim\u00e9 \u2013, <a href=\"https:\/\/www.lefigaro.fr\/bordeaux\/communication-mensongere-a-bordeaux-l-opposition-attaque-la-mairie-sur-le-nombre-de-places-en-creche-20250904\" target=\"_blank\" rel=\"noreferrer noopener\">repris par le journal Le Figaro<\/a>, partant d\u2019un communiqu\u00e9 de presse pour \u00ab\u00a0D\u00e9m\u00ealer le vrai du faux\u00a0\u00bb.<\/p>\n<p>Lisez la suite pour 1\u20ac<\/p>\n<p>En profitant de notre offre d\u2019essai, r\u00e9siliable en ligne \u00e0 tout moment.<\/p>\n<p><strong>Pour acc\u00e9der \u00e0 cet article, il faut \u00eatre abonn\u00e9. Pourquoi\u00a0?<\/strong><\/p>\n<p>Les informations exclusives, les enqu\u00eates et certains reportages constituent l\u2019\u00e9dition abonn\u00e9s de Rue89 Bordeaux. En tant que m\u00e9dia ind\u00e9pendant, nos ressources proviennent de nos lectrices et lecteurs abonn\u00e9s, aucun milliardaire ni groupe bancaire ne nous finance.<\/p>\n<p>Nous demandons \u00e0 nos lecteurs une faible contribution pour disposer \u00e0 Bordeaux d\u2019un m\u00e9dia critique des pouvoirs, capable d\u2019enqu\u00eater et de traiter les enjeux locaux en profondeur et dans la dur\u00e9e.<\/p>\n<p>Chaque abonnement compte. Toutes nos recettes sont investies dans un journalisme local ind\u00e9pendant, dont la force et la r\u00e9activit\u00e9 d\u00e9pend directement du nombre d\u2019abonn\u00e9s actifs.<\/p>\n<p class=\"has-text-align-right\"><strong><a href=\"https:\/\/rue89bordeaux.com\/?p=128375\" data-type=\"page\" data-id=\"0\" target=\"_blank\" rel=\"noopener\">Je m\u2019abonne\u00a0 <\/a><\/strong><\/p>\n<p>\t\t\t<a href=\"https:\/\/rue89bordeaux.com\/\" class=\"custom-logo-link\" rel=\"home noopener\" target=\"_blank\"><img loading=\"lazy\" decoding=\"async\" width=\"290\" height=\"49\" src=\"https:\/\/www.europesays.com\/fr\/wp-content\/uploads\/2025\/04\/logo.png\" class=\"custom-logo\" alt=\"Rue89Bordeaux Enqu\u00eates et informations de proximit\u00e9\"  \/><\/a><\/p>\n<p>\n\t\t\t\tAbonnez-vous maintenant pour suivre l\u2019actualit\u00e9 locale.\t\t\t<\/p>\n<p class=\"font-bold font-serif-heading mb-2 text-4xl\">\n\t\t\t\t\t\tL\u2019investigation locale \u00e0 port\u00e9e de main.\n\t\t\t\t\t<\/p>\n<p>\n\t\t\t\t\t\tAbonnez-vous et profitez d\u2019un acc\u00e8s illimit\u00e9 \u00e0 Rue89Bordeaux. Annulez quand vous voulez.\n\t\t\t\t\t<\/p>\n<p class=\"xl:text-sm\">\n\t\t\t\t\tD\u00e9j\u00e0 abonn\u00e9\u00a0?<br \/>\n\t\t\t\t\t<a class=\"border border-transparent text-center transition-colors duration-instant focus:border-info focus:rounded focus:shadow-focus cursor-pointer text-black hover:text-gray-700 active:bg-black-700 font-semibold inline-block\" href=\"https:\/\/rue89bordeaux.com\/user\/login\/?redirect=\/2025\/09\/a-bordeaux-y-a-t-il-moins-de-places-en-creches-comme-laffirme-lopposition-ou-plus-selon-la-majorite\/\" target=\"_blank\" rel=\"noopener\">Connectez-vous<\/a>\t\t\t\t<\/p>\n<p>\n\t\t\t\tChoisissez votre formule\u00a0:\n\t\t\t<\/p>\n<p>\t\t\t\tFermer<\/p>\n","protected":false},"excerpt":{"rendered":"Premi\u00e8re bataille de chiffres dans notre nouvelle rubrique sp\u00e9ciale Municipales 2026 : \u00ab\u00a0Mairie pour de vrai\u00a0\u00bb. \u00c0 Bordeaux,&hellip;\n","protected":false},"author":2,"featured_media":415736,"comment_status":"","ping_status":"","sticky":false,"template":"","format":"standard","meta":{"footnotes":""},"categories":[2817],"tags":[1111,11,1997,28311,1777,674,1011,27,3434,12,2219,25],"class_list":{"0":"post-415735","1":"post","2":"type-post","3":"status-publish","4":"format-standard","5":"has-post-thumbnail","7":"category-bordeaux","8":"tag-actu","9":"tag-actualites","10":"tag-bordeaux","11":"tag-creches","12":"tag-eu","13":"tag-europe","14":"tag-fr","15":"tag-france","16":"tag-municipales-2026","17":"tag-news","18":"tag-nouvelle-aquitaine","19":"tag-republique-francaise"},"share_on_mastodon":{"url":"https:\/\/pubeurope.com\/@fr\/115263312461476608","error":""},"_links":{"self":[{"href":"https:\/\/www.europesays.com\/fr\/wp-json\/wp\/v2\/posts\/415735","targetHints":{"allow":["GET"]}}],"collection":[{"href":"https:\/\/www.europesays.com\/fr\/wp-json\/wp\/v2\/posts"}],"about":[{"href":"https:\/\/www.europesays.com\/fr\/wp-json\/wp\/v2\/types\/post"}],"author":[{"embeddable":true,"href":"https:\/\/www.europesays.com\/fr\/wp-json\/wp\/v2\/users\/2"}],"replies":[{"embeddable":true,"href":"https:\/\/www.europesays.com\/fr\/wp-json\/wp\/v2\/comments?post=415735"}],"version-history":[{"count":0,"href":"https:\/\/www.europesays.com\/fr\/wp-json\/wp\/v2\/posts\/415735\/revisions"}],"wp:featuredmedia":[{"embeddable":true,"href":"https:\/\/www.europesays.com\/fr\/wp-json\/wp\/v2\/media\/415736"}],"wp:attachment":[{"href":"https:\/\/www.europesays.com\/fr\/wp-json\/wp\/v2\/media?parent=415735"}],"wp:term":[{"taxonomy":"category","embeddable":true,"href":"https:\/\/www.europesays.com\/fr\/wp-json\/wp\/v2\/categories?post=415735"},{"taxonomy":"post_tag","embeddable":true,"href":"https:\/\/www.europesays.com\/fr\/wp-json\/wp\/v2\/tags?post=415735"}],"curies":[{"name":"wp","href":"https:\/\/api.w.org\/{rel}","templated":true}]}}