{"id":415737,"date":"2025-09-25T05:35:16","date_gmt":"2025-09-25T05:35:16","guid":{"rendered":"https:\/\/www.europesays.com\/fr\/415737\/"},"modified":"2025-09-25T05:35:16","modified_gmt":"2025-09-25T05:35:16","slug":"a-bordeaux-la-mairie-ecologiste-abandonne-lentretien-des-abris-a-oiseaux-dans-les-parcs-publics","status":"publish","type":"post","link":"https:\/\/www.europesays.com\/fr\/415737\/","title":{"rendered":"\u00c0 Bordeaux, la mairie \u00e9cologiste abandonne l\u2019entretien des abris \u00e0 oiseaux dans les parcs publics"},"content":{"rendered":"<p>La municipalit\u00e9 \u00e9cologiste de Bordeaux assure avoir privil\u00e9gi\u00e9 d\u2019autres postes de d\u00e9penses plus efficaces pour le d\u00e9veloppement de la biodiversit\u00e9 dans la ville.<\/p>\n<p class=\"fig-paragraph\">Dans une ville\u00a0dirig\u00e9e par les \u00e9cologistes, la d\u00e9cision peut surprendre. Le mandat de\u00a0<a href=\"http:\/\/www.lefigaro.fr\/bordeaux\/municipales-2026-s-il-n-est-pas-encore-candidat-le-maire-ecologiste-de-bordeaux-pierre-hurmic-a-pris-sa-decision-20250905\" data-fig-type=\"NewsFlash\" data-gtm-custom-categorie=\"navigation\" data-gtm-custom-action=\"crossclick\" data-gtm-custom-label=\"Contextuel\" data-gtm-event=\"customEventSPE\" data-fig-domain=\"LEFIGARO\" target=\"_blank\" rel=\"noopener\">Pierre Hurmic<\/a>\u00a0(EELV), arriv\u00e9 en 2020 \u00e0 la\u00a0t\u00eate de la\u00a0<a href=\"http:\/\/www.lefigaro.fr\/bordeaux\/municipales-2026-a-bordeaux-lfi-propose-de-s-allier-avec-le-maire-ecologiste-pierre-hurmic-20250912\" data-fig-type=\"NewsFlash\" data-gtm-custom-categorie=\"navigation\" data-gtm-custom-action=\"crossclick\" data-gtm-custom-label=\"Contextuel\" data-gtm-event=\"customEventSPE\" data-fig-domain=\"LEFIGARO\" target=\"_blank\" rel=\"noopener\">mairie de Bordeaux<\/a>, signe la fin de l\u2019entretien des quelque 240 nichoirs install\u00e9s dans les parcs en 2010 sous Alain Jupp\u00e9 (LR). \u00abLes nichoirs \u00e9taient utilis\u00e9s par les oiseaux, avec 60% de taux d\u2019occupation d\u00e8s le d\u00e9part\u00bb, regrette Jean-Pierre Gans, b\u00e9n\u00e9vole \u00e0 la\u00a0<a href=\"http:\/\/www.lefigaro.fr\/bordeaux\/c-est-une-etape-dans-le-sud-ouest-les-chasseurs-restent-prudents-sur-la-reprise-de-la-chasse-aux-alouettes-aux-filets-en-octobre-20250903\" data-fig-type=\"NewsFlash\" data-gtm-custom-categorie=\"navigation\" data-gtm-custom-action=\"crossclick\" data-gtm-custom-label=\"Contextuel\" data-gtm-event=\"customEventSPE\" data-fig-domain=\"LEFIGARO\" target=\"_blank\" rel=\"noopener\">Ligue de protection des oiseaux<\/a>\u00a0(LPO). Ces cabanes ne sont pas indispensables pour qu\u2019un jardin soit class\u00e9 \u00abrefuge LPO\u00bb\u00a0: il suffit de \u00abfournir le g\u00eete et le couvert aux oiseaux\u00bb, selon la mairie de Bordeaux. Le classement pr\u00e9existant de 10 parcs bordelais a ainsi \u00e9t\u00e9 maintenu, tandis que 5 jardins suppl\u00e9mentaires ont obtenu le label \u00abrefuge LPO\u00bb sous la mandature de Pierre Hurmic. Il n\u2019emp\u00eache, pour Jean-Pierre Gans, ces nichoirs repr\u00e9sentent \u00abun vrai plus pour la biodiversit\u00e9\u00bb.<\/p>\n<p class=\"fig-paragraph\">Seul hic\u00a0: un abri doit \u00eatre imp\u00e9rativement nettoy\u00e9 tous les ans pour permettre aux oiseaux d\u2019y installer de nouveaux nids. Or, cette maintenance a cess\u00e9 d\u00e8s 2021. R\u00e9sultat, beaucoup d\u2019abris sont aujourd\u2019hui en piteux \u00e9tat. \u00abCertains sont tomb\u00e9s, d\u2019autres sont de travers, parfois m\u00eame \u00e0 l\u2019envers, si bien qu\u2019ils sont inond\u00e9s \u00e0 chaque fois qu\u2019il pleut\u00bb, d\u00e9plore Jean-Pierre Gans.\u00a0Selon ce dernier &#8211; qui les a suivis jusqu\u2019en 2015 pour r\u00e9aliser des statistiques pour la LPO, l\u2019entretien des 240 nichoirs mobilisait deux \u00e9lagueurs de la ville durant deux semaines, chaque ann\u00e9e. Des chiffres que la collectivit\u00e9 publique n\u2019a pas pu confirmer, faute de \u00abligne budg\u00e9taire identifi\u00e9e\u00bb.<\/p>\n<p>                                    <a class=\"fig-a11y-skip a11y-hidden\" href=\"#fig-a11y-skip-main-inarticle\"><br \/>\n        Passer la publicit\u00e9<br \/>\n    <\/a><\/p>\n<p>\u00abCompromis\u00bb<\/p>\n<p class=\"fig-paragraph\">La mairie \u00e9cologiste de Bordeaux assume toutefois son choix de ne pas poursuivre l\u2019entretien des nichoirs, invoquant des contraintes budg\u00e9taires. \u00abNous n\u2019avons pas un budget illimit\u00e9 donc nous avons d\u00fb r\u00e9fl\u00e9chir, avec la LPO, aux compromis les plus efficaces pour favoriser la biodiversit\u00e9, explique Didier Jeanjean, adjoint au maire en charge de la nature en ville et des quartiers apais\u00e9s. Ce n\u2019\u00e9tait pas le plus pertinent pour la biodiversit\u00e9 de favoriser les nichoirs dans les parcs. L\u2019urgence, c\u2019est d\u2019installer des arbres et des nichoirs dans les rues, les quartiers et les cit\u00e9s o\u00f9 les oiseaux n\u2019ont aucun endroit pour se poser. Dans un parc, un oiseau peut g\u00e9n\u00e9ralement se d\u00e9brouiller seul pour faire son nid.\u00bb<\/p>\n<p class=\"fig-paragraph\">La municipalit\u00e9 pr\u00e9f\u00e8re donc miser sur un r\u00e9seau de nichoirs install\u00e9s chez les particuliers. Les Bordelais sont invit\u00e9s \u00e0 transformer leurs jardins ou balcons en \u00abRefuges LPO\u00bb . La ville s\u2019engage \u00e0 rembourser 75% du prix d\u2019achat du kit n\u00e9cessaire, disponible \u00e0 la commande en mairie pour moins de 10 euros. \u00abSi les particuliers se lancent et parviennent \u00e0 faire classer leur jardin en refuge, ce serait une excellente nouvelle\u00bb, reconna\u00eet Jean-Pierre Gans. Tandis que la mairie de Bordeaux conc\u00e8de\u00a0: dans un monde id\u00e9al, elle aurait aim\u00e9 pouvoir financer \u00e0 la fois les cabanes \u00e0 oiseaux chez les particuliers et conserver celles des parcs.<\/p>\n","protected":false},"excerpt":{"rendered":"La municipalit\u00e9 \u00e9cologiste de Bordeaux assure avoir privil\u00e9gi\u00e9 d\u2019autres postes de d\u00e9penses plus efficaces pour le d\u00e9veloppement de&hellip;\n","protected":false},"author":2,"featured_media":415738,"comment_status":"","ping_status":"","sticky":false,"template":"","format":"standard","meta":{"footnotes":""},"categories":[2817],"tags":[1111,11,1130,1997,1777,674,1011,27,7372,12,2219,4964,25],"class_list":{"0":"post-415737","1":"post","2":"type-post","3":"status-publish","4":"format-standard","5":"has-post-thumbnail","7":"category-bordeaux","8":"tag-actu","9":"tag-actualites","10":"tag-biodiversite","11":"tag-bordeaux","12":"tag-eu","13":"tag-europe","14":"tag-fr","15":"tag-france","16":"tag-mairie-de-bordeaux","17":"tag-news","18":"tag-nouvelle-aquitaine","19":"tag-oiseaux","20":"tag-republique-francaise"},"share_on_mastodon":{"url":"https:\/\/pubeurope.com\/@fr\/115263315977512108","error":""},"_links":{"self":[{"href":"https:\/\/www.europesays.com\/fr\/wp-json\/wp\/v2\/posts\/415737","targetHints":{"allow":["GET"]}}],"collection":[{"href":"https:\/\/www.europesays.com\/fr\/wp-json\/wp\/v2\/posts"}],"about":[{"href":"https:\/\/www.europesays.com\/fr\/wp-json\/wp\/v2\/types\/post"}],"author":[{"embeddable":true,"href":"https:\/\/www.europesays.com\/fr\/wp-json\/wp\/v2\/users\/2"}],"replies":[{"embeddable":true,"href":"https:\/\/www.europesays.com\/fr\/wp-json\/wp\/v2\/comments?post=415737"}],"version-history":[{"count":0,"href":"https:\/\/www.europesays.com\/fr\/wp-json\/wp\/v2\/posts\/415737\/revisions"}],"wp:featuredmedia":[{"embeddable":true,"href":"https:\/\/www.europesays.com\/fr\/wp-json\/wp\/v2\/media\/415738"}],"wp:attachment":[{"href":"https:\/\/www.europesays.com\/fr\/wp-json\/wp\/v2\/media?parent=415737"}],"wp:term":[{"taxonomy":"category","embeddable":true,"href":"https:\/\/www.europesays.com\/fr\/wp-json\/wp\/v2\/categories?post=415737"},{"taxonomy":"post_tag","embeddable":true,"href":"https:\/\/www.europesays.com\/fr\/wp-json\/wp\/v2\/tags?post=415737"}],"curies":[{"name":"wp","href":"https:\/\/api.w.org\/{rel}","templated":true}]}}