{"id":415739,"date":"2025-09-25T05:36:21","date_gmt":"2025-09-25T05:36:21","guid":{"rendered":"https:\/\/www.europesays.com\/fr\/415739\/"},"modified":"2025-09-25T05:36:21","modified_gmt":"2025-09-25T05:36:21","slug":"une-des-plus-hautes-tours-de-toulouse-en-construction-un-chantier-hors-normes","status":"publish","type":"post","link":"https:\/\/www.europesays.com\/fr\/415739\/","title":{"rendered":"Une des plus hautes tours de Toulouse en construction : un chantier hors normes"},"content":{"rendered":"<p>            Par<br \/>\n        <strong><br \/>\n            <a href=\"https:\/\/actu.fr\/auteur\/guillaume-laurens\" title=\"Consulter tous les articles de Guillaume Laurens\" target=\"_blank\" rel=\"noopener\">Guillaume Laurens<\/a><br \/>\n        <\/strong><\/p>\n<p>        Publi\u00e9 le<\/p>\n<p>            25 sept. 2025 \u00e0 7h12        <\/p>\n<p>Avec \u00ab\u00a0quasiment <strong>65 m\u00e8tres\u00a0\u00bb<\/strong>, ce sera <a href=\"https:\/\/actu.fr\/occitanie\/toulouse_31555\/au-bord-du-peripherique-la-tour-altiplano-sera-l-un-des-immeubles-les-plus-hauts-de-toulouse_60413162.html\" target=\"_blank\" rel=\"noopener\">l\u2019une des plus hautes<\/a> de toute la Ville rose. \u00c0 deux pas du p\u00e9riph\u00e9rique et du gigantesque B612, la <strong>Tour Altiplano<\/strong> dominera bient\u00f4t la Piste des G\u00e9ants et s\u2019imposera comme le nouveau rep\u00e8re du quartier champignon de <strong>Montaudran<\/strong>, au sud de <a href=\"https:\/\/actu.fr\/toulouse\/\" target=\"_blank\" rel=\"noopener\">Toulouse<\/a>. Sa construction bat son plein et le r\u00e9sultat promet d\u2019\u00eatre d\u00e9tonant. Reportage.<\/p>\n<p>\u00ab\u00a0Donner un signal\u00a0\u00bb au bout de la Piste des G\u00e9ants<\/p>\n<p class=\" wall-content\">\u00ab\u00a0Install\u00e9e sur une petite parcelle, Altiplano va s\u2019\u00e9lancer pour <strong>donner un signal<\/strong> en bout de piste\u00a0\u00bb, d\u00e9peint <strong>Vincent Prunonosa,<\/strong> architecte associ\u00e9 chez V2S, en ce mois de septembre 2025. \u00ab\u00a0La Tour comptera <strong>19 \u00e9tages,<\/strong> car il y aura deux niveaux de rez-de-chauss\u00e9e et elle offrira <strong>une vue exceptionnelle<\/strong> sur Toulouse\u00a0\u00bb.<\/p>\n<p class=\" wall-content\">\u00ab\u00a0Elle fera le contrepoint de la tour situ\u00e9e de l\u2019autre c\u00f4t\u00e9 de la Piste des G\u00e9ants\u00a0\u00bb, poursuit l\u2019architecte, \u00e9voquant <a href=\"https:\/\/actu.fr\/occitanie\/toulouse_31555\/voici-combien-coute-appart-piscine-sur-toit-tour-openview-toulouse_19111086.html\" target=\"_blank\" rel=\"noopener\"><strong>Openview<\/strong>, l\u2019autre b\u00e2tisse embl\u00e9matique du quartier,<\/a> qui surplombe la place Marcel Bouilloux-Lafont avec sa piscine sur le toit, et fait une dizaine de m\u00e8tres de moins que la future Altiplano.<\/p>\n<p>La 2\u1d49 tour, mais le 3e \u00e9difice le plus haut de Toulouse<\/p>\n<p>D&rsquo;apr\u00e8s nos informations, avec ses 65 m\u00e8tres, Altiplano sera la 2e plus haute de la Ville rose, derri\u00e8re la Tour du Parc de Bagatelle, situ\u00e9e place du Morvan\u2026 \u00e0 deux m\u00e8tres pr\u00e8s ! \u00c0 noter qu&rsquo;un autre \u00e9difice mesure \u00e9galement 67 m\u00e8tres \u00e0 son sommet : la basilique Saint-Sernin et son fameux clocher.<br \/>Tant de monuments qui devraient \u00eatre battus \u00e0 plate couture dans quelques mois, avec la construction annonc\u00e9e de la fameuse Tour Occitanie, dans le quartier Matabiau, qui devrait d\u00e9passer les 150 m\u00e8tres de haut !<\/p>\n<p>Bient\u00f4t 100 ouvriers au quotidien sur place<\/p>\n<p class=\" wall-content\">\u00c0 Montaudran, \u00ab\u00a0les travaux ont vraiment d\u00e9but\u00e9 en avril, et 9 000 m\u00b3 de terrassement ont \u00e9t\u00e9 r\u00e9alis\u00e9s en mai\u00a0\u00bb, retrace <strong>Yves Loustau<\/strong>, responsable du gros \u0153uvre chez Bouygues.\u00a0 Pour l\u2019heure, il n\u2019y a pas \u00e9norm\u00e9ment de monde qui s\u2019active sur place, puisque l\u2019espace de travail est restreint, sur <strong>un plateau de seulement 700 m\u00b2<\/strong> ! Pendant toute la phase de gros \u0153uvre, seuls 25 ouvriers peuvent travailler sur le chantier. Mais d\u00e8s le premier trimestre 2026, ils seront 80 \u00e0 100 en permanence.<\/p>\n<p>    <img   decoding=\"async\" loading=\"lazy\" src=\"https:\/\/www.europesays.com\/fr\/wp-content\/uploads\/2025\/09\/chantier-construction-tour-altiplano-montaudran-toulouse-960x640.jpg\" alt=\"C'est sur un terrain \u00e9troit que les fondations de cette immense tour viennent d'\u00eatre install\u00e9es \u00e0 Montaudran\" width=\"960\" height=\"640\"\/><br \/>\n    C\u2019est sur un terrain \u00e9troit que les fondations de cette immense tour viennent d\u2019\u00eatre install\u00e9es \u00e0 Montaudran (\u00a9G.L. \/ Actu Toulouse)Une grue aux dimensions exceptionnelles<\/p>\n<p class=\" wall-content\">D\u2019un montant total estim\u00e9 \u00e0\u00a0<strong>28 millions d\u2019euros HT,<\/strong> ce chantier chapeaut\u00e9 par le promoteur Linkcity (filiale de Bouygues) est assez atypique.<\/p>\n<p>Votre r\u00e9gion, votre actu !<\/p>\n<p>Recevez chaque jour les infos qui comptent pour vous.<\/p>\n<p>\t<a href=\"https:\/\/actu.fr\/newsletter\" class=\"ac-btn ac-btn--corner ac-btn--medium ac-btn--blue800\" target=\"_blank\" rel=\"noopener\">S&rsquo;incrire<\/a><\/p>\n<p class=\" wall-content\">D\u2019abord parce que derri\u00e8re sa fa\u00e7ade m\u00e9tallique, Altiplano sera en <strong>ossature bois<\/strong>, ce qui est \u00ab\u00a0une vraie sp\u00e9cificit\u00e9, car \u00e0 cette hauteur-l\u00e0, il y en a tr\u00e8s peu en France\u00a0\u00bb, insiste l\u2019architecte. Pour cette raison, la tour sortira de terre en un temps record, plusieurs \u00e9l\u00e9ments \u00e9tant directement construits et assembl\u00e9s en usine \u2014 y compris les salles de bains, pr\u00e9fabriqu\u00e9es hors site \u2014.<\/p>\n<p class=\" wall-content\">Autre particularit\u00e9 : \u00ab\u00a0Une <strong>grue de 80 m\u00e8tres<\/strong> <strong>de haut<\/strong> a d\u00fb \u00eatre scell\u00e9e sur place, avec une fondation sp\u00e9ciale et des pieux\u00a0\u00bb, d\u00e9taille Yves Loustau. \u00ab\u00a0C\u2019est une grue exceptionnelle, comme on n\u2019en voit jamais dans la r\u00e9gion\u00a0\u00bb.<\/p>\n<p class=\" wall-content\">\u00c0 noter enfin que par mesure de s\u00e9curit\u00e9, <strong>deux ascenseurs de chantier<\/strong> seront install\u00e9s pour monter et descendre les ouvriers comme le mat\u00e9riel, pendant la dur\u00e9e des travaux.<\/p>\n<p>    <img   decoding=\"async\" loading=\"lazy\" src=\"https:\/\/www.europesays.com\/fr\/wp-content\/uploads\/2025\/09\/chantier-construction-tour-altiplano-montaudran-toulouse-u2-960x640.jpg\" alt=\"Apr\u00e8s la grue de 80 m\u00e8tres de haut, c'est une vue sur la Piste des G\u00e9ants qui attend la Tour Altiplano\" width=\"960\" height=\"640\"\/><br \/>\n    Apr\u00e8s la grue de 80 m\u00e8tres de haut, c\u2019est une vue sur la Piste des G\u00e9ants qui attend la Tour Altiplano (\u00a9G.L. \/ Actu Toulouse)Que trouvera-t-on dans Altiplano ?<\/p>\n<p class=\" wall-content\">Altiplano comprendra la tour en elle-m\u00eame, qui sera d\u00e9di\u00e9e \u00ab\u00a0au coliving\u00a0\u00bb, et un immeuble de bureaux. Tous deux seront reli\u00e9s par une arche. Le tout fera <strong>18 266 m\u00b2 de surface de plancher.<\/strong><\/p>\n<p class=\" wall-content\">D\u2019un c\u00f4t\u00e9,\u00a0Altiplano sera \u00ab une <strong>r\u00e9sidence haut de gamme \u00bb,<\/strong> comprenant <strong>390 logements<\/strong> pour \u00ab jeunes actifs et \u00e9tudiants \u00bb, mais aussi bar, salles de sport, cuisine partag\u00e9e, terrasse rooftop, et commerce de bouche ou de services au rez-de-chauss\u00e9e.<\/p>\n<p class=\" wall-content\">De l\u2019autre, on trouvera <strong>un immeuble tertiaire de 6 500 m\u00b2<\/strong> qui disposera d\u2019un <strong>toit terrasse v\u00e9g\u00e9talis\u00e9<\/strong> d\u2019environ 2 000 m\u00b2.<\/p>\n<p class=\" wall-content\">Au dernier \u00e9tage, l\u2019arche de bureaux viendra donc se connecter \u00e0 la tour surplombant la piste, \u00e0 pr\u00e8s de <strong>15 m\u00e8tres du sol.<\/strong> Sous cette arche passera <strong>un escalier monumental v\u00e9g\u00e9talis\u00e9<\/strong> de 25 m\u00e8tres de large, et huit de d\u00e9nivel\u00e9, qui connectera le projet au campus d\u2019innovation de Montaudran Aerospace, avec le fameux B612.<\/p>\n<p>    <img   decoding=\"async\" loading=\"lazy\" src=\"https:\/\/www.europesays.com\/fr\/wp-content\/uploads\/2025\/08\/03-altiplano-lotoarchilab-960x64-1-960x640.jpg\" alt=\"La construction d\u00e9finitive devrait relier une partie r\u00e9sidence \u00e0 une zone tertiaire.\" width=\"960\" height=\"640\"\/><br \/>\n    La r\u00e9sidence haut de gamme (dans la tour) sera reli\u00e9e \u00e0 l\u2019immeuble tertiaire par une arche de bureaux. (\u00a9V2S Architectes)\u00ab\u00a0La Tour Altiplano est un bon exemple\u00a0\u00bb, dit Jean-Luc Moudenc<\/p>\n<p class=\" wall-content\">\u00ab\u00a0Ce sera une grande et belle tour\u00a0\u00bb, sourit <strong>Jean-Luc Moudenc<\/strong>, qui appelle de ses v\u0153ux un <strong>urbanisme davantage vertical<\/strong> \u00e0 Toulouse pour \u00ab\u00a0consommer moins de foncier\u00a0\u00bb. Dans l\u2019imaginaire collectif, observe le maire (DVD) de la Ville rose, \u00ab\u00a0les tours sont souvent associ\u00e9es \u00e0 un <strong>habitat p\u00e9nible<\/strong> et <strong>qui a mal tourn\u00e9\u00a0\u00bb,<\/strong> mais l\u2019\u00e9dile veut croire que l\u2019am\u00e9nagement en cours \u00e0 Montaudran Aerospace a des arguments pour convaincre ses concitoyens :<\/p>\n<blockquote class=\"ac-article-quote wall-content\">\n<p>Seule une grande qualit\u00e9 architecturale et une forte v\u00e9g\u00e9talisation peuvent rendre la hauteur acceptable. Je plaide pour cela depuis des ann\u00e9es et la Tour Altiplano est un bon exemple.<\/p>\n<p>    <strong>Jean-Luc Moudenc<\/strong><br \/>\n        Maire (DVD) de Toulouse et pr\u00e9sident de la M\u00e9tropole    <\/p><\/blockquote>\n<p>    <img   decoding=\"async\" loading=\"lazy\" src=\"https:\/\/www.europesays.com\/fr\/wp-content\/uploads\/2025\/09\/tour-altiplano-toulouse-vue-passerelle-960x640.jpg\" alt=\"Implant\u00e9e sur une petite parcelle, la Tour Altiplano devrait \u00eatre bien v\u00e9g\u00e9talis\u00e9e en bas, mais aussi en toiture\" width=\"960\" height=\"640\"\/><br \/>\n    Implant\u00e9e sur une petite parcelle, la Tour Altiplano devrait \u00eatre bien v\u00e9g\u00e9talis\u00e9e en bas, mais aussi en toiture (\u00a9Linkcity)La tour sera \u00e9rig\u00e9e dans un an<\/p>\n<p class=\" wall-content\">Pendant la phase de gros \u0153uvre, le chantier avancera assez discr\u00e8tement, mais on pourra tr\u00e8s rapidement apercevoir la <strong>perspective finale<\/strong> d\u2019Altiplano. D\u00e8s le d\u00e9but 2026, la tour devrait \u00ab\u00a0monter tr\u00e8s vite\u00a0\u00bb, sous le nez des automobilistes qui empruntent quotidiennement le p\u00e9riph\u00e9rique, puisqu\u2019elle devrait <strong>gagner un \u00e9tage<\/strong> toutes les deux semaines !<\/p>\n<p class=\" wall-content\">Fin septembre 2026, la tour pr\u00e9sentera son aspect g\u00e9n\u00e9ral. S\u2019ensuivront les travaux de finition pendant plusieurs mois, avant une livraison attendue pour le mois de <strong>juin 2027<\/strong>.<\/p>\n<p>Altiplano, un clin d\u2019\u0153il \u00e0 l\u2019histoire<\/p>\n<p class=\" wall-content\">Le nom de cette tour rend hommage \u00e0 <strong>Altiplano<\/strong>, le <strong>plus haut plateau du P\u00e9rou<\/strong>, au c\u0153ur de la cordill\u00e8re des Andes, dans un pays qui \u00e9tait une destination phare de <strong>l\u2019A\u00e9ropostale.<\/strong><\/p>\n<p class=\" wall-content\">Ce projet d\u2019immeuble g\u00e9ant \u00e0 Montaudran \u00e9tait dans les cartons depuis belle lurette. D\u2019abord baptis\u00e9 \u00ab\u00a0Fen\u00eatre sur Piste\u00a0\u00bb, il devait initialement mesurer <strong>100 m\u00e8tres de haut<\/strong>. Mais <a href=\"https:\/\/actu.fr\/occitanie\/toulouse_31555\/toulouse-en-2020-toujours-pas-de-candidat-pour-construire-la-tour-de-100-metres-a-montaudran_3561292.html\" target=\"_blank\" rel=\"noopener\">comme Actu Toulouse l\u2019indiquait il y a tout juste dix ans<\/a>, aucun candidat ne s\u2019\u00e9tant manifest\u00e9, il avait finalement \u00e9t\u00e9 rabot\u00e9.<\/p>\n<p>    <img   decoding=\"async\" loading=\"lazy\" src=\"https:\/\/www.europesays.com\/fr\/wp-content\/uploads\/2025\/09\/tour-altiplano-toulouse-montaudran-960x640.jpg\" alt=\"La construction de la tour Altiplano, haute de 18 \u00e9tages, a d\u00e9but\u00e9 dans le quartier Montaudran \u00e0 Toulouse\" width=\"960\" height=\"640\"\/><br \/>\n    Une perspective de la tour Altiplano, qui dominera bient\u00f4t la Piste des G\u00e9ants dans le quartier Montaudran \u00e0 Toulouse (\u00a9KCAP \/ V2S Architectes)<\/p>\n<p class=\" wall-content\">Personnalisez votre actualit\u00e9 en ajoutant vos villes et m\u00e9dias en favori avec <a href=\"https:\/\/moncompte.actu.fr\" title=\"D\u00e9couvez Mon Actu\" rel=\"nofollow noopener\" data-trk=\"{&quot;cta&quot;:{&quot;action&quot;:&quot;https:\\\/\\\/moncompte.actu.fr&quot;,&quot;category&quot;:&quot;mon compte&quot;,&quot;from&quot;:&quot;article footer&quot;,&quot;name&quot;:&quot;Mon actu&quot;,&quot;type&quot;:&quot;cta&quot;}}\" target=\"_blank\">Mon Actu<\/a>.<\/p>\n","protected":false},"excerpt":{"rendered":"Par Guillaume Laurens Publi\u00e9 le 25 sept. 2025 \u00e0 7h12 Avec \u00ab\u00a0quasiment 65 m\u00e8tres\u00a0\u00bb, ce sera l\u2019une des&hellip;\n","protected":false},"author":2,"featured_media":415740,"comment_status":"","ping_status":"","sticky":false,"template":"","format":"standard","meta":{"footnotes":""},"categories":[2816],"tags":[1111,11,1777,674,1011,27,12,2680,25,104,2312,1090,1352],"class_list":{"0":"post-415739","1":"post","2":"type-post","3":"status-publish","4":"format-standard","5":"has-post-thumbnail","7":"category-toulouse","8":"tag-actu","9":"tag-actualites","10":"tag-eu","11":"tag-europe","12":"tag-fr","13":"tag-france","14":"tag-news","15":"tag-occitanie","16":"tag-republique-francaise","17":"tag-societe","18":"tag-toulouse","19":"tag-toulouse-metropole","20":"tag-urbanisme"},"share_on_mastodon":{"url":"https:\/\/pubeurope.com\/@fr\/115263320366781413","error":""},"_links":{"self":[{"href":"https:\/\/www.europesays.com\/fr\/wp-json\/wp\/v2\/posts\/415739","targetHints":{"allow":["GET"]}}],"collection":[{"href":"https:\/\/www.europesays.com\/fr\/wp-json\/wp\/v2\/posts"}],"about":[{"href":"https:\/\/www.europesays.com\/fr\/wp-json\/wp\/v2\/types\/post"}],"author":[{"embeddable":true,"href":"https:\/\/www.europesays.com\/fr\/wp-json\/wp\/v2\/users\/2"}],"replies":[{"embeddable":true,"href":"https:\/\/www.europesays.com\/fr\/wp-json\/wp\/v2\/comments?post=415739"}],"version-history":[{"count":0,"href":"https:\/\/www.europesays.com\/fr\/wp-json\/wp\/v2\/posts\/415739\/revisions"}],"wp:featuredmedia":[{"embeddable":true,"href":"https:\/\/www.europesays.com\/fr\/wp-json\/wp\/v2\/media\/415740"}],"wp:attachment":[{"href":"https:\/\/www.europesays.com\/fr\/wp-json\/wp\/v2\/media?parent=415739"}],"wp:term":[{"taxonomy":"category","embeddable":true,"href":"https:\/\/www.europesays.com\/fr\/wp-json\/wp\/v2\/categories?post=415739"},{"taxonomy":"post_tag","embeddable":true,"href":"https:\/\/www.europesays.com\/fr\/wp-json\/wp\/v2\/tags?post=415739"}],"curies":[{"name":"wp","href":"https:\/\/api.w.org\/{rel}","templated":true}]}}