{"id":415745,"date":"2025-09-25T05:40:12","date_gmt":"2025-09-25T05:40:12","guid":{"rendered":"https:\/\/www.europesays.com\/fr\/415745\/"},"modified":"2025-09-25T05:40:12","modified_gmt":"2025-09-25T05:40:12","slug":"a-la-mosquee-des-bleuets-liman-se-dit-pret-a-un-bras-de-fer","status":"publish","type":"post","link":"https:\/\/www.europesays.com\/fr\/415745\/","title":{"rendered":"\u00c0 la mosqu\u00e9e des Bleuets, l\u2019iman se dit \u00ab\u00a0pr\u00eat \u00e0 un bras de fer\u00a0\u00bb"},"content":{"rendered":"<p>\u00ab\u00a0Je revois les m\u00eames visages et les m\u00eames journalistes qu\u2019il y a un an\u00a0\u00bb, soupire l\u2019un des avocats. En septembre\u00a02024, la pr\u00e9fecture avait <a href=\"https:\/\/www.laprovence.com\/article\/region\/507266952815314\/la-mosquee-des-bleuets-a-marseille-de-nouveau-menacee-de-fermeture\" target=\"_blank\" rel=\"noopener\">d\u00e9j\u00e0 tent\u00e9 de faire fermer la mosqu\u00e9e des Bleuets<\/a> pour \u00ab\u00a0provocation \u00e0 la haine, \u00e0 la violence et \u00e0 la discrimination\u00a0\u00bb, avant d\u2019y renoncer trois semaines de temp\u00eate m\u00e9diatique plus tard. Depuis jeudi dernier, l\u2019histoire semble b\u00e9gayer, avec <a href=\"https:\/\/www.laprovence.com\/article\/region\/507266952815314\/la-mosquee-des-bleuets-a-marseille-de-nouveau-menacee-de-fermeture\" target=\"_blank\" rel=\"noopener\">la r\u00e9ception d\u2019un nouveau courrier pr\u00e9fectora<\/a>l (une notification d\u2019engagement de proc\u00e9dure contradictoire en vue d\u2019une fermeture administrative) qui laisse dix jours \u00e0 l\u2019\u00e9quipe des Bleuets pour se mettre en conformit\u00e9. Mais si l\u2019an dernier le religieux et ses avocats s\u2019\u00e9taient \u00ab\u00a0montr\u00e9s ouverts au dialogue ou \u00e0 une mise en retrait de l\u2019imam\u00a0\u00bb, la conf\u00e9rence de presse qui se tenait hier dans le lieu de culte du 13e arrondissement \u00e9tait le point de d\u00e9part d'\u00a0\u00bbun bras de fer\u00a0\u00bb.<\/p>\n<p>\u00ab\u00a0Un acharnement politique\u00a0\u00bb<\/p>\n<p>Devant des fid\u00e8les mais aussi quelques \u00e9lus de gauche (notamment le d\u00e9put\u00e9 LFI S\u00e9bastien Delogu et la conseill\u00e8re municipale EELV Nouriati Djambae) et des militants antiracistes, <a href=\"https:\/\/www.laprovence.com\/article\/region\/1393770770296515\/limam-de-la-mosquee-des-bleuets-a-marseille-la-crainte-que-l-on-a-c-est-que-nos-propos-soient-devoyes\" target=\"_blank\" rel=\"noopener\">l\u2019imam Sma\u00efn Bendjilali<\/a> et ses conseils ont d\u00e9nonc\u00e9 \u00ab\u00a0un acharnement politique\u00a0\u00bb et ont dit \u00ab\u00a0avoir les outils juridiques et intellectuels\u00a0\u00bb pour contredire la d\u00e9cision du pr\u00e9fet.<\/p>\n<p>Car pour les avocats, le courrier pr\u00e9fectoral \u00ab\u00a0repose sur pas grand-chose\u00a0\u00bb. \u00ab\u00a0Il n\u2019y a rien sur des propos tenus dans cette mosqu\u00e9e. 98% de ce qui est notifi\u00e9 rel\u00e8ve de publications sur les r\u00e9seaux sociaux, datant de plus d\u2019un an, \u00e9num\u00e8re Me\u00a0Guez Guez, avocat de l\u2019association. Il est \u00e9galement reproch\u00e9 des citations du proph\u00e8te contenues dans un livre offert aux fid\u00e8les. Des textes par nature polys\u00e9miques, et dont le pr\u00e9fet fait une interpr\u00e9tation extr\u00eame, ce que ne fait pas l\u2019imam. Si des choses sont r\u00e9pr\u00e9hensibles par la loi, que le pr\u00e9fet les signale aux juges. Mais nous ne sommes pas l\u00e0 pour avoir des conversations th\u00e9ologiques avec le repr\u00e9sentant de l\u2019\u00c9tat.\u00a0\u00bb<\/p>\n<p>\u00ab\u00a0Les musulmans ont le droit \u00e0 la critique, \u00e0 l\u2019indignation\u00a0\u00bb<\/p>\n<p>L\u2019imam rappelle \u00ab\u00a0avoir obtenu son dipl\u00f4me de la\u00efcit\u00e9\u00a0\u00bb et se dit \u00ab\u00a0pr\u00eat \u00e0 cette nouvelle \u00e9preuve\u00a0\u00bb. \u00ab\u00a0On ne peut pas punir tous les fid\u00e8les et fermer un lieu qui rassemble tous les habitants du quartier, musulmans ou pas, pour des motifs bassement politiques, argue-t-il. Malgr\u00e9 les r\u00e9quisitions du procureur, le juge m\u2019a autoris\u00e9 \u00e0 animer les pr\u00eaches (Sma\u00efn Bendjilali a \u00e9t\u00e9 condamn\u00e9 en premi\u00e8re instance pour \u00ab\u00a0apologie du terrorisme\u00a0\u00bb, en mai dernier, d\u00e9cision dont il a fait appel, NDLR) et j\u2019aimerais donc que le pr\u00e9fet respecte l\u2019\u00e9tat de droit.\u00a0\u00bb<\/p>\n<p><img alt=\"Devant des fid\u00e8les mais aussi quelques \u00e9lus de gauche (notamment le d\u00e9put\u00e9 LFI S\u00e9bastien Delogu et la conseill\u00e8re municipale EELV Nouriati Djambae) et des militants antiracistes, l\u2019imam Sma\u00efn Bendjilali et ses conseils ont d\u00e9nonc\u00e9 &quot;un acharnement...\" loading=\"lazy\" decoding=\"async\" data-nimg=\"fill\" class=\" TwicCore_img__i9TC1 undefined  undefined\" style=\"position:absolute;height:100%;width:100%;left:0;top:0;right:0;bottom:0;color:transparent;background-size:cover;background-position:50% 50%;background-repeat:no-repeat;background-image:url(&quot;data:image\/svg+xml;charset=utf-8,%3Csvg xmlns='http:\/\/www.w3.org\/2000\/svg' %3E%3Cfilter id='b' color-interpolation-filters='sRGB'%3E%3CfeGaussianBlur stdDeviation='20'\/%3E%3CfeColorMatrix values='1 0 0 0 0 0 1 0 0 0 0 0 1 0 0 0 0 0 100 -1' result='s'\/%3E%3CfeFlood x='0' y='0' width='100%25' height='100%25'\/%3E%3CfeComposite operator='out' in='s'\/%3E%3CfeComposite in2='SourceGraphic'\/%3E%3CfeGaussianBlur stdDeviation='20'\/%3E%3C\/filter%3E%3Cimage width='100%25' height='100%25' x='0' y='0' preserveAspectRatio='none' style='filter: url(%23b);' href='https:\/\/pictures.laprovence.com\/cdn-cgi\/image\/blur=250\/media\/melody\/2025\/09\/25\/manifestation-et-conference-de-presse-a-la-mosquee-des-bleuets-a-marseille-avec-l-imam-ismail-240925-1758777595_938dcd7e24d86978dcd7e24d87b8dcv_.jpg'\/%3E%3C\/svg%3E&quot;)\"   src=\"https:\/\/www.europesays.com\/fr\/wp-content\/uploads\/2025\/09\/manifestation-et-conference-de-presse-a-la-mosquee-des-bleuets-a-marseille-avec-l-imam-ismail-240925.jpeg\"\/>Devant des fid\u00e8les mais aussi quelques \u00e9lus de gauche (notamment le d\u00e9put\u00e9 LFI S\u00e9bastien Delogu et la conseill\u00e8re municipale EELV Nouriati Djambae) et des militants antiracistes, l\u2019imam Sma\u00efn Bendjilali et ses conseils ont d\u00e9nonc\u00e9 \u00ab\u00a0un acharnement&#8230; \/ Photo Gilles Bader<\/p>\n<p>Pour ses avocats, comme pour l\u2019imam, la d\u00e9cision pr\u00e9fectorale est une \u00ab\u00a0mission\u00a0\u00bb, command\u00e9e par le minist\u00e8re de l\u2019Int\u00e9rieur. \u00ab\u00a0L\u2019imam a questionn\u00e9 une certaine &lsquo;islamophobie institutionnelle&rsquo; ou a t\u00e9moign\u00e9 son soutien au peuple palestinien face au r\u00e9gime colonial isra\u00e9lien, reprend Me\u00a0Chekkat. Il a simplement exprim\u00e9 sa libert\u00e9 d\u2019expression. Les musulmans ont le droit \u00e0 la critique, \u00e0 l\u2019indignation\u2026 On ne demande pas de traitement de faveur mais le droit \u00e0 s\u2019exprimer. Un musulman mod\u00e9r\u00e9 ne peut pas \u00eatre synonyme de musulman domestiqu\u00e9.\u00a0\u00bb<\/p>\n<p>La proc\u00e9dure contradictoire prendra fin le 28\u00a0septembre. Le pr\u00e9fet pourra alors ordonner une fermeture temporaire (pour deux mois) par arr\u00eat\u00e9. Un acte qui fera \u00ab\u00a0imm\u00e9diatement l\u2019objet d\u2019un r\u00e9f\u00e9r\u00e9-libert\u00e9 devant le tribunal administratif\u00a0\u00bb, promettent les trois avocats, qui repr\u00e9senteront alors l\u2019imam, l\u2019association et les fid\u00e8les. \u00ab\u00a0Nous nous battrons contre cette d\u00e9cision, l\u2019accepter serait accepter que l\u2019opprobre soit d\u00e9finitivement jet\u00e9e sur la mosqu\u00e9e des Bleuets, boucle Me\u00a0Guez Guez. Nous avons cru que cette ann\u00e9e \u00e9tait celle de l\u2019apaisement et nous n\u2019accepterons pas cette punition collective.\u00a0\u00bb<\/p>\n<p>Si elle a bien confirm\u00e9 la proc\u00e9dure en cours, la pr\u00e9fecture n\u2019a pas souhait\u00e9, pour l\u2019heure, \u00e9voquer les raisons pr\u00e9cises qui la motivent.<\/p>\n","protected":false},"excerpt":{"rendered":"\u00ab\u00a0Je revois les m\u00eames visages et les m\u00eames journalistes qu\u2019il y a un an\u00a0\u00bb, soupire l\u2019un des avocats.&hellip;\n","protected":false},"author":2,"featured_media":415746,"comment_status":"","ping_status":"","sticky":false,"template":"","format":"standard","meta":{"footnotes":""},"categories":[2814],"tags":[17,1111,11,31274,154,2827,1777,674,1011,27,54615,884,14577,12,468,882,16,25],"class_list":{"0":"post-415745","1":"post","2":"type-post","3":"status-publish","4":"format-standard","5":"has-post-thumbnail","7":"category-marseille","8":"tag-17","9":"tag-actu","10":"tag-actualites","11":"tag-bleuets","12":"tag-des","13":"tag-dit","14":"tag-eu","15":"tag-europe","16":"tag-fr","17":"tag-france","18":"tag-limam","19":"tag-marseille","20":"tag-mosquee","21":"tag-news","22":"tag-pret","23":"tag-provence-alpes-cote-dazur","24":"tag-region","25":"tag-republique-francaise"},"share_on_mastodon":{"url":"https:\/\/pubeurope.com\/@fr\/115263335636446408","error":""},"_links":{"self":[{"href":"https:\/\/www.europesays.com\/fr\/wp-json\/wp\/v2\/posts\/415745","targetHints":{"allow":["GET"]}}],"collection":[{"href":"https:\/\/www.europesays.com\/fr\/wp-json\/wp\/v2\/posts"}],"about":[{"href":"https:\/\/www.europesays.com\/fr\/wp-json\/wp\/v2\/types\/post"}],"author":[{"embeddable":true,"href":"https:\/\/www.europesays.com\/fr\/wp-json\/wp\/v2\/users\/2"}],"replies":[{"embeddable":true,"href":"https:\/\/www.europesays.com\/fr\/wp-json\/wp\/v2\/comments?post=415745"}],"version-history":[{"count":0,"href":"https:\/\/www.europesays.com\/fr\/wp-json\/wp\/v2\/posts\/415745\/revisions"}],"wp:featuredmedia":[{"embeddable":true,"href":"https:\/\/www.europesays.com\/fr\/wp-json\/wp\/v2\/media\/415746"}],"wp:attachment":[{"href":"https:\/\/www.europesays.com\/fr\/wp-json\/wp\/v2\/media?parent=415745"}],"wp:term":[{"taxonomy":"category","embeddable":true,"href":"https:\/\/www.europesays.com\/fr\/wp-json\/wp\/v2\/categories?post=415745"},{"taxonomy":"post_tag","embeddable":true,"href":"https:\/\/www.europesays.com\/fr\/wp-json\/wp\/v2\/tags?post=415745"}],"curies":[{"name":"wp","href":"https:\/\/api.w.org\/{rel}","templated":true}]}}