{"id":415747,"date":"2025-09-25T05:41:12","date_gmt":"2025-09-25T05:41:12","guid":{"rendered":"https:\/\/www.europesays.com\/fr\/415747\/"},"modified":"2025-09-25T05:41:12","modified_gmt":"2025-09-25T05:41:12","slug":"nestore-acteur-du-pop-up-en-france-arrive-a-marseille","status":"publish","type":"post","link":"https:\/\/www.europesays.com\/fr\/415747\/","title":{"rendered":"Nestore, acteur du pop-up en France, arrive \u00e0 Marseille"},"content":{"rendered":"<p><img loading=\"lazy\" decoding=\"async\" alt=\"\u00a9 Nestore\/C. Chauvin - Mathieu Grandjean est pass\u00e9 par Unibail-Rodamco, premier groupe cot\u00e9 de l'immobilier commercial au monde, avant de co-fonder Nestore.\" data-zoom-src=\"https:\/\/www.europesays.com\/fr\/wp-content\/uploads\/2025\/09\/initial-nestore-marseille-pop-up-store.jpg\" data-zoomable=\"\" height=\"702\" src=\"https:\/\/www.europesays.com\/fr\/wp-content\/uploads\/2025\/09\/initial-nestore-marseille-pop-up-store.jpg\" width=\"1248\"\/>  <\/p>\n<p class=\"article-desc\">\u00a9 Nestore\/C. Chauvin &#8211; Mathieu Grandjean est pass\u00e9 par Unibail-Rodamco, premier groupe cot\u00e9 de l&rsquo;immobilier commercial au monde, avant de co-fonder Nestore. <\/p>\n<p>Co-fond\u00e9e en 2016 \u00e0 Paris par deux copains de promo HEC, <a href=\"https:\/\/www.linkedin.com\/in\/mathieu-grandjean-91a69a29\/\" rel=\"noopener\" target=\"_blank\">Mathieu Grandjean<\/a> et <a href=\"https:\/\/www.linkedin.com\/in\/jerome-sussfeld-63057812\/\" rel=\"noopener\" target=\"_blank\">J\u00e9r\u00f4me Sussfeld<\/a>, <a href=\"https:\/\/www.nestore.com\/\" rel=\"noopener\" target=\"_blank\">Nestore<\/a> a essaim\u00e9 en une dizaine d\u2019ann\u00e9es \u00e0 Lille, Lyon et Bordeaux. D\u00e9sormais, seul \u00e0 la barre, Mathieu Grandjean vise le Sud et s\u2019offre Marseille comme premi\u00e8re adresse. <\/p>\n<p>Le pop-up store, vrai mod\u00e8le \u00e9conomique de Nestore <\/p>\n<p>Cette vision du <strong>commerce \u00e9ph\u00e9m\u00e8re<\/strong> renferme bien des atouts. Une jeune marque 2.0 peut y tester son concept. Une autre peut tenter l\u2019aventure hors de son territoire. Quand une signature ultra connue s\u2019en sert aussi pour cr\u00e9er le buzz, durant quelques jours, avec des<strong> produits collectors<\/strong>. <\/p>\n<p>Le pop-up est utile \u00e0 beaucoup de profils et permet de limiter les prises de risque. Mathieu Grandjean l\u2019a bien compris en cr\u00e9ant Nestore, sa vision du commerce. Il loue ainsi 25 boutiques \u00e0 des bailleurs, qu\u2019il sous-loue ensuite \u00e0 des marques. L\u2019entreprise poss\u00e8de diff\u00e9rentes tailles (de 30 \u00e0 150 m2) et agencements dans les villes de son r\u00e9seau.<\/p>\n<p> <img decoding=\"async\" alt=\"\" class=\"img-align-center\" data-zoomable=\"\" height=\"683\" loading=\"lazy\" src=\"https:\/\/www.europesays.com\/fr\/wp-content\/uploads\/2025\/09\/nestore-marseille-nestore-cchauvin.jpg\" width=\"1024\"\/> \u00a9 Nestore\/C. Chauvin &#8211; Nestore affiche un taux d\u2019occupation de ses boutiques de 80 %. Un d\u00e9veloppement de Nestore \u00e0 venir dans le grand Sud <\/p>\n<p>Nestore pense d\u00e9j\u00e0 \u00e0 ouvrir une autre adresse marseillaise. Toulouse est aussi dans le viseur. Il faut bien avouer que cette premi\u00e8re adresse phoc\u00e9enne, en bas de la Canebi\u00e8re, en face du m\u00e9tro Vieux-Port et voisin de l\u2019h\u00f4tel Beauvau, est une vraie p\u00e9pite. D\u2019une surface de 132 m2 elle se loue quelques jours, ou quelques mois. A titre informatif, la location \u00e0 la semaine co\u00fbte 5\u00a0000 \u20ac (ou 2\u00a0000 \u20ac\/jour). <\/p>\n<p>Le plus de la formule ? Une visite myst\u00e8re de la boutique est comprise dans le prix pour faire un retour sur le marketing de l\u2019offre\u2026 et un syst\u00e8me de comptage permet de <strong>conna\u00eetre le trafic en temps r\u00e9el<\/strong>. De quoi faire son \u00e9tude de march\u00e9 et affiner si besoin son concept commercial\u2026 <\/p>\n<p>Guettez bien cette nouvelle double vitrine du Vieux-Port ! Dans les prochains jours, elle devrait accueillir un pop-up store d\u00e9di\u00e9 \u00e0 la <strong>sneaker<\/strong>&#8230;<\/p>\n","protected":false},"excerpt":{"rendered":"\u00a9 Nestore\/C. Chauvin &#8211; Mathieu Grandjean est pass\u00e9 par Unibail-Rodamco, premier groupe cot\u00e9 de l&rsquo;immobilier commercial au monde,&hellip;\n","protected":false},"author":2,"featured_media":415748,"comment_status":"","ping_status":"","sticky":false,"template":"","format":"standard","meta":{"footnotes":""},"categories":[2814],"tags":[1111,11,7227,2855,313,1777,674,1011,27,884,12,29648,882,25],"class_list":{"0":"post-415747","1":"post","2":"type-post","3":"status-publish","4":"format-standard","5":"has-post-thumbnail","7":"category-marseille","8":"tag-actu","9":"tag-actualites","10":"tag-commerces","11":"tag-entrepreneuriat","12":"tag-entreprises","13":"tag-eu","14":"tag-europe","15":"tag-fr","16":"tag-france","17":"tag-marseille","18":"tag-news","19":"tag-pop-up-store","20":"tag-provence-alpes-cote-dazur","21":"tag-republique-francaise"},"share_on_mastodon":{"url":"https:\/\/pubeurope.com\/@fr\/115263339523751281","error":""},"_links":{"self":[{"href":"https:\/\/www.europesays.com\/fr\/wp-json\/wp\/v2\/posts\/415747","targetHints":{"allow":["GET"]}}],"collection":[{"href":"https:\/\/www.europesays.com\/fr\/wp-json\/wp\/v2\/posts"}],"about":[{"href":"https:\/\/www.europesays.com\/fr\/wp-json\/wp\/v2\/types\/post"}],"author":[{"embeddable":true,"href":"https:\/\/www.europesays.com\/fr\/wp-json\/wp\/v2\/users\/2"}],"replies":[{"embeddable":true,"href":"https:\/\/www.europesays.com\/fr\/wp-json\/wp\/v2\/comments?post=415747"}],"version-history":[{"count":0,"href":"https:\/\/www.europesays.com\/fr\/wp-json\/wp\/v2\/posts\/415747\/revisions"}],"wp:featuredmedia":[{"embeddable":true,"href":"https:\/\/www.europesays.com\/fr\/wp-json\/wp\/v2\/media\/415748"}],"wp:attachment":[{"href":"https:\/\/www.europesays.com\/fr\/wp-json\/wp\/v2\/media?parent=415747"}],"wp:term":[{"taxonomy":"category","embeddable":true,"href":"https:\/\/www.europesays.com\/fr\/wp-json\/wp\/v2\/categories?post=415747"},{"taxonomy":"post_tag","embeddable":true,"href":"https:\/\/www.europesays.com\/fr\/wp-json\/wp\/v2\/tags?post=415747"}],"curies":[{"name":"wp","href":"https:\/\/api.w.org\/{rel}","templated":true}]}}