{"id":415749,"date":"2025-09-25T05:42:27","date_gmt":"2025-09-25T05:42:27","guid":{"rendered":"https:\/\/www.europesays.com\/fr\/415749\/"},"modified":"2025-09-25T05:42:27","modified_gmt":"2025-09-25T05:42:27","slug":"le-maire-de-lyon-gregory-doucet-veut-experimenter-lencadrement-des-loyers-commerciaux","status":"publish","type":"post","link":"https:\/\/www.europesays.com\/fr\/415749\/","title":{"rendered":"le maire de Lyon Gr\u00e9gory Doucet veut exp\u00e9rimenter l&rsquo;encadrement des loyers commerciaux"},"content":{"rendered":"<p itemprop=\"description\"><strong>A quelques mois du 1er tour des \u00e9lections municipales, Gr\u00e9gory Doucet a-t-il trouv\u00e9 la parade \u00e0 la crise des commerces du centre-ville ?<\/strong><\/p>\n<p>Avec le maire de Bordeaux Pierre Hurmic, l&rsquo;\u00e9dile lyonnais a sign\u00e9 un courrier adress\u00e9 au Premier ministre S\u00e9bastien Lecornu.<\/p>\n<p>Dans cette missive, les deux premiers magistrats \u00e9cologistes r\u00e9clament le droit d&rsquo;exp\u00e9rimenter un encadrement des loyers commerciaux dans leur ville.<\/p>\n<p>Gr\u00e9gory Doucet, comme Pierre Hurmic, estime avoir fait tout ce qui \u00e9tait en son pouvoir pour tenter de sauver les commerces. \u00ab\u00a0A pr\u00e9sent, nous ne pouvons plus agir seuls sur l&rsquo;un des facteurs les plus p\u00e9nalisants pour le commerce ind\u00e9pendant : le niveau des loyers commerciaux\u00a0\u00bb, \u00e9crivent-ils, d\u00e9non\u00e7ant des loyers \u00ab\u00a0totalement d\u00e9connect\u00e9s de la r\u00e9alit\u00e9 \u00e9conomique\u00a0\u00bb dans les rues les plus commer\u00e7antes des centre-villes.<\/p>\n<p>Cette exp\u00e9rimentation dont Gr\u00e9gory Doucet r\u00e9clame le droit de la lancer \u00e0 Lyon serait le prolongement de l&rsquo;encadrement des loyers d&rsquo;habitation initi\u00e9 par la M\u00e9tropole \u00ab\u00a0et dont les r\u00e9sultats sont aujourd&rsquo;hui jug\u00e9s tr\u00e8s encourageants\u00a0\u00bb.<\/p>\n<p>La Ville de Lyon imagine un dispositif s&rsquo;appuyant \u00ab\u00a0sur des valeurs de r\u00e9f\u00e9rence \u00e9tablies par la pr\u00e9fecture, en lien avec un observatoire ind\u00e9pendant\u00a0\u00bb. Selon elle, cela ne figerait pas le march\u00e9 mais \u00ab\u00a0redonnerait de l&rsquo;oxyg\u00e8ne aux commer\u00e7ants et restaurerait des \u00e9quilibres viables dans les zones les plus tendues\u00a0\u00bb.<\/p>\n<p>Reste \u00e0 savoir si S\u00e9bastien Lecornu acceptera de laisser Lyon et Bordeaux lancer cet encadrement des loyers commerciaux, qualifi\u00e9 de \u00ab\u00a0r\u00e9ponse concr\u00e8te, pragmatique et adapt\u00e9e \u00e0 la situation d&rsquo;urgence\u00a0\u00bb par les maires verts.<\/p>\n","protected":false},"excerpt":{"rendered":"A quelques mois du 1er tour des \u00e9lections municipales, Gr\u00e9gory Doucet a-t-il trouv\u00e9 la parade \u00e0 la crise&hellip;\n","protected":false},"author":2,"featured_media":415750,"comment_status":"","ping_status":"","sticky":false,"template":"","format":"standard","meta":{"footnotes":""},"categories":[1889],"tags":[1111,11,2813,2190,2430,1109,251,1112,2811,1777,674,118,1011,27,1922,1110,1114,2428,2810,12,241,316,25,2812,517,800],"class_list":{"0":"post-415749","1":"post","2":"type-post","3":"status-publish","4":"format-standard","5":"has-post-thumbnail","7":"category-lyon","8":"tag-actu","9":"tag-actualites","10":"tag-article","11":"tag-asvel","12":"tag-auvergne-rhone-alpes","13":"tag-breves","14":"tag-culture","15":"tag-depeches","16":"tag-economique","17":"tag-eu","18":"tag-europe","19":"tag-faits-divers","20":"tag-fr","21":"tag-france","22":"tag-info","23":"tag-informations","24":"tag-infos","25":"tag-lyon","26":"tag-lyonmag","27":"tag-news","28":"tag-ol","29":"tag-politique","30":"tag-republique-francaise","31":"tag-sociale","32":"tag-sport","33":"tag-transports"},"share_on_mastodon":{"url":"https:\/\/pubeurope.com\/@fr\/115263343363645812","error":""},"_links":{"self":[{"href":"https:\/\/www.europesays.com\/fr\/wp-json\/wp\/v2\/posts\/415749","targetHints":{"allow":["GET"]}}],"collection":[{"href":"https:\/\/www.europesays.com\/fr\/wp-json\/wp\/v2\/posts"}],"about":[{"href":"https:\/\/www.europesays.com\/fr\/wp-json\/wp\/v2\/types\/post"}],"author":[{"embeddable":true,"href":"https:\/\/www.europesays.com\/fr\/wp-json\/wp\/v2\/users\/2"}],"replies":[{"embeddable":true,"href":"https:\/\/www.europesays.com\/fr\/wp-json\/wp\/v2\/comments?post=415749"}],"version-history":[{"count":0,"href":"https:\/\/www.europesays.com\/fr\/wp-json\/wp\/v2\/posts\/415749\/revisions"}],"wp:featuredmedia":[{"embeddable":true,"href":"https:\/\/www.europesays.com\/fr\/wp-json\/wp\/v2\/media\/415750"}],"wp:attachment":[{"href":"https:\/\/www.europesays.com\/fr\/wp-json\/wp\/v2\/media?parent=415749"}],"wp:term":[{"taxonomy":"category","embeddable":true,"href":"https:\/\/www.europesays.com\/fr\/wp-json\/wp\/v2\/categories?post=415749"},{"taxonomy":"post_tag","embeddable":true,"href":"https:\/\/www.europesays.com\/fr\/wp-json\/wp\/v2\/tags?post=415749"}],"curies":[{"name":"wp","href":"https:\/\/api.w.org\/{rel}","templated":true}]}}