{"id":415756,"date":"2025-09-25T05:46:16","date_gmt":"2025-09-25T05:46:16","guid":{"rendered":"https:\/\/www.europesays.com\/fr\/415756\/"},"modified":"2025-09-25T05:46:16","modified_gmt":"2025-09-25T05:46:16","slug":"la-liste-des-points-de-vente-a-paris-et-en-ile-de-france","status":"publish","type":"post","link":"https:\/\/www.europesays.com\/fr\/415756\/","title":{"rendered":"la liste des points de vente \u00e0 Paris et en \u00cele-de-France"},"content":{"rendered":"<p>            Par<br \/>\n        <strong><br \/>\n            <a href=\"https:\/\/actu.fr\/auteur\/marie-amelie-marchal\" title=\"Consulter tous les articles de Marie Amelie Marchal\" rel=\"nofollow noopener\" target=\"_blank\">Marie Amelie Marchal<\/a><br \/>\n        <\/strong><\/p>\n<p>        Publi\u00e9 le<\/p>\n<p>            25 sept. 2025 \u00e0 6h44        <\/p>\n<p>Diddl is back\u2009! La souris star des ann\u00e9es 2000 est de retour apr\u00e8s une (trop) longue absence. Disparue depuis 2010, elle va faire son retour dans les rayons d\u00e8s le<strong> mois d\u2019octobre\u00a02025<\/strong>. Apr\u00e8s avoir d\u00e9voil\u00e9 en avant-premi\u00e8re, mercredi 24 septembre 2025, leurs produits au <a href=\"https:\/\/actu.fr\/hauts-de-france\/lille_59350\/diddl-ladorable-souris-des-annees-2000-choisi-lille-pour-son-grand-retour-en-france_62994560.html\" rel=\"nofollow noopener\" target=\"_blank\">Furet du Nord \u00e0 Lille<\/a> (Nord), Diddl, Diddlina et Pimboli seront \u00e0 retrouver \u00e0 <a href=\"https:\/\/actu.fr\/paris\/\" rel=\"nofollow noopener\" target=\"_blank\">Paris<\/a> et en petite couronne.\u00a0actu Paris a dress\u00e9 la liste des \u00e9tablissements o\u00f9 faire le plein de <strong>peluches, papeterie<\/strong> et autre <strong>bagagerie.<\/strong><\/p>\n<p>Grand retour des papiers parfum\u00e9s dans les cours de r\u00e9cr\u00e9<\/p>\n<p class=\" wall-content\">N\u00e9e sous les crayons de Thomas Goletz, la<strong> petite souris gerboise aux pieds d\u00e9mesur\u00e9s<\/strong> fait son retour dans les rayons.<strong> Papiers parfum\u00e9s<\/strong> \u00e0 \u00e9changer \u00e0 la r\u00e9cr\u00e9, porte-cl\u00e9s \u00e0 collectionner ou encore<strong> journaux intimes<\/strong> ou d\u2019amiti\u00e9 \u00e0 l\u2019effigie de Diddl \u00e0 noircir, c\u2019est tout un monde qui va rena\u00eetre cet automne.<\/p>\n<p class=\" wall-content\">Si les petits piaffent d\u00e9j\u00e0 pour avoir leur souris au pied du sapin, voici la liste des points de vente o\u00f9 s\u2019offrir un bout des ann\u00e9es 1990 et faire plaisir aux nouvelles g\u00e9n\u00e9rations.<\/p>\n<p>    <img   decoding=\"async\" loading=\"lazy\" src=\"https:\/\/www.europesays.com\/fr\/wp-content\/uploads\/2025\/09\/img-1396-960x640.jpg\" alt=\"A Lille o\u00f9 les fans ont pu d\u00e9couvrir en avant-premi\u00e8re les objets Diddl, un mug co\u00fbte 9,99 euros et un petit paquet de feuilles parfum\u00e9es 4,99 euros.\" width=\"960\" height=\"640\"\/><br \/>\n    \u00c0 Lille o\u00f9 les fans ont pu d\u00e9couvrir en avant-premi\u00e8re les objets Diddl, un mug co\u00fbte 9,99\u00a0euros et un petit paquet de feuilles parfum\u00e9es 4,99\u00a0euros. (\u00a9HM \/ actu Paris)Paris<\/p>\n<ul class=\" wall-content\">\n<li>La Grande r\u00e9cr\u00e9, boulevard Poissonni\u00e8re<\/li>\n<li>Rougier et Pl\u00e9 \u2013 Filles du Calvaire, 21 rue Commines<\/li>\n<li>Yolo Baby, 46 rue des Fosses Saint Bernard<\/li>\n<li>La Papetheque \u2013 Papeterie latine, 26 rue Soufflot<\/li>\n<li>Librairie Le Petit ruisseau, 65 rue Monge<\/li>\n<li>Gibert Joseph papeterie, 34 boulevard Saint-Michel<\/li>\n<li>Rougier et Pl\u00e9 \u2013 Saint-Germain, 108 bd Saint-Germain<\/li>\n<li>Papeterie Loises, 80 rue Saint-Dominique<\/li>\n<li>La Grande r\u00e9cr\u00e9, 126 rue de la Bo\u00e9tie<\/li>\n<li>Le Bruit du papier Paris, 27 rue Marguerite de Rochechouart<\/li>\n<li>Le Bon Ton, 26 rue de Navarin<\/li>\n<li>Rougier et Pl\u00e9, 5 ter cit\u00e9 Voltaire<\/li>\n<li>Jou\u00e9 Club, 16 Fabre D\u2019Eglantine<\/li>\n<li>Yolo Baby, 20 bis rue de Reuilly<\/li>\n<li>Gibert Joseph, 21 rue Lagroua Weill Halle<\/li>\n<li>La Grande r\u00e9cr\u00e9, centre commercial Italie 2<\/li>\n<li>Rougier et Pl\u00e9, centre commercial Italie 2<\/li>\n<li>La Grande r\u00e9cr\u00e9, 120 rue d\u2019Al\u00e9sia<\/li>\n<li>L\u2019Emile, 136 avenue Emile Zola<\/li>\n<li>La Grande r\u00e9cr\u00e9, 38 rue Linois<\/li>\n<li>Le Divan librairie, 203 rue de la Convention<\/li>\n<li>Rougier et Pl\u00e9 Lecourbe, 157-159 rue Lecourbe<\/li>\n<li>Librairie Valentin, 16 rue Valentin Hauy<\/li>\n<li>Mazaud, 24 rue Balard<\/li>\n<li>La Grande r\u00e9cr\u00e9, centre commercial Passy Plaza<\/li>\n<li>Born to be kids, 65 rue de Boulainvilliers<\/li>\n<li>Le Monde de Sophie, 23 rue Levis<\/li>\n<li>L\u2019\u00e9cole buissonni\u00e8re, 2 place Charles Fillion<\/li>\n<li>Les Marchandes de jouets, 83 rue de Levis<\/li>\n<li>La Grande r\u00e9cr\u00e9, 7-11 boulevard Barbes<\/li>\n<li>You &amp; Me Paris, 95 rue des Martyrs<\/li>\n<li>Quai des songes, 7-21 quai de la Loire<\/li>\n<li>La Grande r\u00e9cr\u00e9, 12 avenue de la porte des Lilas<\/li>\n<li>BHV<\/li>\n<\/ul>\n<p>Hauts-de-Seine<\/p>\n<ul class=\" wall-content\">\n<li>Tabac presse, 54 rue Marcel Bontemps, Boulogne-Billancourt<\/li>\n<li>Bureau Vall\u00e9e, 119 avenue de la R\u00e9publique, Montrouge<\/li>\n<li>Librairie Nati, 28 rue Jean-Pierre Timbaud, Issy-les-Moulineaux<\/li>\n<li>Les Beaux Papiers, 2 villa cour Creuse, Clamart<\/li>\n<li>Librairie Le point de cot\u00e9, 24 place Henry IV, Suresnes<\/li>\n<li>Les 400\u00a0coups, 8 rue jean moulin, Antony<\/li>\n<li>Lamartine, 102 avenue Achille Peretti, Neuilly-sur-Seine<\/li>\n<li>Motif personnel \/ 7eme \u00e9toile, 98 avenue de Verdun, Bois-Colombes<\/li>\n<li>Librairie nouvelle &amp; cie, 67 et 69 rue des Bourguignons, Bois-Colombes<\/li>\n<li>La Grande r\u00e9cr\u00e9, centre commercial So Ouest, Levallois-Perret<\/li>\n<li>Decitre, centre commercial So Ouest, Levallois-Perret<\/li>\n<li>La tribu, 7 rue Henri Barbusse, Levallois-Perret<\/li>\n<li>The magical store, 33 rue Deguingnand, Levallois-Perret<\/li>\n<li>Plu\u00fbme baby store Sceaux, 8 rue Michel Charaire, Sceaux<\/li>\n<li>Volantines, 118 avenue du g\u00e9n\u00e9ral Leclerc, Bourg-la-Reine<\/li>\n<li>La Grande r\u00e9cr\u00e9, centre commercial Qwartz, Villeneuve-la-Garenne<\/li>\n<li>La Grande r\u00e9cr\u00e9, 49 rue de Bezons, Courbevoie<\/li>\n<li>Funso, centre commercial Cnit, Courbevoie<\/li>\n<li>Merlinpinpin, 98 boulevard de la R\u00e9publique, Vaucresson<\/li>\n<li>My kozy shop Rueil Malmaison, 21 rue Maurepas, Rueil-Malmaison<\/li>\n<li>Librairie Nouvelle, 57 grande rue Charles-de-Gaulle, Asni\u00e8res<\/li>\n<li>L\u2019univers de L\u00e9o La D\u00e9fense, galerie commerciale La D\u00e9fense, Puteaux<\/li>\n<\/ul>\n<p>Seine-Saint-Denis<\/p>\n<ul class=\" wall-content\">\n<li>La petite \u00e9picerie Vincennes, 66 rue marceau, Montreuil<\/li>\n<li>La Grande r\u00e9cr\u00e9, centre commercial Rosny 2, Rosny-sous-Bois<\/li>\n<li>The magical store, 186 avenue du g\u00e9n\u00e9ral de Gaulle, Rosny-sous-Bois<\/li>\n<li>Furet Aeroville, rue des buissons, Tremblay-en-France<\/li>\n<li>Espace culturel Leclerc, centre commercial Clichy 2, Clichy-sous-Bois<\/li>\n<li>My kozy shop Parinor, centre commercial O\u2019parinnor, Aulnay-sous-Bois<\/li>\n<\/ul>\n<p>Votre r\u00e9gion, votre actu !<\/p>\n<p>Recevez chaque jour les infos qui comptent pour vous.<\/p>\n<p>\t<a href=\"https:\/\/actu.fr\/newsletter\" class=\"ac-btn ac-btn--corner ac-btn--medium ac-btn--blue800\" rel=\"nofollow noopener\" target=\"_blank\">S&rsquo;incrire<\/a><br \/>\nVal-de-Marne<\/p>\n<ul class=\" wall-content\">\n<li>La Grande r\u00e9cr\u00e9, centre commercial Cr\u00e9teil Soleil, Cr\u00e9teil<\/li>\n<li>Loulou, 29 rue du g\u00e9n\u00e9ral Leclerc, Cr\u00e9teil<\/li>\n<li>Bibouille, 14 rue Baratte Cholet, Saint-Maur-des-Foss\u00e9s<\/li>\n<li>La Grande r\u00e9cr\u00e9, zac des portes d\u2019Arcueil, Arcueil<\/li>\n<li>Furet du nord \u2013 Arcueil, carrefour de la Vache noire, Arcueil<\/li>\n<li>My kozy shop Arcueil (bas), rue Margerite Legrange, Arcueil<\/li>\n<li>Librairie La Flibuste Fontenay, 3 rue Jean Jacques Rousseau, Fontenay-sous-Bois<\/li>\n<li>Angelique SARL, 117 gde rue Charles de Gaulle, Nogent-sur-Marne<\/li>\n<li>Le Saut de puces, 96 rue Paul Vaillant Couturier, Alfortville<\/li>\n<li>Joue club, 4 rue de l\u2019\u00e9glise, Vincennes<\/li>\n<li>Leclerc jouets Orly, 8 voie du fer \u00e0 cheval, Orly<\/li>\n<li>La Grande r\u00e9cr\u00e9, centre commercial Les Armoiries, Bry-sur-Marne<\/li>\n<li>Papeterie Cambon \u2013 les jolies choses, 2 bis rue du temple, Sucy-en-Brie<\/li>\n<li>Leclerc jouet Bonneuil, 5 avenue des roses, Bonneuil-sur-Marne<\/li>\n<li>La Grande r\u00e9cr\u00e9, centre commercial Belle \u00c9pine, Thiais<\/li>\n<li>Bibouille, 74 avenue Gambetta, Maisons-Alfort<\/li>\n<\/ul>\n<p class=\" wall-content\">Personnalisez votre actualit\u00e9 en ajoutant vos villes et m\u00e9dias en favori avec <a href=\"https:\/\/moncompte.actu.fr\" title=\"D\u00e9couvez Mon Actu\" rel=\"nofollow noopener\" data-trk=\"{&quot;cta&quot;:{&quot;action&quot;:&quot;https:\\\/\\\/moncompte.actu.fr&quot;,&quot;category&quot;:&quot;mon compte&quot;,&quot;from&quot;:&quot;article footer&quot;,&quot;name&quot;:&quot;Mon actu&quot;,&quot;type&quot;:&quot;cta&quot;}}\" target=\"_blank\">Mon Actu<\/a>.<\/p>\n","protected":false},"excerpt":{"rendered":"Par Marie Amelie Marchal Publi\u00e9 le 25 sept. 2025 \u00e0 6h44 Diddl is back\u2009! La souris star des&hellip;\n","protected":false},"author":2,"featured_media":415757,"comment_status":"","ping_status":"","sticky":false,"template":"","format":"standard","meta":{"footnotes":""},"categories":[1888],"tags":[1111,1928,11,1927,215,130,33,1777,674,1011,27,12,1926,626,1925,25],"class_list":{"0":"post-415756","1":"post","2":"type-post","3":"status-publish","4":"format-standard","5":"has-post-thumbnail","7":"category-paris","8":"tag-actu","9":"tag-actu-paris","10":"tag-actualites","11":"tag-actualites-paris","12":"tag-commerce","13":"tag-consommation","14":"tag-economie","15":"tag-eu","16":"tag-europe","17":"tag-fr","18":"tag-france","19":"tag-news","20":"tag-news-paris","21":"tag-paris","22":"tag-paris-news","23":"tag-republique-francaise"},"share_on_mastodon":{"url":"https:\/\/pubeurope.com\/@fr\/115263359515579560","error":""},"_links":{"self":[{"href":"https:\/\/www.europesays.com\/fr\/wp-json\/wp\/v2\/posts\/415756","targetHints":{"allow":["GET"]}}],"collection":[{"href":"https:\/\/www.europesays.com\/fr\/wp-json\/wp\/v2\/posts"}],"about":[{"href":"https:\/\/www.europesays.com\/fr\/wp-json\/wp\/v2\/types\/post"}],"author":[{"embeddable":true,"href":"https:\/\/www.europesays.com\/fr\/wp-json\/wp\/v2\/users\/2"}],"replies":[{"embeddable":true,"href":"https:\/\/www.europesays.com\/fr\/wp-json\/wp\/v2\/comments?post=415756"}],"version-history":[{"count":0,"href":"https:\/\/www.europesays.com\/fr\/wp-json\/wp\/v2\/posts\/415756\/revisions"}],"wp:featuredmedia":[{"embeddable":true,"href":"https:\/\/www.europesays.com\/fr\/wp-json\/wp\/v2\/media\/415757"}],"wp:attachment":[{"href":"https:\/\/www.europesays.com\/fr\/wp-json\/wp\/v2\/media?parent=415756"}],"wp:term":[{"taxonomy":"category","embeddable":true,"href":"https:\/\/www.europesays.com\/fr\/wp-json\/wp\/v2\/categories?post=415756"},{"taxonomy":"post_tag","embeddable":true,"href":"https:\/\/www.europesays.com\/fr\/wp-json\/wp\/v2\/tags?post=415756"}],"curies":[{"name":"wp","href":"https:\/\/api.w.org\/{rel}","templated":true}]}}