{"id":415760,"date":"2025-09-25T05:48:18","date_gmt":"2025-09-25T05:48:18","guid":{"rendered":"https:\/\/www.europesays.com\/fr\/415760\/"},"modified":"2025-09-25T05:48:18","modified_gmt":"2025-09-25T05:48:18","slug":"une-femme-armee-dune-machette-menace-des-employes-de-la-poste","status":"publish","type":"post","link":"https:\/\/www.europesays.com\/fr\/415760\/","title":{"rendered":"une femme arm\u00e9e d&rsquo;une machette menace des employ\u00e9s de La Poste"},"content":{"rendered":"<p>            Par<br \/>\n        <strong><br \/>\n            <a href=\"https:\/\/actu.fr\/auteur\/antoine-blanchet\" title=\"Consulter tous les articles de Antoine Blanchet\" rel=\"nofollow noopener\" target=\"_blank\">Antoine Blanchet<\/a><br \/>\n        <\/strong><\/p>\n<p>        Publi\u00e9 le<\/p>\n<p>            24 sept. 2025 \u00e0 18h10        <\/p>\n<p>Les raisons de ses actes restent \u00e0 d\u00e9terminer. Ce mercredi 24\u00a0septembre 2025, une femme<strong> a menac\u00e9 avec des armes blanches<\/strong> des employ\u00e9s d\u2019un bureau de <a href=\"https:\/\/actu.fr\/tag\/la-poste\" rel=\"nofollow noopener\" target=\"_blank\">La Poste<\/a> \u00e0 <a href=\"https:\/\/actu.fr\/ile-de-france\/courbevoie_92026\" rel=\"nofollow noopener\" target=\"_blank\">Courbevoie<\/a> (<a href=\"https:\/\/actu.fr\/ile-de-france\/hauts-de-seine_92\" rel=\"nofollow noopener\" target=\"_blank\">Hauts-de-Seine<\/a>), nous indiquent des sources concordantes. Elle a \u00e9t\u00e9 interpell\u00e9e. Aucun bless\u00e9 n\u2019est \u00e0 d\u00e9plorer.<\/p>\n<p>Le bureau ferm\u00e9 tout l\u2019apr\u00e8s-midi<\/p>\n<p class=\" wall-content\">Les faits se sont produits vers 13\u00a0heures au sein du bureau de poste situ\u00e9 sur l\u2019avenue Marceau. Selon une source polici\u00e8re, une femme arm\u00e9e d\u2019un couteau et d\u2019une machette aurait menac\u00e9 plusieurs employ\u00e9s. Appel\u00e9s sur les lieux, les policiers ont tr\u00e8s vite proc\u00e9d\u00e9 \u00e0 son arrestation.<\/p>\n<p class=\" wall-content\">Apr\u00e8s cette agression, le bureau de poste a \u00e9t\u00e9 ferm\u00e9 tout l\u2019apr\u00e8s-midi et devrait rouvrir ce jeudi aux horaires habituels, nous indique le groupe La Poste.\u00a0L\u2019entreprise a par ailleurs d\u00e9pos\u00e9 plainte et ouvert une <strong>cellule psychologique<\/strong> pour les employ\u00e9s victimes.<\/p>\n<p class=\" wall-content\">Personnalisez votre actualit\u00e9 en ajoutant vos villes et m\u00e9dias en favori avec <a href=\"https:\/\/moncompte.actu.fr\" title=\"D\u00e9couvez Mon Actu\" rel=\"nofollow noopener\" data-trk=\"{&quot;cta&quot;:{&quot;action&quot;:&quot;https:\\\/\\\/moncompte.actu.fr&quot;,&quot;category&quot;:&quot;mon compte&quot;,&quot;from&quot;:&quot;article footer&quot;,&quot;name&quot;:&quot;Mon actu&quot;,&quot;type&quot;:&quot;cta&quot;}}\" target=\"_blank\">Mon Actu<\/a>.<\/p>\n","protected":false},"excerpt":{"rendered":"Par Antoine Blanchet Publi\u00e9 le 24 sept. 2025 \u00e0 18h10 Les raisons de ses actes restent \u00e0 d\u00e9terminer.&hellip;\n","protected":false},"author":2,"featured_media":413890,"comment_status":"","ping_status":"","sticky":false,"template":"","format":"standard","meta":{"footnotes":""},"categories":[1888],"tags":[11,1777,674,118,1011,27,3316,12,626,1072,25],"class_list":{"0":"post-415760","1":"post","2":"type-post","3":"status-publish","4":"format-standard","5":"has-post-thumbnail","7":"category-paris","8":"tag-actualites","9":"tag-eu","10":"tag-europe","11":"tag-faits-divers","12":"tag-fr","13":"tag-france","14":"tag-la-poste","15":"tag-news","16":"tag-paris","17":"tag-police","18":"tag-republique-francaise"},"share_on_mastodon":{"url":"https:\/\/pubeurope.com\/@fr\/115263367028248408","error":""},"_links":{"self":[{"href":"https:\/\/www.europesays.com\/fr\/wp-json\/wp\/v2\/posts\/415760","targetHints":{"allow":["GET"]}}],"collection":[{"href":"https:\/\/www.europesays.com\/fr\/wp-json\/wp\/v2\/posts"}],"about":[{"href":"https:\/\/www.europesays.com\/fr\/wp-json\/wp\/v2\/types\/post"}],"author":[{"embeddable":true,"href":"https:\/\/www.europesays.com\/fr\/wp-json\/wp\/v2\/users\/2"}],"replies":[{"embeddable":true,"href":"https:\/\/www.europesays.com\/fr\/wp-json\/wp\/v2\/comments?post=415760"}],"version-history":[{"count":0,"href":"https:\/\/www.europesays.com\/fr\/wp-json\/wp\/v2\/posts\/415760\/revisions"}],"wp:featuredmedia":[{"embeddable":true,"href":"https:\/\/www.europesays.com\/fr\/wp-json\/wp\/v2\/media\/413890"}],"wp:attachment":[{"href":"https:\/\/www.europesays.com\/fr\/wp-json\/wp\/v2\/media?parent=415760"}],"wp:term":[{"taxonomy":"category","embeddable":true,"href":"https:\/\/www.europesays.com\/fr\/wp-json\/wp\/v2\/categories?post=415760"},{"taxonomy":"post_tag","embeddable":true,"href":"https:\/\/www.europesays.com\/fr\/wp-json\/wp\/v2\/tags?post=415760"}],"curies":[{"name":"wp","href":"https:\/\/api.w.org\/{rel}","templated":true}]}}