{"id":415765,"date":"2025-09-25T05:51:14","date_gmt":"2025-09-25T05:51:14","guid":{"rendered":"https:\/\/www.europesays.com\/fr\/415765\/"},"modified":"2025-09-25T05:51:14","modified_gmt":"2025-09-25T05:51:14","slug":"selon-vance-trump-est-de-plus-en-plus-impatient-vis-a-vis-de-moscou","status":"publish","type":"post","link":"https:\/\/www.europesays.com\/fr\/415765\/","title":{"rendered":"Selon Vance, Trump est de plus en plus \u00ab\u00a0impatient\u00a0\u00bb vis-\u00e0-vis de Moscou\u2026"},"content":{"rendered":"<p>Macron n&rsquo;envisage pas d&rsquo;abattre d&rsquo;avion si la Russie poursuit ses provocations<\/p>\n<p>Emmanuel Macron a affirm\u00e9 mercredi que les pays de l&rsquo;Otan devaient \u00ab monter d&rsquo;un cran \u00bb leur riposte en cas de \u00ab nouvelles provocations \u00bb de la Russie, notamment dans l&rsquo;espace a\u00e9rien de l&rsquo;Europe de l&rsquo;Est, dans un entretien \u00e0 la chaine France 24 et \u00e0 Radio France internationale.<\/p>\n<p>\u00ab \u00c7a veut dire que si quelqu&rsquo;un vous provoque \u00e0 nouveau, vous devez r\u00e9agir de mani\u00e8re un peu plus forte \u00bb, a expliqu\u00e9 le pr\u00e9sident fran\u00e7ais depuis New York, o\u00f9 il participe \u00e0 l&rsquo;Assembl\u00e9e g\u00e9n\u00e9rale annuelle de l&rsquo;ONU.<\/p>\n<p>Mais, face \u00e0 ces \u00ab tests \u00bb de l&rsquo;arm\u00e9e russe, \u00ab on ne va pas ouvrir le feu \u00bb, a ajout\u00e9 Emmanuel Macron, contredisant sur ce point le pr\u00e9sident am\u00e9ricain Donald Trump. Selon le chef de l&rsquo;Etat fran\u00e7ais, l&rsquo;Otan a eu \u00e0 ce stade une r\u00e9action collective \u00ab proportionn\u00e9e \u00bb apr\u00e8s plusieurs incursions de drones et avions russes dans son espace a\u00e9rien.<\/p>\n<p>Selon Vance, Trump est de plus en plus \u00ab\u00a0impatient\u00a0\u00bb vis-\u00e0-vis de Moscou<\/p>\n<p>Le vice-pr\u00e9sident am\u00e9ricain J.D. Vance a d\u00e9clar\u00e9 mercredi que Donald Trump \u00e9tait de plus en plus \u00ab\u00a0impatient\u00a0\u00bb vis-\u00e0-vis de Moscou. Selon lui, le pr\u00e9sident am\u00e9ricain estime que les Russes \u00ab\u00a0n\u2019apportent pas suffisamment d\u2019\u00e9l\u00e9ments pour mettre fin \u00e0 la guerre\u00a0\u00bb.<\/p>\n<p>\u00ab\u00a0Si les Russes refusent de n\u00e9gocier de bonne foi, je pense que ce sera tr\u00e8s, tr\u00e8s mauvais pour leur pays. C\u2019est ce que le pr\u00e9sident a clairement soulign\u00e9\u00a0\u00bb, a encore dit J.D. Vance \u00e0 des journalistes lors d\u2019un d\u00e9placement en Caroline du Nord.<\/p>\n<p>Lavrov accuse l\u2019Europe et l\u2019Ukraine de prolonger le conflit<\/p>\n<p>Le ministre russe des Affaires \u00e9trang\u00e8res a d\u00e9clar\u00e9 mercredi \u00e0 son homologue am\u00e9ricain Marco Rubio que Kiev et les pays europ\u00e9ens \u00e9taient responsables de la prolongation du conflit en Ukraine, a indiqu\u00e9 son minist\u00e8re. Lors d\u2019une rencontre avec Marco Rubio en marge de l\u2019Assembl\u00e9e g\u00e9n\u00e9rale des Nations unies \u00e0 New York, Sergue\u00ef Lavrov \u00ab\u00a0a soulign\u00e9 le caract\u00e8re inacceptable des man\u0153uvres men\u00e9es par Kiev et certaines capitales europ\u00e9ennes visant \u00e0 prolonger le conflit\u00a0\u00bb.<\/p>\n<p>Bienvenue dans ce nouveau Live<\/p>\n<p>Bonjour \u00e0 toutes et \u00e0 tous. Comme chaque jour, la r\u00e9daction de 20 Minutes est mobilis\u00e9e pour vous donner l\u2019ensemble des informations sur le conflit entre Kiev et Moscou.<\/p>\n<p>D\u00e9sormais, cette guerre est la source d\u2019une forte tension entre les Etats-Unis et la Russie. Consid\u00e9rant que Vladimir Poutine ne fait rien pour aller vers la paix, Donald Trump a chang\u00e9 radicalement mardi son approche du conflit en se tournant vers Volodymyr Zelensky plut\u00f4t que vers le ma\u00eetre du Kremlin. Une aubaine pour l&rsquo;Ukraine.<\/p>\n","protected":false},"excerpt":{"rendered":"Macron n&rsquo;envisage pas d&rsquo;abattre d&rsquo;avion si la Russie poursuit ses provocations Emmanuel Macron a affirm\u00e9 mercredi que les&hellip;\n","protected":false},"author":2,"featured_media":415766,"comment_status":"","ping_status":"","sticky":false,"template":"","format":"standard","meta":{"footnotes":""},"categories":[1590],"tags":[47,11,75,73,1777,674,131,74,12,132,220,133,135,134],"class_list":{"0":"post-415765","1":"post","2":"type-post","3":"status-publish","4":"format-standard","5":"has-post-thumbnail","7":"category-ukraine","8":"tag-actualite","9":"tag-actualites","10":"tag-donald-trump","11":"tag-etats-unis","12":"tag-eu","13":"tag-europe","14":"tag-guerre-en-ukraine","15":"tag-monde","16":"tag-news","17":"tag-russie","18":"tag-ukraine","19":"tag-video","20":"tag-vladimir-poutine","21":"tag-volodymyr-zelensky"},"share_on_mastodon":{"url":"https:\/\/pubeurope.com\/@fr\/115263378800253886","error":""},"_links":{"self":[{"href":"https:\/\/www.europesays.com\/fr\/wp-json\/wp\/v2\/posts\/415765","targetHints":{"allow":["GET"]}}],"collection":[{"href":"https:\/\/www.europesays.com\/fr\/wp-json\/wp\/v2\/posts"}],"about":[{"href":"https:\/\/www.europesays.com\/fr\/wp-json\/wp\/v2\/types\/post"}],"author":[{"embeddable":true,"href":"https:\/\/www.europesays.com\/fr\/wp-json\/wp\/v2\/users\/2"}],"replies":[{"embeddable":true,"href":"https:\/\/www.europesays.com\/fr\/wp-json\/wp\/v2\/comments?post=415765"}],"version-history":[{"count":0,"href":"https:\/\/www.europesays.com\/fr\/wp-json\/wp\/v2\/posts\/415765\/revisions"}],"wp:featuredmedia":[{"embeddable":true,"href":"https:\/\/www.europesays.com\/fr\/wp-json\/wp\/v2\/media\/415766"}],"wp:attachment":[{"href":"https:\/\/www.europesays.com\/fr\/wp-json\/wp\/v2\/media?parent=415765"}],"wp:term":[{"taxonomy":"category","embeddable":true,"href":"https:\/\/www.europesays.com\/fr\/wp-json\/wp\/v2\/categories?post=415765"},{"taxonomy":"post_tag","embeddable":true,"href":"https:\/\/www.europesays.com\/fr\/wp-json\/wp\/v2\/tags?post=415765"}],"curies":[{"name":"wp","href":"https:\/\/api.w.org\/{rel}","templated":true}]}}